{"id":24418,"date":"2023-07-25T16:56:15","date_gmt":"2023-07-25T16:56:15","guid":{"rendered":"http:\/\/www.slineamt.ro\/apostolul\/?p=24418"},"modified":"2023-07-25T16:56:15","modified_gmt":"2023-07-25T16:56:15","slug":"legile-educatiei-promulgate-in-cadru-festiv-si-ce","status":"publish","type":"post","link":"http:\/\/www.slineamt.ro\/apostolul\/eveniment\/legile-educatiei-promulgate-in-cadru-festiv-si-ce\/","title":{"rendered":"Legile Educa\u0163iei, promulgate \u00een cadru festiv. \u015ei ce?"},"content":{"rendered":"<div class=\"wp-block-image\">\n<figure class=\"alignleft size-full is-resized\"><a href=\"http:\/\/www.slineamt.ro\/apostolul\/wp-content\/uploads\/2023\/07\/16-ap263-foto1.jpg\"><img loading=\"lazy\" decoding=\"async\" src=\"http:\/\/www.slineamt.ro\/apostolul\/wp-content\/uploads\/2023\/07\/16-ap263-foto1.jpg\" alt=\"\" class=\"wp-image-24419\" width=\"449\" height=\"198\" srcset=\"http:\/\/www.slineamt.ro\/apostolul\/wp-content\/uploads\/2023\/07\/16-ap263-foto1.jpg 602w, http:\/\/www.slineamt.ro\/apostolul\/wp-content\/uploads\/2023\/07\/16-ap263-foto1-300x132.jpg 300w, http:\/\/www.slineamt.ro\/apostolul\/wp-content\/uploads\/2023\/07\/16-ap263-foto1-560x247.jpg 560w, http:\/\/www.slineamt.ro\/apostolul\/wp-content\/uploads\/2023\/07\/16-ap263-foto1-260x114.jpg 260w, http:\/\/www.slineamt.ro\/apostolul\/wp-content\/uploads\/2023\/07\/16-ap263-foto1-160x70.jpg 160w\" sizes=\"auto, (max-width: 449px) 100vw, 449px\" \/><\/a><\/figure>\n<\/div>\n\n\n<p>Pre\u015fedintele Klaus Iohannis a promulgat pe 4 iulie a. c., \u00een prezen\u0163a mai multor mini\u015ftri, judec\u0103tori de la CCR \u015fi a unor lideri liberali, cele dou\u0103 legi ale Educa\u0163iei \u2013 Legea pentru \u00eenv\u0103\u0163\u0103m\u00e2ntul preuniversitar \u015fi cea pentru \u00eenv\u0103\u0163\u0103m\u00e2ntul superior. Festivitatea a avut loc la nou\u0103 ani de c\u00e2nd Klaus Iohannis a ob\u0163inut primul mandat de pre\u015fedinte al \u0163\u0103rii \u015fi a lansat proiectul s\u0103u de suflet \u201eRom\u00e2nia Educat\u0103\u201d. O lege foarte criticat\u0103 de exper\u0163i din \u0163ar\u0103 \u015fi cu multe probleme identificate de speciali\u015ftii OECD.<\/p>\n\n\n\n<p>Cu aceast\u0103 ceremonie, pre\u015fedintele a anun\u0163at \u00eendeplinirea angajamentului Rom\u00e2niei Educate: \u201e<strong>Cu Legile pe care le-am promulgat ast\u0103zi pun bazele unei Rom\u00e2nii care este conectat\u0103 la evolu\u0163iile secolului al XXI-lea \u015fi care beneficiaz\u0103 din plin de oportunit\u0103\u0163ile viitorului.<\/strong>\u201d<\/p>\n\n\n\n<p><strong>Legile educa\u0163iei<\/strong>, promovate de Guvern \u015fi adoptate de Parlament, s-au \u00eentemeiat pe un raport din 2021 al Pre\u015fedin\u0163iei, neasumat de nicio persoan\u0103. Proiectul descrie o \u201eviziune strategic\u0103\u201d pentru educa\u0163ie p\u00e2n\u0103 \u00een 2030, legile fiind \u00een mod declarativ rezultatul proiectului \u201eRom\u00e2nia Educat\u0103\u201d, lansat cu \u015fapte ani \u00een urm\u0103.<\/p>\n\n\n\n<p>\u201eRom\u00e2nia Educat\u0103\u201d a fost declarat de pre\u015fedintele Iohannis drept principalul s\u0103u proiect ca \u015fef al statului, pentru care a dedicat \u015fapte ani din cele dou\u0103 mandate ale sale. Proiectul a fost anun\u0163at la doar cinci ani de ce o lege a educa\u0163iei fusese adoptat\u0103 \u015fi propunea o serie de reforme, dintre care multe nu au fost nici p\u00e2n\u0103 acum puse \u00een practic\u0103. Proiectul a \u00eenceput cu o dezbatere public\u0103 derulat\u0103 \u00een 2016-2018, \u00een 2018 a fost publicat\u0103 o viziune de \u0163ar\u0103 pentru educa\u0163ie cu orizontul anului 2030, dup\u0103 care s-au scurs \u00eenc\u0103 trei ani p\u00e2n\u0103 c\u00e2nd, \u00een 2021, a fost publicat raportul final. Proiectul \u201eRom\u00e2nia Educat\u0103\u201d, a c\u0103rui \u201eopera\u0163ionalizare\u201d e prev\u0103zut\u0103 \u00een <strong>Strategia Na\u0163ional\u0103 de Ap\u0103rare a \u0162\u0103rii<\/strong>, dup\u0103 cum spune Pre\u015fedin\u0163ia, trebuia transformat rapid \u00een lege, dar a mai durat un an \u015fi jum\u0103tate \u015fi dou\u0103 runde separate de consult\u0103ri p\u00e2n\u0103 c\u00e2nd cele dou\u0103 proiecte de lege, ini\u0163iate de Sorin C\u00e2mpeanu \u015fi continuate de Ligia Deca, au fost trimise de Guvern \u00een Parlament \u00een prima parte a acestui an. Acolo, procesul de dezbatere \u015fi aprobare a durat foarte pu\u0163in, legile fiind votate \u00een Senat, camer\u0103 decizional\u0103, pe 22 mai, chiar \u00een ziua \u00een care a \u00eenceput prima grev\u0103 general\u0103 a profesorilor din ultimii 18 ani. \u00cen timpul grevei, pre\u015fedintele Klaus Johannis a repro\u015fat public c\u0103 nu s-a vorbit mai mult despre legile educa\u0163iei.<\/p>\n\n\n\n<p>Amintim c\u0103 legile au fost criticate pe tot parcursul procedurilor de dezbatere \u015fi adoptare \u2013 at\u00e2t proiectul <strong>Legii \u00eenv\u0103\u0163\u0103m\u00e2ntului superior<\/strong>, c\u00e2t \u015fi proiectul <strong>Legii \u00eenv\u0103\u0163\u0103m\u00e2ntului preuniversitar<\/strong> \u2013 pentru problemele legate, \u00eentre altele, de examenul de admitere la liceu, chestiunea diversit\u0103\u0163ii, mandatele rectorilor, prevederile privind plagiatul etc.<\/p>\n\n\n\n<p>Dup\u0103 ce Curtea Constitu\u0163ional\u0103 a decis c\u0103 legile respect\u0103 Constitu\u0163ia, iar acestea au mers la promulgare, mai multe entit\u0103\u0163i politice sau din societatea civil\u0103 (ex: PLUS, asocia\u0163ii ale elevilor, Consiliul Na\u0163ional al Elevilor) s-au adresat pre\u015fedintelui solicit\u00e2ndu-i s\u0103 retrimit\u0103 legile \u00een parlament.<\/p>\n\n\n\n<p><strong>Cele mai importante prevederi ale noilor legi<\/strong><\/p>\n\n\n\n<p>Una dintre cele mai importante modific\u0103ri incluse \u00een proiectele de legi ale Educa\u0163iei este introducerea unui examen de admitere la liceu, pe l\u00e2ng\u0103 Evaluarea Na\u0163ional\u0103, pentru ocuparea a 50% din locuri.<\/p>\n\n\n\n<p>Prima genera\u0163ie care ar urma s\u0103 sus\u0163in\u0103 acest examen de admitere va fi cea care va \u00eencepe clasa a V-a \u00een anul \u015fcolar 2023 \u2013 2024.<\/p>\n\n\n\n<p>O alt\u0103 modificare va fi introducerea religiei ca disciplin\u0103 op\u0163ional\u0103 la bacalaureat pentru elevii de la profilul uman, \u00een cadrul probei specifice a profilului.<\/p>\n\n\n\n<p>Profesorii care nu au locuin\u0163\u0103 \u00een localitatea unde au postul vor beneficia de decontarea transportului.<\/p>\n\n\n\n<p>De asemenea, printr-o serie de amendamente ale unor partide politice precum PSD, PNL, UDMR \u015fi AUR, a fost introdus\u0103 \u015fi posibilitatea exmatricul\u0103rii elevilor.<\/p>\n\n\n\n<p>\u00cen noile legi sunt cuprinse \u015fi mai multe m\u0103suri pentru educa\u0163ia elevilor care devin p\u0103rin\u0163i \u2013 prin consiliere \u015fcolar\u0103 \u015fi psihologic\u0103 \u2013 \u015fi posibilitatea de am\u00e2nare a examenelor \u00een cazul \u00een care mama elev\u0103 se afl\u0103 \u00een perioada de na\u015ftere.<\/p>\n\n\n\n<p><strong><em>Red.<\/em><\/strong><\/p>\n","protected":false},"excerpt":{"rendered":"<p>Pre\u015fedintele Klaus Iohannis a promulgat pe 4 iulie a. c., \u00een prezen\u0163a mai multor mini\u015ftri, judec\u0103tori de la CCR \u015fi a unor lideri liberali, cele dou\u0103 legi ale Educa\u0163iei \u2013 Legea pentru \u00eenv\u0103\u0163\u0103m\u00e2ntul preuniversitar \u015fi cea pentru \u00eenv\u0103\u0163\u0103m\u00e2ntul superior. Festivitatea&hellip;<\/p>\n<p class=\"more-link-p\"><a class=\"more-link\" href=\"http:\/\/www.slineamt.ro\/apostolul\/eveniment\/legile-educatiei-promulgate-in-cadru-festiv-si-ce\/\">Read more &rarr;<\/a><\/p>\n","protected":false},"author":1,"featured_media":0,"comment_status":"open","ping_status":"closed","sticky":false,"template":"","format":"standard","meta":{"footnotes":""},"categories":[18,473],"tags":[],"class_list":["post-24418","post","type-post","status-publish","format-standard","hentry","category-eveniment","category-numarul-263"],"_links":{"self":[{"href":"http:\/\/www.slineamt.ro\/apostolul\/wp-json\/wp\/v2\/posts\/24418","targetHints":{"allow":["GET"]}}],"collection":[{"href":"http:\/\/www.slineamt.ro\/apostolul\/wp-json\/wp\/v2\/posts"}],"about":[{"href":"http:\/\/www.slineamt.ro\/apostolul\/wp-json\/wp\/v2\/types\/post"}],"author":[{"embeddable":true,"href":"http:\/\/www.slineamt.ro\/apostolul\/wp-json\/wp\/v2\/users\/1"}],"replies":[{"embeddable":true,"href":"http:\/\/www.slineamt.ro\/apostolul\/wp-json\/wp\/v2\/comments?post=24418"}],"version-history":[{"count":1,"href":"http:\/\/www.slineamt.ro\/apostolul\/wp-json\/wp\/v2\/posts\/24418\/revisions"}],"predecessor-version":[{"id":24420,"href":"http:\/\/www.slineamt.ro\/apostolul\/wp-json\/wp\/v2\/posts\/24418\/revisions\/24420"}],"wp:attachment":[{"href":"http:\/\/www.slineamt.ro\/apostolul\/wp-json\/wp\/v2\/media?parent=24418"}],"wp:term":[{"taxonomy":"category","embeddable":true,"href":"http:\/\/www.slineamt.ro\/apostolul\/wp-json\/wp\/v2\/categories?post=24418"},{"taxonomy":"post_tag","embeddable":true,"href":"http:\/\/www.slineamt.ro\/apostolul\/wp-json\/wp\/v2\/tags?post=24418"}],"curies":[{"name":"wp","href":"https:\/\/api.w.org\/{rel}","templated":true}]}}