{"id":24421,"date":"2023-07-25T16:59:13","date_gmt":"2023-07-25T16:59:13","guid":{"rendered":"http:\/\/www.slineamt.ro\/apostolul\/?p=24421"},"modified":"2023-07-25T16:59:13","modified_gmt":"2023-07-25T16:59:13","slug":"cu-dor-de-tara","status":"publish","type":"post","link":"http:\/\/www.slineamt.ro\/apostolul\/cogito-ergo-sum\/cu-dor-de-tara\/","title":{"rendered":"Cu dor de \u0163ar\u0103&#8230;"},"content":{"rendered":"<div class=\"wp-block-image\">\n<figure class=\"alignleft size-full is-resized\"><a href=\"http:\/\/www.slineamt.ro\/apostolul\/wp-content\/uploads\/2023\/07\/15-ap263-foto1.jpg\"><img loading=\"lazy\" decoding=\"async\" src=\"http:\/\/www.slineamt.ro\/apostolul\/wp-content\/uploads\/2023\/07\/15-ap263-foto1.jpg\" alt=\"\" class=\"wp-image-24422\" width=\"425\" height=\"284\" srcset=\"http:\/\/www.slineamt.ro\/apostolul\/wp-content\/uploads\/2023\/07\/15-ap263-foto1.jpg 756w, http:\/\/www.slineamt.ro\/apostolul\/wp-content\/uploads\/2023\/07\/15-ap263-foto1-300x200.jpg 300w, http:\/\/www.slineamt.ro\/apostolul\/wp-content\/uploads\/2023\/07\/15-ap263-foto1-560x373.jpg 560w, http:\/\/www.slineamt.ro\/apostolul\/wp-content\/uploads\/2023\/07\/15-ap263-foto1-260x173.jpg 260w, http:\/\/www.slineamt.ro\/apostolul\/wp-content\/uploads\/2023\/07\/15-ap263-foto1-160x107.jpg 160w\" sizes=\"auto, (max-width: 425px) 100vw, 425px\" \/><\/a><\/figure>\n<\/div>\n\n\n<p>\u015ei pentru c\u0103 vara e anotimpul care te \u00eendeamn\u0103 s\u0103 dai drumul aripilor, s\u0103 zbori, s\u0103 cutreieri lumea, ne-am pornit pe final de iunie, pentru c\u00e2teva zile, cu o echip\u0103 format\u0103 din 33 sindicali\u015fti din Federa\u0163ia Sindical\u0103 a Educa\u0163iei \u015fi \u015etiin\u0163ei, s\u0103 ne cunoa\u015ftem mai bine \u0162ara.<\/p>\n\n\n\n<p>Primul popas a fost la M\u0103n\u0103stirea Bistri\u0163a din Piatra-Neam\u0163, unde am fost a\u015ftepta\u0163i \u015fi primi\u0163i cu drag de c\u0103tre dl Gabriel Plosc\u0103, pre\u015fedintele Sindicatului Liber din \u00cenv\u0103\u0163\u0103m\u00e2nt \u015fi Cercetare Neam\u0163 \u015fi colegii s\u0103i de echip\u0103, dna Gabriela Grigore \u015fi dl Mircea Zaharia. Pe l\u00e2ng\u0103 bucuria revederii cu fra\u0163ii no\u015ftri sindicali\u015fti din Neam\u0163, am primit de la ei \u00een dar un lot de carte, care se va reg\u0103si \u00een c\u00e2teva biblioteci \u015fcolare s\u0103te\u015fti din Basarabia.<\/p>\n\n\n<div class=\"wp-block-image\">\n<figure class=\"alignright size-full is-resized\"><a href=\"http:\/\/www.slineamt.ro\/apostolul\/wp-content\/uploads\/2023\/07\/15-ap263-foto2.jpg\"><img loading=\"lazy\" decoding=\"async\" src=\"http:\/\/www.slineamt.ro\/apostolul\/wp-content\/uploads\/2023\/07\/15-ap263-foto2.jpg\" alt=\"\" class=\"wp-image-24423\" width=\"514\" height=\"343\" srcset=\"http:\/\/www.slineamt.ro\/apostolul\/wp-content\/uploads\/2023\/07\/15-ap263-foto2.jpg 756w, http:\/\/www.slineamt.ro\/apostolul\/wp-content\/uploads\/2023\/07\/15-ap263-foto2-300x200.jpg 300w, http:\/\/www.slineamt.ro\/apostolul\/wp-content\/uploads\/2023\/07\/15-ap263-foto2-560x373.jpg 560w, http:\/\/www.slineamt.ro\/apostolul\/wp-content\/uploads\/2023\/07\/15-ap263-foto2-260x173.jpg 260w, http:\/\/www.slineamt.ro\/apostolul\/wp-content\/uploads\/2023\/07\/15-ap263-foto2-160x107.jpg 160w\" sizes=\"auto, (max-width: 514px) 100vw, 514px\" \/><\/a><\/figure>\n<\/div>\n\n\n<p>Fascina\u0163i de somptuozitatea Cheilor Bicazului, de legenda Lacului Ro\u015fu, am ajuns la T\u00e2rgu-Mure\u015f, care ne-a impresionat prin arhitectura \u015fi istoria sa, povestit\u0103 cu mult profesionalism \u015fi cuno\u015ftin\u0163\u0103 de cauz\u0103 de c\u0103tre excep\u0163ionalul ghid al Companiei SovadaTur, dna Eugenia Negru, profesoar\u0103 de istorie la Liceul Teoretic <em>Prometeu<\/em> din Chi\u015fin\u0103u. Pe parcursul \u00eentregii c\u0103l\u0103torii dna Eugenia Negru a dat dovad\u0103 de erudi\u0163ie \u015fi iscusin\u0163\u0103 de povestitor ne\u00eentrecut.<\/p>\n\n\n\n<p>Am vizitat cu sentimente de pietate Alba Iulia, ora\u015ful Unirii, iar \u00een fa\u0163a Catedralei \u00een care au fost \u00eencorona\u0163i Regii Rom\u00e2niei Mari am f\u0103cut o poz\u0103 de grup.<\/p>\n\n\n\n<p>Au urmat Salina Turda, ora\u015fele Cluj-Napoca, Sibiu, Bra\u015fov, Hunedoara cu Castelul Huniazilor, Prislopul cu morm\u00e2ntul lui Arsenie Boca.<\/p>\n\n\n\n<p>Un sentiment aparte l-am tr\u0103it, merg\u00e2nd \u00een inima Daciei, \u00een vechea capital\u0103 Sarmizegetusa, p\u0103\u015find pe urmele marilor no\u015ftri str\u0103mo\u015fi.<\/p>\n\n\n\n<p>A fost frumos, extraordinar de interesant \u015fi cu mult dor de \u0162ar\u0103.<\/p>\n\n\n\n<p><strong><em>Angelina BEGU<\/em><\/strong><\/p>\n","protected":false},"excerpt":{"rendered":"<p>\u015ei pentru c\u0103 vara e anotimpul care te \u00eendeamn\u0103 s\u0103 dai drumul aripilor, s\u0103 zbori, s\u0103 cutreieri lumea, ne-am pornit pe final de iunie, pentru c\u00e2teva zile, cu o echip\u0103 format\u0103 din 33 sindicali\u015fti din Federa\u0163ia Sindical\u0103 a Educa\u0163iei \u015fi&hellip;<\/p>\n<p class=\"more-link-p\"><a class=\"more-link\" href=\"http:\/\/www.slineamt.ro\/apostolul\/cogito-ergo-sum\/cu-dor-de-tara\/\">Read more &rarr;<\/a><\/p>\n","protected":false},"author":1,"featured_media":0,"comment_status":"open","ping_status":"closed","sticky":false,"template":"","format":"standard","meta":{"footnotes":""},"categories":[17,473],"tags":[],"class_list":["post-24421","post","type-post","status-publish","format-standard","hentry","category-cogito-ergo-sum","category-numarul-263"],"_links":{"self":[{"href":"http:\/\/www.slineamt.ro\/apostolul\/wp-json\/wp\/v2\/posts\/24421","targetHints":{"allow":["GET"]}}],"collection":[{"href":"http:\/\/www.slineamt.ro\/apostolul\/wp-json\/wp\/v2\/posts"}],"about":[{"href":"http:\/\/www.slineamt.ro\/apostolul\/wp-json\/wp\/v2\/types\/post"}],"author":[{"embeddable":true,"href":"http:\/\/www.slineamt.ro\/apostolul\/wp-json\/wp\/v2\/users\/1"}],"replies":[{"embeddable":true,"href":"http:\/\/www.slineamt.ro\/apostolul\/wp-json\/wp\/v2\/comments?post=24421"}],"version-history":[{"count":1,"href":"http:\/\/www.slineamt.ro\/apostolul\/wp-json\/wp\/v2\/posts\/24421\/revisions"}],"predecessor-version":[{"id":24424,"href":"http:\/\/www.slineamt.ro\/apostolul\/wp-json\/wp\/v2\/posts\/24421\/revisions\/24424"}],"wp:attachment":[{"href":"http:\/\/www.slineamt.ro\/apostolul\/wp-json\/wp\/v2\/media?parent=24421"}],"wp:term":[{"taxonomy":"category","embeddable":true,"href":"http:\/\/www.slineamt.ro\/apostolul\/wp-json\/wp\/v2\/categories?post=24421"},{"taxonomy":"post_tag","embeddable":true,"href":"http:\/\/www.slineamt.ro\/apostolul\/wp-json\/wp\/v2\/tags?post=24421"}],"curies":[{"name":"wp","href":"https:\/\/api.w.org\/{rel}","templated":true}]}}