{"id":24427,"date":"2023-07-25T17:02:45","date_gmt":"2023-07-25T17:02:45","guid":{"rendered":"http:\/\/www.slineamt.ro\/apostolul\/?p=24427"},"modified":"2023-07-25T17:03:39","modified_gmt":"2023-07-25T17:03:39","slug":"connector-8-conecteaza-lumea-prin-invatare-non-formala","status":"publish","type":"post","link":"http:\/\/www.slineamt.ro\/apostolul\/pasi-spre-europa\/connector-8-conecteaza-lumea-prin-invatare-non-formala\/","title":{"rendered":"Connector 8 conecteaz\u0103 lumea prin \u00eenv\u0103\u0163are non-formal\u0103!"},"content":{"rendered":"<div class=\"wp-block-image\">\n<figure class=\"alignleft size-full is-resized\"><a href=\"http:\/\/www.slineamt.ro\/apostolul\/wp-content\/uploads\/2023\/07\/13-ap263-foto1.jpg\"><img loading=\"lazy\" decoding=\"async\" src=\"http:\/\/www.slineamt.ro\/apostolul\/wp-content\/uploads\/2023\/07\/13-ap263-foto1.jpg\" alt=\"\" class=\"wp-image-24428\" width=\"459\" height=\"287\" srcset=\"http:\/\/www.slineamt.ro\/apostolul\/wp-content\/uploads\/2023\/07\/13-ap263-foto1.jpg 680w, http:\/\/www.slineamt.ro\/apostolul\/wp-content\/uploads\/2023\/07\/13-ap263-foto1-300x188.jpg 300w, http:\/\/www.slineamt.ro\/apostolul\/wp-content\/uploads\/2023\/07\/13-ap263-foto1-560x350.jpg 560w, http:\/\/www.slineamt.ro\/apostolul\/wp-content\/uploads\/2023\/07\/13-ap263-foto1-260x163.jpg 260w, http:\/\/www.slineamt.ro\/apostolul\/wp-content\/uploads\/2023\/07\/13-ap263-foto1-160x100.jpg 160w\" sizes=\"auto, (max-width: 459px) 100vw, 459px\" \/><\/a><\/figure>\n<\/div>\n\n\n<p>\u00cen perioada 3-8 iulie 2023, a avut loc la Bucure\u015fti <strong>Connector 8<\/strong>, cel mai mare eveniment European de educa\u0163ie non-formal\u0103, eveniment anual organizat de Agen\u0163ia Na\u0163ional\u0103 a programelor Erasmus+ (ANPCDEFP).<\/p>\n\n\n\n<p>\u00cen anul European al Competen\u0163elor, (<strong>The European Year of Skills, 2023<\/strong>), evenimentul \u015fi-a propus realizarea unui cadru adecvat \u00een care participan\u0163ii au <strong>\u015fansa s\u0103 devin\u0103 familiari cu diferite metode non-formale de \u00eenv\u0103\u0163are<\/strong>, dezvolt\u00e2nd competen\u0163e \u015fi abilit\u0103\u0163i ce pot fi utilizate \u00een situa\u0163ii de \u00eenv\u0103\u0163are variate. Participan\u0163ii sunt pasiona\u0163i de non-formal \u015fi fac parte din toate sectoarele acoperite de programul Erasmus+: tineret, educa\u0163ia adul\u0163ilor, educa\u0163ie \u015fcolar\u0103, educa\u0163ie universitar\u0103 \u015fi formare profesional\u0103. Prima edi\u0163ie a evenimentului a avut loc \u00een anul 2014 \u015fi, de atunci, a devenit un punct de referin\u0163\u0103 pentru educa\u0163ia non-formala european\u0103. Astfel, \u00een anul acesta, cu aceast\u0103 ocazie, \u00een Bucure\u015fti s-au reunit 90 de participan\u0163i din 15 \u0163\u0103ri europene, care au avut parte de un program divers, instructiv, deosebit de interesant \u015fi pl\u0103cut. Activit\u0103\u0163ile s-au desf\u0103\u015furat \u00een limba englez\u0103 \u015fi pe l\u00e2ng\u0103 \u00eent\u00e2lnirile zilnice din plenar, au existat opt ateliere de lucru: <em>Competences for the near Future, Goethe\u2019s methodology for reading nature applied to social changes processes, Learning to learn through theatre, Mindful inclusion, MusicALL body, Outdoor and Adventure Learning and Social presencing theatre<\/em>. Fiecare din aceste ateliere a propus un spa\u0163iu de lucru sigur, colaborativ, potrivit pentru \u00eemp\u0103rt\u0103\u015firea metodelor, instrumentelor, practicilor de \u00eenv\u0103\u0163are care se concentreaz\u0103 fiecare pe valori europene, utiliz\u00e2nd metode de \u00eenv\u0103\u0163are non-formal\u0103.<\/p>\n\n\n\n<p>Eu am participat la atelierul de lucru <em>\u00cenva\u0163\u0103 s\u0103 \u00eenve\u0163i prin teatru<\/em>, atelier facilitat de Romina Bolda\u015fu, profesor \u015fi prodecan al facult\u0103\u0163ii UNATC Bucure\u015fti, o persoan\u0103 extrem de instruit\u0103, de un profesionalism impecabil \u015fi de o energie debordant\u0103. <strong>Atelierul a urm\u0103rit crearea unei platforme de \u00eenv\u0103\u0163are \u00een care participan\u0163ii pot investiga conceptul de teatru<\/strong> \u015fi utilizarea sa \u00een dezvoltarea abilita\u0163ilor \u015fi construirea competentelor obligatorii \u00een procesul de \u00eenv\u0103\u0163are: observa\u0163ie, concentrare, spontaneitate, intui\u0163ie, lucru \u00een echip\u0103, con\u015ftientizare \u015fi sensibilizare.<\/p>\n\n\n\n<p>&nbsp;\u00cen ultima zi a activit\u0103\u0163ilor, participan\u0163ii au avut ocazia s\u0103 \u00eemp\u0103rt\u0103\u015feasc\u0103 experien\u0163ele de \u00eenv\u0103\u0163are din atelierele mici, \u00een plenar, d\u00e2nd astfel acces \u015fi celorlal\u0163i participan\u0163i la cumulul de informa\u0163ii \u015fi abilit\u0103\u0163i c\u00e2\u015ftigate.<\/p>\n\n\n\n<p>\u00cen anul 2023, anul European al Competen\u0163elor, aceast\u0103 experien\u0163\u0103 de \u00eenv\u0103\u0163are, propus\u0103 de Agen\u0163ia Na\u0163ional\u0103 pentru programul Erasmus+ din Rom\u00e2nia, a venit \u00een \u00eent\u00e2mpinarea unor nevoi de dob\u00e2ndire de noi competen\u0163e \u015fi experien\u0163e de \u00eenv\u0103\u0163are necesare \u00een transformarea personal\u0103 \u015fi profesional\u0103.<\/p>\n\n\n\n<p><strong><em>Ambasador Erasmus, Prof. Oana GAVRILIU<\/em><\/strong><\/p>\n","protected":false},"excerpt":{"rendered":"<p>\u00cen perioada 3-8 iulie 2023, a avut loc la Bucure\u015fti Connector 8, cel mai mare eveniment European de educa\u0163ie non-formal\u0103, eveniment anual organizat de Agen\u0163ia Na\u0163ional\u0103 a programelor Erasmus+ (ANPCDEFP). \u00cen anul European al Competen\u0163elor, (The European Year of Skills,&hellip;<\/p>\n<p class=\"more-link-p\"><a class=\"more-link\" href=\"http:\/\/www.slineamt.ro\/apostolul\/pasi-spre-europa\/connector-8-conecteaza-lumea-prin-invatare-non-formala\/\">Read more &rarr;<\/a><\/p>\n","protected":false},"author":1,"featured_media":0,"comment_status":"open","ping_status":"closed","sticky":false,"template":"","format":"standard","meta":{"footnotes":""},"categories":[9,473],"tags":[],"class_list":["post-24427","post","type-post","status-publish","format-standard","hentry","category-pasi-spre-europa","category-numarul-263"],"_links":{"self":[{"href":"http:\/\/www.slineamt.ro\/apostolul\/wp-json\/wp\/v2\/posts\/24427","targetHints":{"allow":["GET"]}}],"collection":[{"href":"http:\/\/www.slineamt.ro\/apostolul\/wp-json\/wp\/v2\/posts"}],"about":[{"href":"http:\/\/www.slineamt.ro\/apostolul\/wp-json\/wp\/v2\/types\/post"}],"author":[{"embeddable":true,"href":"http:\/\/www.slineamt.ro\/apostolul\/wp-json\/wp\/v2\/users\/1"}],"replies":[{"embeddable":true,"href":"http:\/\/www.slineamt.ro\/apostolul\/wp-json\/wp\/v2\/comments?post=24427"}],"version-history":[{"count":2,"href":"http:\/\/www.slineamt.ro\/apostolul\/wp-json\/wp\/v2\/posts\/24427\/revisions"}],"predecessor-version":[{"id":24430,"href":"http:\/\/www.slineamt.ro\/apostolul\/wp-json\/wp\/v2\/posts\/24427\/revisions\/24430"}],"wp:attachment":[{"href":"http:\/\/www.slineamt.ro\/apostolul\/wp-json\/wp\/v2\/media?parent=24427"}],"wp:term":[{"taxonomy":"category","embeddable":true,"href":"http:\/\/www.slineamt.ro\/apostolul\/wp-json\/wp\/v2\/categories?post=24427"},{"taxonomy":"post_tag","embeddable":true,"href":"http:\/\/www.slineamt.ro\/apostolul\/wp-json\/wp\/v2\/tags?post=24427"}],"curies":[{"name":"wp","href":"https:\/\/api.w.org\/{rel}","templated":true}]}}