{"id":24431,"date":"2023-07-25T17:06:13","date_gmt":"2023-07-25T17:06:13","guid":{"rendered":"http:\/\/www.slineamt.ro\/apostolul\/?p=24431"},"modified":"2023-07-25T17:06:13","modified_gmt":"2023-07-25T17:06:13","slug":"ambasadori-erasmus-la-bruxelles","status":"publish","type":"post","link":"http:\/\/www.slineamt.ro\/apostolul\/pasi-spre-europa\/ambasadori-erasmus-la-bruxelles\/","title":{"rendered":"Ambasadori Erasmus+ la Bruxelles"},"content":{"rendered":"<div class=\"wp-block-image\">\n<figure class=\"alignleft size-full is-resized\"><a href=\"http:\/\/www.slineamt.ro\/apostolul\/wp-content\/uploads\/2023\/07\/12-ap263-foto1.jpg\"><img loading=\"lazy\" decoding=\"async\" src=\"http:\/\/www.slineamt.ro\/apostolul\/wp-content\/uploads\/2023\/07\/12-ap263-foto1.jpg\" alt=\"\" class=\"wp-image-24432\" width=\"264\" height=\"378\" srcset=\"http:\/\/www.slineamt.ro\/apostolul\/wp-content\/uploads\/2023\/07\/12-ap263-foto1.jpg 369w, http:\/\/www.slineamt.ro\/apostolul\/wp-content\/uploads\/2023\/07\/12-ap263-foto1-209x300.jpg 209w, http:\/\/www.slineamt.ro\/apostolul\/wp-content\/uploads\/2023\/07\/12-ap263-foto1-260x373.jpg 260w, http:\/\/www.slineamt.ro\/apostolul\/wp-content\/uploads\/2023\/07\/12-ap263-foto1-160x229.jpg 160w\" sizes=\"auto, (max-width: 264px) 100vw, 264px\" \/><\/a><\/figure>\n<\/div>\n\n\n<p>O parte din membrii re\u0163elei na\u0163ionale de Ambasadori de \u00cenv\u0103\u0163are Erasmus+ \u015fi ai Corpului European de Solidaritate, a participat \u00een perioada 20-22 iunie 2023, la o vizita de informare \u00een cadrul \u00eent\u00e2lnirilor cu speciali\u015fti de la Comisia European\u0103, la Bruxelles.<\/p>\n\n\n\n<p><strong>&nbsp;European Year of Skills<\/strong><\/p>\n\n\n\n<p>2023 este anul \u00een care se pune accentul pe dezvoltarea competen\u0163elor \u015fi armonizarea lor cu oferta pie\u0163ei europene a for\u0163ei de lucru, pe preg\u0103tirea profesional\u0103, pe digitalizare \u015fi interna\u0163ionalizarea \u00een educa\u0163ie. \u00cen acest context, ambasadorii Erasmus+ s-au \u00eent\u00e2lnit cu reprezentan\u0163ii unor departamente ale Comisiei Europene, cum ar fi: Ms. <strong>Clara Boitel<\/strong> \u2013 Employment, Social Affairs and Inclusion, Mr. <strong>Narcis Paulin Jeler<\/strong> \u2013 Climate Action, Ms. <strong>Oana Licu<\/strong> and Ms. <strong>Eldrid Gaukstand<\/strong> \u2013 Education, Youth, Sport and Culture, Mr. <strong>Oluf Nielsen<\/strong> \u2013 Communications Networks, Content and Technology.<\/p>\n\n\n<div class=\"wp-block-image\">\n<figure class=\"alignright size-full is-resized\"><a href=\"http:\/\/www.slineamt.ro\/apostolul\/wp-content\/uploads\/2023\/07\/12-ap263-foto2.jpg\"><img loading=\"lazy\" decoding=\"async\" src=\"http:\/\/www.slineamt.ro\/apostolul\/wp-content\/uploads\/2023\/07\/12-ap263-foto2.jpg\" alt=\"\" class=\"wp-image-24433\" width=\"402\" height=\"282\" srcset=\"http:\/\/www.slineamt.ro\/apostolul\/wp-content\/uploads\/2023\/07\/12-ap263-foto2.jpg 529w, http:\/\/www.slineamt.ro\/apostolul\/wp-content\/uploads\/2023\/07\/12-ap263-foto2-300x210.jpg 300w, http:\/\/www.slineamt.ro\/apostolul\/wp-content\/uploads\/2023\/07\/12-ap263-foto2-260x182.jpg 260w, http:\/\/www.slineamt.ro\/apostolul\/wp-content\/uploads\/2023\/07\/12-ap263-foto2-160x112.jpg 160w\" sizes=\"auto, (max-width: 402px) 100vw, 402px\" \/><\/a><\/figure>\n<\/div>\n\n\n<p>Jude\u0163ul Neam\u0163 a fost reprezentat prin trei ambasadori Erasmus+: prof. Irina-Elena P\u0103tr\u0103uceanu, prof. Nadia C\u00e2rcu si prof. Oana Gavriliu. Vizita a fost o experien\u0163\u0103 foarte valoroas\u0103 pentru ambasadori pentru c\u0103 au ob\u0163inut idei noi despre promovarea valorilor europene prin programe Erasmus.<\/p>\n\n\n\n<p>Ambasadorii, care sunt purt\u0103tori de mesaje \u015fi generatori de ac\u0163iune, vor continua informarea prin diferite c\u0103i media \u015fi \u00eent\u00e2lniri ulterioare cu formatori, facilitatori, lucr\u0103tori de tineret \u015fi cadre didactice interesate s\u0103 acceseze programe europene.<\/p>\n\n\n\n<p><strong><em>Oana GAVRILIU<\/em><\/strong><\/p>\n","protected":false},"excerpt":{"rendered":"<p>O parte din membrii re\u0163elei na\u0163ionale de Ambasadori de \u00cenv\u0103\u0163are Erasmus+ \u015fi ai Corpului European de Solidaritate, a participat \u00een perioada 20-22 iunie 2023, la o vizita de informare \u00een cadrul \u00eent\u00e2lnirilor cu speciali\u015fti de la Comisia European\u0103, la Bruxelles.&hellip;<\/p>\n<p class=\"more-link-p\"><a class=\"more-link\" href=\"http:\/\/www.slineamt.ro\/apostolul\/pasi-spre-europa\/ambasadori-erasmus-la-bruxelles\/\">Read more &rarr;<\/a><\/p>\n","protected":false},"author":1,"featured_media":0,"comment_status":"open","ping_status":"closed","sticky":false,"template":"","format":"standard","meta":{"footnotes":""},"categories":[9,473],"tags":[],"class_list":["post-24431","post","type-post","status-publish","format-standard","hentry","category-pasi-spre-europa","category-numarul-263"],"_links":{"self":[{"href":"http:\/\/www.slineamt.ro\/apostolul\/wp-json\/wp\/v2\/posts\/24431","targetHints":{"allow":["GET"]}}],"collection":[{"href":"http:\/\/www.slineamt.ro\/apostolul\/wp-json\/wp\/v2\/posts"}],"about":[{"href":"http:\/\/www.slineamt.ro\/apostolul\/wp-json\/wp\/v2\/types\/post"}],"author":[{"embeddable":true,"href":"http:\/\/www.slineamt.ro\/apostolul\/wp-json\/wp\/v2\/users\/1"}],"replies":[{"embeddable":true,"href":"http:\/\/www.slineamt.ro\/apostolul\/wp-json\/wp\/v2\/comments?post=24431"}],"version-history":[{"count":1,"href":"http:\/\/www.slineamt.ro\/apostolul\/wp-json\/wp\/v2\/posts\/24431\/revisions"}],"predecessor-version":[{"id":24434,"href":"http:\/\/www.slineamt.ro\/apostolul\/wp-json\/wp\/v2\/posts\/24431\/revisions\/24434"}],"wp:attachment":[{"href":"http:\/\/www.slineamt.ro\/apostolul\/wp-json\/wp\/v2\/media?parent=24431"}],"wp:term":[{"taxonomy":"category","embeddable":true,"href":"http:\/\/www.slineamt.ro\/apostolul\/wp-json\/wp\/v2\/categories?post=24431"},{"taxonomy":"post_tag","embeddable":true,"href":"http:\/\/www.slineamt.ro\/apostolul\/wp-json\/wp\/v2\/tags?post=24431"}],"curies":[{"name":"wp","href":"https:\/\/api.w.org\/{rel}","templated":true}]}}