{"id":24436,"date":"2023-07-25T17:09:41","date_gmt":"2023-07-25T17:09:41","guid":{"rendered":"http:\/\/www.slineamt.ro\/apostolul\/?p=24436"},"modified":"2023-07-25T17:09:41","modified_gmt":"2023-07-25T17:09:41","slug":"bilantul-mobilitatilor-efectuate-de-elevi-ai-liceului-tehnologic-vasile-sav-roman-in-proiect-erasmus","status":"publish","type":"post","link":"http:\/\/www.slineamt.ro\/apostolul\/pasi-spre-europa\/bilantul-mobilitatilor-efectuate-de-elevi-ai-liceului-tehnologic-vasile-sav-roman-in-proiect-erasmus\/","title":{"rendered":"Bilan\u0163ul mobilit\u0103\u0163ilor efectuate de elevi ai Liceului Tehnologic \u201eVasile Sav\u201d Roman \u00een proiect Erasmus"},"content":{"rendered":"<div class=\"wp-block-image\">\n<figure class=\"alignleft size-full is-resized\"><a href=\"http:\/\/www.slineamt.ro\/apostolul\/wp-content\/uploads\/2023\/07\/11-ap263-foto1.jpg\"><img loading=\"lazy\" decoding=\"async\" src=\"http:\/\/www.slineamt.ro\/apostolul\/wp-content\/uploads\/2023\/07\/11-ap263-foto1.jpg\" alt=\"\" class=\"wp-image-24437\" width=\"400\" height=\"281\" srcset=\"http:\/\/www.slineamt.ro\/apostolul\/wp-content\/uploads\/2023\/07\/11-ap263-foto1.jpg 567w, http:\/\/www.slineamt.ro\/apostolul\/wp-content\/uploads\/2023\/07\/11-ap263-foto1-300x211.jpg 300w, http:\/\/www.slineamt.ro\/apostolul\/wp-content\/uploads\/2023\/07\/11-ap263-foto1-560x393.jpg 560w, http:\/\/www.slineamt.ro\/apostolul\/wp-content\/uploads\/2023\/07\/11-ap263-foto1-260x183.jpg 260w, http:\/\/www.slineamt.ro\/apostolul\/wp-content\/uploads\/2023\/07\/11-ap263-foto1-160x112.jpg 160w\" sizes=\"auto, (max-width: 400px) 100vw, 400px\" \/><\/a><\/figure>\n<\/div>\n\n\n<p>Liceul Tehnologic \u201eVasile Sav\u201d din Roman este beneficiarul unui proiect Erasmus finan\u0163at de Uniunea European\u0103 in domeniul educa\u0163iei \u015fi form\u0103rii profesionale.<\/p>\n\n\n\n<p>Implementarea proiectului cu nr. 2022-1-RO01-KA122-VET-000071087, intitulat \u201ePa\u015fi spre viitor cu Erasmus+\u201d, a demarat la 1 octombrie 2022 \u015fi are o durat\u0103 de 13 luni. \u00cen proiect sunt prev\u0103zute dou\u0103 mobilit\u0103\u0163i, \u00een dou\u0103 fluxuri a c\u00e2te 15 elevi fiecare.<\/p>\n\n\n\n<p><strong>Scopul<\/strong> acestuia este \u201eCre\u015fterea calit\u0103\u0163ii form\u0103rii profesionale ini\u0163iale \u015fi a cooper\u0103rii inter-institu\u0163ionale a liceului prin realizarea de stagii de preg\u0103tire practic\u0103 la standarde europene, \u00een cadrul unor firme europene, \u00een vederea sporirii \u015fanselor elevilor \u00een carier\u0103 \u015fi inser\u0163ie pe pia\u0163a muncii\u201d iar <strong>obiectivele programului<\/strong> sunt: cre\u015fterea nivelului de competen\u0163e profesionale \u015fi abilit\u0103\u0163i practice pentru 30 elevi, din domeniile electric \u015fi electronic\u0103 prin participarea la stagii de practic\u0103 \u00een Cipru, respectiv Portugalia, \u00eembun\u0103t\u0103\u0163irea abilit\u0103\u0163ilor lingvistice, digitale, de lucru \u00een echip\u0103, antreprenoriale, o mai bun\u0103 \u00een\u0163elegere a culturii \u015fi valorilor europene, cre\u015fterea capacit\u0103\u0163ii de cooperare interna\u0163ional\u0103 a liceului \u00een domeniul form\u0103rii profesionale, prin parteneriat cu institu\u0163ii de pe pia\u0163a muncii din Cipru \u015fi Portugalia.<\/p>\n\n\n\n<p><strong>Prima mobilitate<\/strong> a avut loc \u00een perioada 03.04 \u2013 21.04. 2023. Pentru aceasta, au fost selecta\u0163i 15 elevi de clasa a X-a de la specializarea electronic\u0103 \u015fi automatiz\u0103ri \u015fi au desf\u0103\u015furat mobilitatea \u00een <strong>Paphos, Cipru<\/strong>; au realizat stagiul de practic\u0103 de 90 de ore la organiza\u0163ia gazd\u0103, P. Kousios Electrical Ltd., conform Acordului de \u00cenv\u0103\u0163are pentru CDL \u201eCircuite electronice aplicate\u201d.<\/p>\n\n\n\n<p>Participan\u0163ii au acumulat o experien\u0163\u0103 bogat\u0103 din toate punctele de vedere: social, de dezvoltare personal\u0103 \u015fi evident din punct de vedere profesional. Astfel, la orele de practic\u0103 au lucrat \u00een echipe, au fost \u00eendruma\u0163i de un tutore cu care au comunicat \u00een limba englez\u0103, au \u00eenv\u0103\u0163at lucruri noi \u00eentr-o manier\u0103 relaxant\u0103 \u015fi rezultatele evalu\u0103rii finale au fost foarte bune.<\/p>\n\n\n\n<p>Partenerul extern care ne-a sprijinit pe tot parcursul mobilit\u0103\u0163ii este Rivensco Consulting LTD Cyprus.<\/p>\n\n\n\n<p>Elevii din fluxul 1 au fost caza\u0163i \u00een Hotelul Kissos din Paphos, situat nu departe de malul Mediteranei \u015fi de minunatele plaje ale acesteia.<\/p>\n\n\n<div class=\"wp-block-image\">\n<figure class=\"alignright size-full is-resized\"><a href=\"http:\/\/www.slineamt.ro\/apostolul\/wp-content\/uploads\/2023\/07\/11-ap263-foto2.jpg\"><img loading=\"lazy\" decoding=\"async\" src=\"http:\/\/www.slineamt.ro\/apostolul\/wp-content\/uploads\/2023\/07\/11-ap263-foto2.jpg\" alt=\"\" class=\"wp-image-24438\" width=\"428\" height=\"270\" srcset=\"http:\/\/www.slineamt.ro\/apostolul\/wp-content\/uploads\/2023\/07\/11-ap263-foto2.jpg 567w, http:\/\/www.slineamt.ro\/apostolul\/wp-content\/uploads\/2023\/07\/11-ap263-foto2-300x189.jpg 300w, http:\/\/www.slineamt.ro\/apostolul\/wp-content\/uploads\/2023\/07\/11-ap263-foto2-560x354.jpg 560w, http:\/\/www.slineamt.ro\/apostolul\/wp-content\/uploads\/2023\/07\/11-ap263-foto2-260x164.jpg 260w, http:\/\/www.slineamt.ro\/apostolul\/wp-content\/uploads\/2023\/07\/11-ap263-foto2-160x101.jpg 160w\" sizes=\"auto, (max-width: 428px) 100vw, 428px\" \/><\/a><\/figure>\n<\/div>\n\n\n<p><strong>Programul cultural<\/strong> a fost foarte valoros, av\u00e2nd \u00een vedere c\u0103 Paphosul \u015fi \u00eemprejurimile abund\u0103 \u00een monumente istorice \u015fi site-uri arheologice cu o vechime impresionant\u0103. Au f\u0103cut vizite \u00een Limassol, un ora\u015f superb cu o promenad\u0103 de vis pe malul Mediteranei; au fost \u00een Nicosia, capitala Ciprului, cu o istorie zbuciumat\u0103 care \u00eenc\u0103 r\u0103zbate din atmosfera Ora\u015fului Vechi, au trecut F\u00e2\u015fia Verde \u00een zona turceasc\u0103 a ora\u015fului unde au degustat dulciurile tradi\u0163ionale, aflate la tot pasul \u00een celebrul bazar.<\/p>\n\n\n\n<p>Zilele au avut un program \u00eenc\u0103rcat, mai ales c\u0103 elevii au participat la 10 ore de limba greac\u0103 \u015fi au absolvit cursul cu nivelul lingvistic A1.<\/p>\n\n\n\n<p><strong>A doua mobilitate<\/strong> a avut loc \u00een perioada 15 mai- 2 iunie 2023, \u00een <strong>Barcelos &#8211; Portugalia<\/strong> \u015fi a fost organizat\u0103 pentru 15 elevi de la clasa a X-a liceu respectiv clasa a X-a \u015fcoal\u0103 profesional\u0103, din domeniul electric. Stagiul de practic\u0103 s-a realizat la firma Ferreirolux-Com\u00e9rcio e Industria de Material El\u00e9ctrico, Lda, Barcelos, Portugalia, conform Acordului de \u00cenv\u0103\u0163are pentru CDL \u201eTransformatorul electric-aplica\u0163ii practice\u201d pentru elevii de liceu \u015fi conform Acordului de \u00cenv\u0103\u0163are pentru CDL \u201eAc\u0163ion\u0103ri electrice-aplica\u0163ii practice\u201d pentru elevii de \u015fcoal\u0103 profesional\u0103.<\/p>\n\n\n\n<p>\u00cen Barcelos, elevii au beneficiat de sprijinul permanent al Associa\u00e7\u00e3o Intercultural Amigos da Mobilidade, au locuit timp de trei s\u0103pt\u0103m\u00e2ni \u00een campusul Mobility Friends \u015fi au avut la dispozi\u0163ie, pe l\u00e2ng\u0103 mas\u0103 \u015fi cazare, diverse variante de petrecere a timpului liber \u2013 teren de fotbal, teren de volei, teren de mini-golf, mas\u0103 de biliard, piscin\u0103, s\u0103li dotate cu echipamente utile activit\u0103\u0163ilor instructiv-educative etc. Asocia\u0163ia amintit\u0103 a organizat pentru participan\u0163ii la mobilitate un program cultural deosebit, concretizat \u00een excursii cu ghid \u00een Valenca, Viana do Castelo, Braga, Guimarae\u015f, Porto \u015fi evident, \u00een Barcelos. Elevii au vizitat catedrale \u015fi castele impresionante, zone vechi ale ora\u015felor, au ajuns la Oceanul Atlantic \u015fi au f\u0103cut o croazier\u0103 \u00een Porto, pe r\u00e2ul Douro. De asemenea, \u00een campusul Mobility Friends elevii au participat la 10 ore de limb\u0103 portughez\u0103.<\/p>\n\n\n\n<p>Partenerii externi de sprijin, at\u00e2t cei din Cipru c\u00e2t \u015fi cei din Portugalia, au organizat la finalul mobilit\u0103\u0163ilor festivit\u0103\u0163i de decernare a Certificatelor Europass Mobility, a certificatelor de participare la proiect c\u00e2t \u015fi a certificatelor lingvistice, toate acestea constituind pentru participanti o achizi\u0163ie valoroas\u0103 \u00een cariera lor viitoare.<\/p>\n\n\n\n<p>\u201eCei 30 de elevi participan\u0163i au comunicat foarte bine \u015fi au legat prietenii cu elevii din alte grupuri, din Rom\u00e2nia \u015fi din alte \u0163\u0103ri, s-au \u00eentors cu amintiri pre\u0163ioase \u015fi cu dorin\u0163a de a mai participa \u015fi la alte mobilit\u0103\u0163i\u201d, ne-a m\u0103rturisit domnul director al liceului, Lezeu Alexandru, care a monitorizat permanent grupurile de elevi.<\/p>\n\n\n\n<p><strong>Echipa de proiect<\/strong> este format\u0103 din: director, prof. Lezeu Alexandru &#8211; reprezentant legal al liceului \u015fi monitor al proiectului, prof. Vl\u0103du\u0163 L\u0103cr\u0103mioara \u2013 responsabil cu selec\u0163ia &amp; preg\u0103tirea \u015fi diseminarea, prof. Buhai Ilenu\u0163a &#8211; manager proiect, econ. Samson Carmen-Vaniu\u015fa \u2013 responsabil financiar.<\/p>\n\n\n\n<p><strong><em>Prof. Ilenu\u0163a BUHAI<\/em><\/strong><\/p>\n","protected":false},"excerpt":{"rendered":"<p>Liceul Tehnologic \u201eVasile Sav\u201d din Roman este beneficiarul unui proiect Erasmus finan\u0163at de Uniunea European\u0103 in domeniul educa\u0163iei \u015fi form\u0103rii profesionale. Implementarea proiectului cu nr. 2022-1-RO01-KA122-VET-000071087, intitulat \u201ePa\u015fi spre viitor cu Erasmus+\u201d, a demarat la 1 octombrie 2022 \u015fi are&hellip;<\/p>\n<p class=\"more-link-p\"><a class=\"more-link\" href=\"http:\/\/www.slineamt.ro\/apostolul\/pasi-spre-europa\/bilantul-mobilitatilor-efectuate-de-elevi-ai-liceului-tehnologic-vasile-sav-roman-in-proiect-erasmus\/\">Read more &rarr;<\/a><\/p>\n","protected":false},"author":1,"featured_media":0,"comment_status":"open","ping_status":"closed","sticky":false,"template":"","format":"standard","meta":{"footnotes":""},"categories":[9,473],"tags":[],"class_list":["post-24436","post","type-post","status-publish","format-standard","hentry","category-pasi-spre-europa","category-numarul-263"],"_links":{"self":[{"href":"http:\/\/www.slineamt.ro\/apostolul\/wp-json\/wp\/v2\/posts\/24436","targetHints":{"allow":["GET"]}}],"collection":[{"href":"http:\/\/www.slineamt.ro\/apostolul\/wp-json\/wp\/v2\/posts"}],"about":[{"href":"http:\/\/www.slineamt.ro\/apostolul\/wp-json\/wp\/v2\/types\/post"}],"author":[{"embeddable":true,"href":"http:\/\/www.slineamt.ro\/apostolul\/wp-json\/wp\/v2\/users\/1"}],"replies":[{"embeddable":true,"href":"http:\/\/www.slineamt.ro\/apostolul\/wp-json\/wp\/v2\/comments?post=24436"}],"version-history":[{"count":1,"href":"http:\/\/www.slineamt.ro\/apostolul\/wp-json\/wp\/v2\/posts\/24436\/revisions"}],"predecessor-version":[{"id":24439,"href":"http:\/\/www.slineamt.ro\/apostolul\/wp-json\/wp\/v2\/posts\/24436\/revisions\/24439"}],"wp:attachment":[{"href":"http:\/\/www.slineamt.ro\/apostolul\/wp-json\/wp\/v2\/media?parent=24436"}],"wp:term":[{"taxonomy":"category","embeddable":true,"href":"http:\/\/www.slineamt.ro\/apostolul\/wp-json\/wp\/v2\/categories?post=24436"},{"taxonomy":"post_tag","embeddable":true,"href":"http:\/\/www.slineamt.ro\/apostolul\/wp-json\/wp\/v2\/tags?post=24436"}],"curies":[{"name":"wp","href":"https:\/\/api.w.org\/{rel}","templated":true}]}}