{"id":24564,"date":"2023-09-27T14:32:04","date_gmt":"2023-09-27T14:32:04","guid":{"rendered":"http:\/\/www.slineamt.ro\/apostolul\/?p=24564"},"modified":"2023-09-27T14:32:04","modified_gmt":"2023-09-27T14:32:04","slug":"restitutio-alexandru-vlahuta-165-de-ani-de-la-nasterea-scriitorului","status":"publish","type":"post","link":"http:\/\/www.slineamt.ro\/apostolul\/comemorari\/restitutio-alexandru-vlahuta-165-de-ani-de-la-nasterea-scriitorului\/","title":{"rendered":"RESTITUTIO: Alexandru Vlahu\u0163\u0103 &#8211; 165 de ani de la na\u015fterea scriitorului"},"content":{"rendered":"<div class=\"wp-block-image\">\n<figure class=\"alignleft size-full is-resized\"><a href=\"http:\/\/www.slineamt.ro\/apostolul\/wp-content\/uploads\/2023\/09\/06-ap264-foto1.jpg\"><img loading=\"lazy\" decoding=\"async\" src=\"http:\/\/www.slineamt.ro\/apostolul\/wp-content\/uploads\/2023\/09\/06-ap264-foto1.jpg\" alt=\"\" class=\"wp-image-24565\" width=\"263\" height=\"338\" srcset=\"http:\/\/www.slineamt.ro\/apostolul\/wp-content\/uploads\/2023\/09\/06-ap264-foto1.jpg 294w, http:\/\/www.slineamt.ro\/apostolul\/wp-content\/uploads\/2023\/09\/06-ap264-foto1-233x300.jpg 233w, http:\/\/www.slineamt.ro\/apostolul\/wp-content\/uploads\/2023\/09\/06-ap264-foto1-260x334.jpg 260w, http:\/\/www.slineamt.ro\/apostolul\/wp-content\/uploads\/2023\/09\/06-ap264-foto1-160x206.jpg 160w\" sizes=\"auto, (max-width: 263px) 100vw, 263px\" \/><\/a><\/figure>\n<\/div>\n\n\n<p>Se \u00eemplinesc, \u00een anul de gra\u0163ie 2023, 165 de ani de la na\u015fterea unui scriitor care avea s\u0103 \u00ee\u015fi pun\u0103 amprenta trecerii sale prin aceast\u0103 lume \u015fi peste atmosfera cu t\u00e2nguiri de fluier \u015fi dang\u0103t de clopot a spa\u0163iului mioritic de dincolo \u015fi de dincoace a arcului carpatic.<\/p>\n\n\n\n<p>\u201e<em>Acest epigon al lui Eminescu<\/em>\u201d, a\u015fa cum avea s\u0103 \u00eel caracterizeze G. C\u0103linescu \u00een monumentala sa Istorie, s-a n\u0103scut la 5 septembrie 1858 \u00een satul Ple\u015fe\u015fti, pe meleaguri b\u00e2rl\u0103dene. Trece pragul \u015fcolii la B\u00e2rlad, cu o mic\u0103 \u00eent\u00e2rziere, iar bacalaureatul \u015fi-l adjudec\u0103 \u00een anul 1878.<\/p>\n\n\n\n<p>Stabilit vremelnic la T\u00e2rgovi\u015fte, este numit profesor de latin\u0103 \u015fi de rom\u00e2n\u0103 la Gimnaziul \u201eIen\u0103chi\u0163\u0103 V\u0103c\u0103rescu\u201d din urbe dar, pentru c\u0103 atacase \u00een unele articole moravurile protipendadei t\u00e2rgovi\u015ftene, este destituit din demnitatea de profesor.<\/p>\n\n\n\n<p>Destinul \u00eel aduce la Bucure\u015fti unde, \u00een 1884, \u00eel cunoa\u015fte pe Eminescu, pentru care va nutri o statornic\u0103 admira\u0163ie.<\/p>\n\n\n\n<p>De\u015fi debuteaz\u0103 ca poet, cel dint\u00e2i volum al s\u0103u este un volum de nuvele, pe care Academia Rom\u00e2n\u0103 i-l respinge de la Premiul \u201eEliade R\u0103dulescu\u201d. Se pare c\u0103 acest eveniment \u00eel marcheaz\u0103 destul de serios pe Vlahu\u0163\u0103, \u00eentreaga sa activitate literar\u0103 \u015fi cultural\u0103 situ\u00e2ndu-se, din acest moment, sub semnul epigonismului eminescian, etichet\u0103 de care nu va mai sc\u0103pa toat\u0103 via\u0163a.<\/p>\n\n\n\n<p>Opera literar\u0103 a lui Alexandru Vlahu\u0163\u0103 include lucr\u0103ri notabile de poezie, proz\u0103 scurt\u0103, eseistic\u0103, romane, dramaturgie \u015fi jurnalistic\u0103; a\u015fadar, \u00eentreaga panoplie de specii literare care fac dintotdeauna \u201ecas\u0103 bun\u0103\u201d cu statutul de scriitor.<\/p>\n\n\n\n<p>Public\u0103 mai multe volume de poezii romantice, lirice \u015fi patriotice: <em>C\u00e2ntice \u015fi elegii<\/em> (1885), <em>Suflete \u00een extaz<\/em> (1890), <em>Poezii vechi \u015fi nou\u0103<\/em> (1894), fiorul liric fiind puternic impregnat cu accente simboliste \u015fi parnasiene, cele dou\u0103 curente vizibile \u00een poezia rom\u00e2neasc\u0103 de la sf\u00e2r\u015fitul secolului al XIX-lea. C\u00e2nd, \u00een 1888, \u00een ciuda raportului favorabil \u00eentocmit de Bogdan Petriceicu-Ha\u015fdeu, Academia \u00eei respinge de la premiere \u015fi volumul <em>Poezii<\/em>, \u201esoarta de poet\u201d a lui Vlahu\u0163\u0103 pare pecetluit\u0103 pentru totdeauna. Cu toate acestea, \u00een 1900, Academia \u00eei acord\u0103 Premiul \u201eN\u0103sturel Herescu\u201d pentru volumul de poezii publicat cu un an \u00eenainte, <em>Clipe de lini\u015fte<\/em> (1899).<\/p>\n\n\n\n<p>Numeroasele schi\u0163e, povestiri \u015fi nuvele care exploreaz\u0103 teme diverse, de la via\u0163a rural\u0103 \u015fi tradi\u0163ii p\u00e2n\u0103 la aspecte sociale \u015fi sentimentale, nu trec neobservate \u00een peisajul literar al vremii. Exemple notabile sunt volumele: <em>Icoane \u015fterse<\/em> (1895), <em>\u00cen v\u00e2ltoare<\/em> (1896), colec\u0163ia de povestiri <em>\u00cen mijlocul lupilor<\/em> (1901), <em>Din durerile lumii<\/em> (1908) \u015fi <em>Din trecutul nostru<\/em> (acela\u015fi an, 1908). De altfel, partea cea mai valoroas\u0103 a crea\u0163iei literare a lui Alexandru Vlahu\u0163\u0103 pare a fi proza scurt\u0103.<\/p>\n\n\n\n<p>\u015ecoala \u015fi oamenii ei, cu toate metehnele lor, sunt ecouri ale activit\u0103\u0163ii de profesor de la T\u00e2rgovi\u015fte \u015fi de la Bucure\u015fti. Pedepsele de tot felul, menite s\u0103 impulsioneze \u00eenv\u0103\u0163area, surprind \u015fi ast\u0103zi prin cruzimea cu care erau aplicate. Exemplific\u0103m afirma\u0163ia cu un fragment din <em>Mog\u00e2ldea<\/em>:<\/p>\n\n\n\n<p>\u201e<em>Turnatul la banc\u0103 era teribil. Micul vinovat era a\u015fternut cu pieptul la cap\u0103tul b\u0103ncii, un monitor \u00eel \u0163inea bine de grumaz, altul de picioare, \u015fi domnu \u00eei tr\u0103gea cu varga la&#8230; spate, ca s\u0103 goneasc\u0103 mintea la cap. Uneori domnu se \u00eenfuria stra\u015fnic de \u0163ipetele nenorocitului copil, \u015f-atunci vergile se rupeau una dup\u0103 alta \u015fi asta-l nec\u0103jea \u015fi mai r\u0103u&#8230;<\/em><\/p>\n\n\n\n<p><em>\u2013 Cambur! S\u0103-mi aduci m\u00e2ni dou\u0103zeci de nuele bune; s\u0103 nu te mai v\u0103d cu pae de astea c\u0103-\u0163i rup urechile!<\/em>\u201d<\/p>\n\n\n\n<p><em>Rom\u00e2nia pitoreasc\u0103<\/em> exploreaz\u0103 via\u0163a \u015fi tradi\u0163iile rurale rom\u00e2ne\u015fti, \u00eentr-o manier\u0103 idealizat\u0103. Cu toate c\u0103 a intrat \u00een manualele \u015fcolare, firul narativ este neconving\u0103tor, nucleele epice par, mai degrab\u0103, o succesiune de povestiri de sine st\u0103t\u0103toare, dec\u00e2t un roman bine \u00eenchegat. Patriotismul este evident \u00een tablourile descrise: \u201e\u015ei ce frumo\u015fi ciobani pasc turmele lui Grigorescu! \u015ei m\u00e2ndri. Parc\u0103-s regi, monarhi ai mun\u0163ilor, a\u015fa umbl\u0103, a\u015fa stau, a\u015fa privesc peste plaiurile lor. Nu sunt ei cobor\u00e2tori din cnezi? N-au purtat gluga \u015fi opinca celor dint\u00e2i voievozi ai Carpa\u0163ilor?\u201d<\/p>\n\n\n\n<p>Cel\u0103lalt roman, <em>Dan<\/em>, \u201e<em>este un lucru cu totul searb\u0103d, &#8230; lipsit de r\u0103ceala observa\u0163iei \u015fi, pe c\u00e2t se pare, un denun\u0163, \u00eenainte de divor\u0163, al propriilor vicisitudini casnice ale autorului.<\/em>\u201d (G. C\u0103linescu)<\/p>\n\n\n\n<p>Nici cele c\u00e2teva piese de teatru pe care le public\u0103 nu \u00eei aduc recunoa\u015fterea literar\u0103 \u015fi nici nu \u00eei modific\u0103 \u00een vreun fel statutul de scriitor pe care \u015fi-l c\u00e2\u015ftigase p\u00e2n\u0103 atunci.<\/p>\n\n\n\n<p>Latura eseistic\u0103 a operei lui Alexandru Vlahu\u0163\u0103 ni-l \u00eenf\u0103\u0163i\u015feaz\u0103 ca pe un scriitor cu preocup\u0103ri cultural-istorice \u015fi sociale. Lucr\u0103rile sale eseistice abordeaz\u0103 subiecte variate, cum ar fi: literatura rom\u00e2n\u0103, istoria na\u0163ional\u0103, critica literar\u0103 \u015fi studiile culturale etc.<\/p>\n\n\n\n<p>Cariera de jurnalist aduce momente de str\u0103lucire operei sale literare; criticii literari \u015fi biografii operei sale o consider\u0103 v\u00e2rful de lance al \u00eentregii sale crea\u0163ii. \u201eConvorbiri literare\u201d, \u201eArmonia\u201d (publica\u0163ie scoas\u0103 de Al. Vlahu\u0163\u0103, la T\u00e2rgovi\u015fte, \u00eentre 1881-1883), \u201eViea\u0163a\u201d, \u201eS\u0103m\u0103n\u0103torul\u201d, \u201eLiteratorul\u201d sunt numai c\u00e2teva dintre publica\u0163iile la care scriitorul este statornic colaborator.<\/p>\n\n\n\n<p>Este important de men\u0163ionat c\u0103 opera lui Alexandru Vlahu\u0163\u0103 reflect\u0103 preocup\u0103rile \u015fi valorile epocii sale, \u00een special interesul pentru cultur\u0103 \u015fi tradi\u0163ie, dar \u015fi pentru modernizare \u015fi progres. El a fost un om cu o influen\u0163\u0103 semnificativ\u0103 asupra lumii literare \u015fi culturale a Rom\u00e2niei din a doua jum\u0103tate a secolului al XIX-lea \u015fi \u00eenceputul secolului al XX-lea.<\/p>\n\n\n\n<p>* * *<\/p>\n\n\n\n<p>Nu pot \u00eencheia aceast\u0103 evocare a celor 165 de ani de la na\u015fterea lui Alexandru Vlahu\u0163\u0103, pe care \u00eei s\u0103rb\u0103torim la acest \u00eenceput de septembrie auriu, f\u0103r\u0103 a aminti de \u00eent\u00e2mplarea fericit\u0103 care a a\u015fezat la Agapia \u2013 \u00een imediata vecin\u0103tate a picturilor lui Grigorescu, ad\u0103postite de impozantul a\u015fez\u0103m\u00e2nt monahal \u2013 un loc de etern\u0103 aducere-aminte \u015fi recunoa\u015ftere a rolului pe care scriitorul, publicistul \u015fi eseistul l-a avut aproape o jum\u0103tate de secol \u00een cultura \u015fi literatura rom\u00e2n\u0103 \u2013 un loc cunoscut sub denumirea <em>Casa memorial\u0103 \u201eAlexandru Vlahu\u0163\u0103\u201d Agapia<\/em>.<\/p>\n\n\n\n<p>Dac\u0103 \u00eei trece\u0163i pragul, ve\u0163i c\u00e2\u015ftiga mult!<\/p>\n\n\n\n<p><em>&nbsp;Prof. dr. Gheorghe BR\u00c2NZEI<\/em><em><\/em><\/p>\n","protected":false},"excerpt":{"rendered":"<p>Se \u00eemplinesc, \u00een anul de gra\u0163ie 2023, 165 de ani de la na\u015fterea unui scriitor care avea s\u0103 \u00ee\u015fi pun\u0103 amprenta trecerii sale prin aceast\u0103 lume \u015fi peste atmosfera cu t\u00e2nguiri de fluier \u015fi dang\u0103t de clopot a spa\u0163iului mioritic&hellip;<\/p>\n<p class=\"more-link-p\"><a class=\"more-link\" href=\"http:\/\/www.slineamt.ro\/apostolul\/comemorari\/restitutio-alexandru-vlahuta-165-de-ani-de-la-nasterea-scriitorului\/\">Read more &rarr;<\/a><\/p>\n","protected":false},"author":1,"featured_media":0,"comment_status":"open","ping_status":"closed","sticky":false,"template":"","format":"standard","meta":{"footnotes":""},"categories":[5,474],"tags":[],"class_list":["post-24564","post","type-post","status-publish","format-standard","hentry","category-comemorari","category-numarul-264"],"_links":{"self":[{"href":"http:\/\/www.slineamt.ro\/apostolul\/wp-json\/wp\/v2\/posts\/24564","targetHints":{"allow":["GET"]}}],"collection":[{"href":"http:\/\/www.slineamt.ro\/apostolul\/wp-json\/wp\/v2\/posts"}],"about":[{"href":"http:\/\/www.slineamt.ro\/apostolul\/wp-json\/wp\/v2\/types\/post"}],"author":[{"embeddable":true,"href":"http:\/\/www.slineamt.ro\/apostolul\/wp-json\/wp\/v2\/users\/1"}],"replies":[{"embeddable":true,"href":"http:\/\/www.slineamt.ro\/apostolul\/wp-json\/wp\/v2\/comments?post=24564"}],"version-history":[{"count":1,"href":"http:\/\/www.slineamt.ro\/apostolul\/wp-json\/wp\/v2\/posts\/24564\/revisions"}],"predecessor-version":[{"id":24566,"href":"http:\/\/www.slineamt.ro\/apostolul\/wp-json\/wp\/v2\/posts\/24564\/revisions\/24566"}],"wp:attachment":[{"href":"http:\/\/www.slineamt.ro\/apostolul\/wp-json\/wp\/v2\/media?parent=24564"}],"wp:term":[{"taxonomy":"category","embeddable":true,"href":"http:\/\/www.slineamt.ro\/apostolul\/wp-json\/wp\/v2\/categories?post=24564"},{"taxonomy":"post_tag","embeddable":true,"href":"http:\/\/www.slineamt.ro\/apostolul\/wp-json\/wp\/v2\/tags?post=24564"}],"curies":[{"name":"wp","href":"https:\/\/api.w.org\/{rel}","templated":true}]}}