{"id":24903,"date":"2023-12-18T13:05:21","date_gmt":"2023-12-18T13:05:21","guid":{"rendered":"http:\/\/www.slineamt.ro\/apostolul\/?p=24903"},"modified":"2023-12-18T13:05:21","modified_gmt":"2023-12-18T13:05:21","slug":"zilele-bibliotecii-judetene-g-t-kirileanu-neamt-2023","status":"publish","type":"post","link":"http:\/\/www.slineamt.ro\/apostolul\/arte-si-meseriii\/zilele-bibliotecii-judetene-g-t-kirileanu-neamt-2023\/","title":{"rendered":"Zilele Bibliotecii Jude\u0163ene \u201eG.T. Kirileanu\u201d Neam\u0163 \u2013 2023"},"content":{"rendered":"<div class=\"wp-block-image\">\n<figure class=\"alignleft size-full is-resized\"><a href=\"http:\/\/www.slineamt.ro\/apostolul\/wp-content\/uploads\/2023\/12\/18-ap267-foto1.jpg\"><img loading=\"lazy\" decoding=\"async\" width=\"567\" height=\"388\" src=\"http:\/\/www.slineamt.ro\/apostolul\/wp-content\/uploads\/2023\/12\/18-ap267-foto1.jpg\" alt=\"\" class=\"wp-image-24904\" style=\"width:462px;height:auto\" srcset=\"http:\/\/www.slineamt.ro\/apostolul\/wp-content\/uploads\/2023\/12\/18-ap267-foto1.jpg 567w, http:\/\/www.slineamt.ro\/apostolul\/wp-content\/uploads\/2023\/12\/18-ap267-foto1-300x205.jpg 300w, http:\/\/www.slineamt.ro\/apostolul\/wp-content\/uploads\/2023\/12\/18-ap267-foto1-560x383.jpg 560w, http:\/\/www.slineamt.ro\/apostolul\/wp-content\/uploads\/2023\/12\/18-ap267-foto1-260x178.jpg 260w, http:\/\/www.slineamt.ro\/apostolul\/wp-content\/uploads\/2023\/12\/18-ap267-foto1-160x109.jpg 160w\" sizes=\"auto, (max-width: 567px) 100vw, 567px\" \/><\/a><\/figure>\n<\/div>\n\n\n<p>Intrate \u00een tradi\u0163ia vie\u0163ii spirituale nem\u0163ene, Zilele Bibliotecii Jude\u0163ene au curprins, \u015fi \u00een acest an (23-24 noiembrie 2023), un bogat \u015fi divers program cultural-educativ. Deschidere oficial\u0103 a Zilelor Bibliotecii a avut loc joi, 23 noiembrie 2023, \u00een Sala Cupola, cu mesajul autorit\u0103\u0163ilor. S-au al\u0103turat cu mesaje on-line Gheorghe-Gabriel C\u0103r\u0103bu\u015f, managerul Bibliotecii Bucovinei \u201eI.G. Sbiera\u201d Suceava \u015fi Ersilia Iacob, managerul Bibliotecii Jude\u0163ene \u201eMihai Eminescu\u201d Boto\u015fani. \u00cen continuare, Mihaela Mereu\u0163\u0103, managerul Bibliotecii Jude\u0163ene \u201eG.T. Kirileanu\u201d Neam\u0163, a vorbit despre \u201eBibliotec\u0103 \u015fi comunitate\u201d. <em>Biblioteca Jude\u0163ean\u0103 ofer\u0103 posibilitatea particip\u0103rii la un program diversificat de informare, documentare, comunicare \u015fi socializare pentru toate categoriile de v\u00e2rst\u0103. Iar dezvoltarea interesului utilizatorilor de a accesa serviciile de bibliotec\u0103, prin desf\u0103\u015furarea unor activit\u0103\u0163i cultural-educative \u015fi artistice, face parte din strategia de atragere \u015fi familiarizare a cititorilor cu serviciile bibliotecii. Astfel, programele \u015fi proiectele literar-artistice \u015fi social-comunitare, precum \u015fi activit\u0103\u0163ile specifice desf\u0103\u015furate sunt dintre cele mai diverse \u015fi \u00ee\u015fi propun s\u0103 acopere o gam\u0103 c\u00e2t mai diversificat\u0103 de preferin\u0163e \u015fi arii de interes<\/em>. A urmat un moment muzical sus\u0163inut la vioar\u0103 de Inge Olaru, elev\u0103 \u00een clasa a XII-a la Liceul de Arte \u201eVictor Brauner\u201d din Piatra-Neam\u0163. Ea a interpretat \u201eBalada\u201d de Ciprian Porumbescu.<\/p>\n\n\n\n<p>Festivitatea a continuat cu lansarea c\u0103r\u0163ii \u201eG.T. Kirileanu: M\u0103rturii epistolare din orizontul \u00abMamei Bistri\u0163a\u00bb \u015fi al lui \u00abMo\u015f Ceahl\u0103u\u00bb. Patimile unui ctitor de bibliotec\u0103\u201d de Constantin Bostan, ap\u0103rut\u0103 recent la Editura Timpul din Ia\u015fi. Al\u0103turi de autor, s-a aflat scriitorul Cassian Maria Spiridon, directorul Editurii Timpul, pre\u015fedintele Uniunii Scriitorilor din Rom\u00e2nia, Filiala Ia\u015fi: <em>\u00cel felicit pe domnul Constantin Bostan pentru noul volum dedicat lui Gheorghe Teodorescu Kirileanu. Cartea a ap\u0103rut \u00een condi\u0163ii grafice foarte bune \u015fi m\u0103 bucur c\u0103 am fost implica\u0163i \u00een editarea ei. Multe dintre scrierile domnului Bostan despre activitatea lui G.T. Kirileanu au ap\u0103rut \u015fi apar \u00een revista Convorbiri literare. Domnia sa are o rubric\u0103 foarte bine structurat\u0103 \u00een care aduce mereu nout\u0103\u0163i de istorie literar\u0103<\/em>, a spus Cassian Maria Spiridon.<\/p>\n\n\n\n<p>A urmat lansarea antologiilor \u201ePoezie. Poe\u0163i, membrii ai Filialei Ia\u015fi a Uniunii Scriitorilor din Rom\u00e2nia\u201d \u015fi \u201eProz\u0103. Prozatori, membrii ai Filialei Ia\u015fi a Uniunii Scriitorilor din Rom\u00e2nia\u201d, ambele supervizate de Cassian Maria Spiridon. <em>Aceste antologii au ap\u0103rut la Editura Timpul din Ia\u015fi cu prilejul \u00eemplinirii a 75 de ani de existen\u0163\u0103 a Filialei Ia\u015fi a Uniunii Scriitorilor din Rom\u00e2nia, pe care \u00eei vom marca la \u00eenceputul anului viitor. Ele au fost lansate cu ocazia acord\u0103rii Premiilor USR, Filiala Ia\u015fi. Noi, ca filial\u0103, am luat fiin\u0163\u0103 la 21 februarie 1949<\/em>, a mai ad\u0103ugat Cassian Maria Spiridon.<\/p>\n\n\n\n<p>Prima zi a cuprins \u015fi momentul aniversar: <em>Nicolae Scurtu \u2013 50 de ani de la debut ca istoric literar<\/em>. Originar din jude\u0163ul Neam\u0163 (n. 4 februarie 1951, la V\u0103ratic, comuna Agapia), Nicolae Scurtu a debutat publicistic \u00een revista s\u0103pt\u0103m\u00e2nal\u0103 <em>Orizont<\/em>, de la Timi\u015foara, la 22 noiembrie 1973, cu un articol despre Cezar Petrescu \u015fi Virgil Molin. <em>Am publicat 27 de c\u0103r\u0163i de istorie literar\u0103, 2.565 de articole \u015fi am sus\u0163inut 1.600 de conferin\u0163e \u00een \u0163ar\u0103 \u015fi str\u0103in\u0103tate. Eu zic c\u0103-i suficient pentru un intelectual pornit din lumea satului. Neam\u0163ul, dup\u0103 Ia\u015fi \u015fi Prahova, este al treilea jude\u0163 din \u0163ar\u0103 care are cele mai multe case memoriale \u015fi muzee de scriitori<\/em>, a subliniat Nicolae Scurtu.<\/p>\n\n\n\n<p>Dezbaterea profesional\u0103 &#8211; dialog: De la BIBLIONET la PNRR, av\u00e2nd ca invitate speciale pe Maria Magdalena Hisum, \u015fef Serviciu Proiecte sociale, Consiliul Jude\u0163ean Neam\u0163, \u015fi Ramona Borzo\u015f, consilier Serviciul Proiecte sociale, Consiliul Jude\u0163ean Neam\u0163, a fost urmat\u0103 de festivitatea de premiere a bibliotecarilor \u015fi bibliotecilor publice din jude\u0163ul Neam\u0163 \u015fi de \u00eent\u00e2lnirea membrilor Reprezentan\u0163ei Neam\u0163 a Uniunii Scriitorilor din Rom\u00e2nia.<\/p>\n\n\n<div class=\"wp-block-image\">\n<figure class=\"alignright size-full\"><a href=\"http:\/\/www.slineamt.ro\/apostolul\/wp-content\/uploads\/2023\/12\/18-ap267-foto2.jpg\"><img loading=\"lazy\" decoding=\"async\" width=\"321\" height=\"454\" src=\"http:\/\/www.slineamt.ro\/apostolul\/wp-content\/uploads\/2023\/12\/18-ap267-foto2.jpg\" alt=\"\" class=\"wp-image-24905\" srcset=\"http:\/\/www.slineamt.ro\/apostolul\/wp-content\/uploads\/2023\/12\/18-ap267-foto2.jpg 321w, http:\/\/www.slineamt.ro\/apostolul\/wp-content\/uploads\/2023\/12\/18-ap267-foto2-212x300.jpg 212w, http:\/\/www.slineamt.ro\/apostolul\/wp-content\/uploads\/2023\/12\/18-ap267-foto2-260x368.jpg 260w, http:\/\/www.slineamt.ro\/apostolul\/wp-content\/uploads\/2023\/12\/18-ap267-foto2-160x226.jpg 160w\" sizes=\"auto, (max-width: 321px) 100vw, 321px\" \/><\/a><\/figure>\n<\/div>\n\n\n<p>Manifest\u0103rile culturale dedicate primei zile s-au \u00eencheiat cu un spectacol-recital de lieduri rom\u00e2ne\u015fti: <em>\u00cen\u015fir\u02bcte, m\u0103rg\u0103rite<\/em>, \u00een interpretarea studen\u0163ilor clasei de canto a conf. univ. dr. Anastasia Buruian, de la Academia de Muzic\u0103 \u201eGheorghe Dima\u201d Cluj-Napoca, Extensia Piatra-Neam\u0163 (invitat: baritonul Emanuel Stama; la pian: lector univ. dr. Cristina \u015eoitu; regia: C\u0103t\u0103lin Brahonschi).<\/p>\n\n\n\n<p>A doua zi, vineri, 24 noiembrie 2023, a \u00eenceput cu lansarea albumului de art\u0103: \u201eJacques H\u00e9rold \u00een edi\u0163ii bibliofile \u2013 o c\u0103l\u0103torie\u201d . Prezentarea a fost asigurat\u0103 de dr. Daniel Nazare, managerul Bibliotecii Jude\u0163ene \u201eGeorge Bari\u0163iu\u201d Bra\u015fov \u015fi de dr. Ruxandra Moa\u015fa Nazare, curatorul expozi\u0163iei pentru Rom\u00e2nia. Cartea rezum\u0103 experien\u0163a expozi\u0163ional\u0103 \u00een Rom\u00e2nia a colec\u0163iei de lucr\u0103ri bibliofile realizate de Jacques H\u00e9rold, apar\u0163in\u00e2nd colec\u0163ionarei \u015fi curatoarei Cristina Simion. La fel ca pictorul Victor Brauner, Jacques H\u00e9rold s-a n\u0103scut la Piatra-Neam\u0163.<\/p>\n\n\n\n<p><em>Piatra-Neam\u0163 poate deveni o Capital\u0103 a suprarealismului \u015fi \u015fi-ar merita din plin acest titlu pentru c\u0103 aici s-au n\u0103scut Jacques H\u00e9rold \u015fi Victor Brauner. Periplul expozi\u0163ional al acestei interesante colec\u0163ii de lucr\u0103ri multiple pe h\u00e2rtie apar\u0163in\u00e2nd artistului francez de origine rom\u00e2n\u0103, cele mai multe incluse \u00een edi\u0163ii bibliofile acoperind patru decenii creative, a \u00eenceput la Bra\u015fov. Colec\u0163ia a fost prezentat\u0103 pentru prima oar\u0103 \u00een Rom\u00e2nia, \u00een 2021. Au urmat expozi\u0163ii \u015fi evenimente la Bucure\u015fti, Timi\u015foara, Cluj-Napoca. Albumul care rememoreaz\u0103 aceast\u0103 c\u0103l\u0103torie e o reveren\u0163\u0103 adus\u0103 memoriei \u015fi geniului creativ ale lui Jacques H\u00e9rold, contribuind la cunoa\u015fterea operei sale \u00een Rom\u00e2nia<\/em>, a specificat dr. Daniel Nazare, managerul Bibliotecii Jude\u0163ene \u201eGeorge Bari\u0163iu\u201d Bra\u015fov.<\/p>\n\n\n\n<p>Simpozionul \u201eDimitrie Cantemir \u2013 Istorie, Cultur\u0103, Patrimoniu\u201d, dezbaterea &#8211; dialog: \u201eCultur\u0103 \u015fi civiliza\u0163ie egiptean\u0103. Mitologie egiptean\u0103\u201d din cadrul proiectului \u201eCultur\u0103 \u015fi civiliza\u0163ie rom\u00e2neasc\u0103 \u00een lumea arab\u0103\u201d, \u015fi prezentarea de carte veche, vizionare \u015fi expozi\u0163ie de publica\u0163ii: \u201eUniversul Sadovenian \u2013 143 de ani de la na\u015fterea scriitorului Mihail Sadoveanu\u201d au fost alte puncte de reper pe agenda Zilelor Bibliotecii. De asemenea, spectacolele de teatru: \u201eC\u0103r\u0163ile \u2013 ferestre deschise spre suflet\u201d, adaptare dup\u0103 piesa de teatru \u201eVrem s\u0103 v\u0103 d\u0103ruim c\u00e2te o fereastr\u0103\u201d de Matei Vi\u015fniec, \u00een interpretarea elevilor clasei a VII-a de la Colegiul Na\u0163ional \u201ePetru Rare\u015f\u201d Piatra-Neam\u0163 (prof. coordonator Elena N\u0103soi), \u015fi \u201eCerere \u00een c\u0103s\u0103torie\u201d, de Anton Pavlovici Cehov, \u00een interpretarea clasei de teatru \u201eArtSim\u201d a Clubului Artis (coordonator: Mioara Bostan, regia: Liliana Simion).<\/p>\n\n\n\n<p>Zilele Bibliotecii \u201eG.T. Kirileanu\u201d au prilejuit, totodat\u0103, prezentarea mai multor expozi\u0163ii, activit\u0103\u0163i de educa\u0163ie, formare \u015fi loisir, ateliere creative pentru copii \u015fi tineri, ateliere de lectur\u0103 \u015fi dezbatere, ateliere de pictur\u0103, cursuri de limba englez\u0103 \u015fi ateliere ludico-creative pentru copii.<\/p>\n\n\n\n<p><strong><em>Red.<\/em><\/strong><strong><em><\/em><\/strong><\/p>\n","protected":false},"excerpt":{"rendered":"<p>Intrate \u00een tradi\u0163ia vie\u0163ii spirituale nem\u0163ene, Zilele Bibliotecii Jude\u0163ene au curprins, \u015fi \u00een acest an (23-24 noiembrie 2023), un bogat \u015fi divers program cultural-educativ. Deschidere oficial\u0103 a Zilelor Bibliotecii a avut loc joi, 23 noiembrie 2023, \u00een Sala Cupola, cu&hellip;<\/p>\n<p class=\"more-link-p\"><a class=\"more-link\" href=\"http:\/\/www.slineamt.ro\/apostolul\/arte-si-meseriii\/zilele-bibliotecii-judetene-g-t-kirileanu-neamt-2023\/\">Read more &rarr;<\/a><\/p>\n","protected":false},"author":1,"featured_media":0,"comment_status":"open","ping_status":"closed","sticky":false,"template":"","format":"standard","meta":{"footnotes":""},"categories":[7,477],"tags":[],"class_list":["post-24903","post","type-post","status-publish","format-standard","hentry","category-arte-si-meseriii","category-numarul-267"],"_links":{"self":[{"href":"http:\/\/www.slineamt.ro\/apostolul\/wp-json\/wp\/v2\/posts\/24903","targetHints":{"allow":["GET"]}}],"collection":[{"href":"http:\/\/www.slineamt.ro\/apostolul\/wp-json\/wp\/v2\/posts"}],"about":[{"href":"http:\/\/www.slineamt.ro\/apostolul\/wp-json\/wp\/v2\/types\/post"}],"author":[{"embeddable":true,"href":"http:\/\/www.slineamt.ro\/apostolul\/wp-json\/wp\/v2\/users\/1"}],"replies":[{"embeddable":true,"href":"http:\/\/www.slineamt.ro\/apostolul\/wp-json\/wp\/v2\/comments?post=24903"}],"version-history":[{"count":1,"href":"http:\/\/www.slineamt.ro\/apostolul\/wp-json\/wp\/v2\/posts\/24903\/revisions"}],"predecessor-version":[{"id":24906,"href":"http:\/\/www.slineamt.ro\/apostolul\/wp-json\/wp\/v2\/posts\/24903\/revisions\/24906"}],"wp:attachment":[{"href":"http:\/\/www.slineamt.ro\/apostolul\/wp-json\/wp\/v2\/media?parent=24903"}],"wp:term":[{"taxonomy":"category","embeddable":true,"href":"http:\/\/www.slineamt.ro\/apostolul\/wp-json\/wp\/v2\/categories?post=24903"},{"taxonomy":"post_tag","embeddable":true,"href":"http:\/\/www.slineamt.ro\/apostolul\/wp-json\/wp\/v2\/tags?post=24903"}],"curies":[{"name":"wp","href":"https:\/\/api.w.org\/{rel}","templated":true}]}}