{"id":24914,"date":"2023-12-18T13:33:16","date_gmt":"2023-12-18T13:33:16","guid":{"rendered":"http:\/\/www.slineamt.ro\/apostolul\/?p=24914"},"modified":"2023-12-18T13:33:16","modified_gmt":"2023-12-18T13:33:16","slug":"cronica-unei-generatii-de-dascali-i","status":"publish","type":"post","link":"http:\/\/www.slineamt.ro\/apostolul\/lectia-de-istorie\/cronica-unei-generatii-de-dascali-i\/","title":{"rendered":"Cronica unei genera\u0163ii de dasc\u0103li (I)"},"content":{"rendered":"<div class=\"wp-block-image\">\n<figure class=\"alignleft size-full is-resized\"><a href=\"http:\/\/www.slineamt.ro\/apostolul\/wp-content\/uploads\/2023\/12\/15-ap267-foto1.jpg\"><img loading=\"lazy\" decoding=\"async\" width=\"454\" height=\"241\" src=\"http:\/\/www.slineamt.ro\/apostolul\/wp-content\/uploads\/2023\/12\/15-ap267-foto1.jpg\" alt=\"\" class=\"wp-image-24915\" style=\"width:448px;height:auto\" srcset=\"http:\/\/www.slineamt.ro\/apostolul\/wp-content\/uploads\/2023\/12\/15-ap267-foto1.jpg 454w, http:\/\/www.slineamt.ro\/apostolul\/wp-content\/uploads\/2023\/12\/15-ap267-foto1-300x159.jpg 300w, http:\/\/www.slineamt.ro\/apostolul\/wp-content\/uploads\/2023\/12\/15-ap267-foto1-260x138.jpg 260w, http:\/\/www.slineamt.ro\/apostolul\/wp-content\/uploads\/2023\/12\/15-ap267-foto1-160x85.jpg 160w\" sizes=\"auto, (max-width: 454px) 100vw, 454px\" \/><\/a><\/figure>\n<\/div>\n\n\n<p><strong>Promo\u0163ia 1957 a Facult\u0103\u0163ii de Filologie &#8211; Istorie \u2013 Sec\u0163ia de Limba \u015fi Literatura Rom\u00e2n\u0103 \u2013 a Universit\u0103\u0163ii \u201eAlexandru Ioan Cuza\u201d din Ia\u015fi<\/strong><\/p>\n\n\n\n<p><strong>1. Motiva\u0163ie<\/strong><\/p>\n\n\n\n<p>Via\u0163a nu este doar un izvor de amintiri. Existen\u0163a uman\u0103 este o realitate ce trebuie tr\u0103it\u0103, nu doar o enigm\u0103 ce trebuie dezlegat\u0103. Totu\u015fi, o via\u0163\u0103 cu multe amintiri, cred c\u0103 a meritat tr\u0103it\u0103, este o via\u0163\u0103 \u00eemplinit\u0103.<\/p>\n\n\n\n<p>Pe de alt\u0103 parte, amintirile sunt informa\u0163ii pur personale. Oare le pas\u0103 altora de ele? M\u0103 g\u00e2ndesc c\u0103 poate le pas\u0103, \u00een m\u0103sura \u00een care se suprapun pe propriile amintiri sau poate le trezesc un impuls de curiozitate.<\/p>\n\n\n\n<p>Este una din ra\u0163iunile pentru care m-am decis s\u0103 a\u015ftern pe h\u00e2rtie amintirile unei genera\u0163ii de profesori din care \u015fi eu am f\u0103cut parte. Din aceast\u0103 genera\u0163ie \u015fapte profesori au func\u0163ionat \u00een jude\u0163ul Neam\u0163.<\/p>\n\n\n\n<p>\u00cen vara anului 2022 m-a vizitat un fost coleg de facultate. Din vorb\u0103-n vorb\u0103, la un moment dat, colegul meu a scos din cutia cu aten\u0163ii un titirez \u015fi l-a pus \u00een mi\u015fcare exclam\u00e2nd: \u201eUite, a\u015fa ne-a r\u0103sucit pe noi via\u0163a!\u201d Acesta a fost declicul ce m-a pus \u015fi pe mine \u00een mi\u015fcare, ce a declan\u015fat ideea acestor \u00eensemn\u0103ri.<\/p>\n\n\n\n<p>O alt\u0103 motiva\u0163ie ar fi c\u0103 aceast\u0103 \u00eentreprindere mi-a umplut un gol al existen\u0163ei, a fost ca o terapie, ca un antidot, la singur\u0103tate, b\u0103tr\u00e2ne\u0163e, \u015fi \u2026<\/p>\n\n\n\n<p>Titlul poate s\u0103 par\u0103 desuet sau prea preten\u0163ios. Date fiind informa\u0163iile ce urmeaz\u0103, \u00eenglobate \u00een aproape un secol de istorie, cred c\u0103 poate fi acceptat.<\/p>\n\n\n\n<p>Trebuie s\u0103 mul\u0163umesc Celui care a f\u0103cut posibil s\u0103 mi se scurg\u0103 g\u00e2ndul \u00een m\u00e2na \u00eenc\u0103 vie, s\u0103 pot aduna, ordona \u015fi a\u015fterne pe h\u00e2rtie informa\u0163iile ce urmeaz\u0103.<\/p>\n\n\n\n<p>* * *<\/p>\n\n\n\n<p>\u00cenaintea anivers\u0103rii a 50 de ani de la absolvirea facult\u0103\u0163ii, un grup din fo\u015ftii mei colegi din Ia\u015fi a avut ini\u0163iativa edit\u0103rii unei c\u0103r\u0163i, \u00een care s\u0103 ne consemn\u0103m amintirile. A\u015fa s-a n\u0103scut cartea ce a cunoscut dou\u0103 edi\u0163ii.<\/p>\n\n\n\n<p>Informa\u0163iile le-am extras din a doua edi\u0163ie: <strong>Promotia \u201957. Facultatea de Filologie Istorie, Sec\u0163ia Limba \u015fi Literatura Rom\u00e2n\u0103. Universitatea \u201eAlexandru Ioan Cuza\u201d Ia\u015fi, Edi\u0163ia a II-a<\/strong>. 2009. 611 pg.<\/p>\n\n\n\n<p>A\u015fadar, v\u0103 supun aten\u0163iei un grupaj de \u00eensemn\u0103ri, extrase din carte \u015fi, pe alocuri, completate de mine, ca repere ale unui timp ireversibil pierdut, cu provoc\u0103rile fiec\u0103rui viraj al vie\u0163ii acestei genera\u0163ii de profesori.<\/p>\n\n\n\n<p>Cartea a fost alc\u0103tuit\u0103 din confesiunile absolven\u0163ilor promo\u0163iei \u201957 care, la 50 de ani de la absolvire, erau \u00een via\u0163\u0103, \u015fi a avut un num\u0103r restr\u00e2ns de exemplare, de unde \u015fi inten\u0163ia mea de a o face cunoscut\u0103.<\/p>\n\n\n\n<p>Nu \u015ftiu \u00een ce m\u0103sur\u0103 datele din carte pot prezenta interes pentru istorici sau pentru alte categorii de speciali\u015fti, chiar \u015fi pentru un public mai larg. Contribu\u0163ia mea este modest\u0103, dar am considerat-o ca pe o datorie de onoare fa\u0163\u0103 de fo\u015ftii mei colegi.<\/p>\n\n\n\n<p>Cu regret o spun c\u0103 22 de pagini din carte au r\u0103mas goale, doar cu numele, fie c\u0103 unii colegi n-au r\u0103spuns propunerii, fie c\u0103 pentru al\u0163ii, din cei deceda\u0163i, n-a scris nimeni.<\/p>\n\n\n\n<p>Am grupat textele selectate \u00een c\u00e2teva capitole, marc\u00e2nd existen\u0163a noastr\u0103 p\u00e2n\u0103 la intrarea \u00een facultate, studen\u0163ia, activitatea profesional\u0103 \u015fi extraprofesional\u0103 \u015fi \u2026 dup\u0103.<\/p>\n\n\n\n<p>Anul acesta, unii dintre colegi, pu\u0163ini la num\u0103r, \u00ee\u015fi aniverseaz\u0103 90 de ani de existen\u0163\u0103 al\u0163ii, tot pu\u0163ini, vin din urm\u0103. De asemenea, se \u00eemplinesc 70 de ani de la primii pa\u015fi \u00een studen\u0163ie \u015fi peste 65 de ani de la absolvire.<\/p>\n\n\n\n<p>Sigur, de atunci, din 1953, vremurile s-au schimbat, peste oameni au venit alte urgii sau \u00eempliniri. Cred c\u0103 nu este lipsit de interes s\u0103 ni le amintim.<\/p>\n\n\n\n<p>Noi, cei din genera\u0163ia \u201957, am tr\u0103it \u00een c\u00e2teva etape esen\u0163iale ale istoriei. Ne-am n\u0103scut \u00een regim capitalist, am trecut prin trei dictaturi, am tr\u0103it R\u0103zboiul, am trecut prin comunism iar, la b\u0103tr\u00e2ne\u0163e, c\u00e2nd credeam c\u0103 ne-am a\u015fezat vie\u0163ile pe ni\u015fte temelii mai sigure, tr\u0103im \u00eentr-o societate ce, nu de pu\u0163ine ori, ne d\u0103 motive de \u00eengrijorare.<\/p>\n\n\n\n<p>Cu voia sau f\u0103r\u0103 voia noastr\u0103 am fost \u015fi suntem implica\u0163i \u00een toate evenimentele politice, sociale \u015fi economice, suport\u00e2nd consecin\u0163e faste \u015fi nefaste.<\/p>\n\n\n\n<p>Exist\u0103 o maxim\u0103, prea u\u015for vehiculat\u0103, c\u0103 oamenii nu trebuie aprecia\u0163i, l\u0103uda\u0163i, \u00eenainte de moarte. Eu cred c\u0103 ei trebuie aprecia\u0163i \u015fi \u00een timpul vie\u0163ii, dac\u0103 au meritat. Trebuie s\u0103 \u00eendr\u0103znim s\u0103 depunem m\u0103rturie \u00een favoarea lor.<\/p>\n\n\n\n<p>E. Hemingway spunea unui reporter, \u00eentrebat fiind, despre secretul crea\u0163iei c\u0103, adesea, este mai greu s\u0103 descrii dec\u00e2t s\u0103 \u00eenf\u0103ptuie\u015fti ceva. Subscriu acestei judec\u0103\u0163i totu\u015fi, \u00eencerc.<\/p>\n\n\n\n<p>A\u015fadar, v\u0103 propun o c\u0103l\u0103torie \u00een timp.<\/p>\n\n\n\n<p><strong>2. Lumini \u015fi umbre. Copil\u0103ria \u015fi anii de \u015fcoal\u0103<\/strong><\/p>\n\n\n\n<p>Amintirile noastre, consemnate \u00een cartea promo\u0163iei 1957, sunt c\u00e2nd luminoase, c\u00e2nd tulburi, dup\u0103 cum apa vie\u0163ii le-a str\u00e2ns \u00een albia ei. C\u00e2teva date pot fi edificatoare:<\/p>\n\n\n\n<p>\u201eSunt n\u0103scut\u0103 \u00eentr-un sat s\u0103rac din jude\u0163ul Vaslui \u00een care, \u00eenainte de r\u0103zboi, erau 5-6 familii bogate, mo\u015fieri, iar restul 300-500 familii lucrau propriul petic de p\u0103m\u00e2nt sau lucrau la mo\u015fiile c\u00e2torva boieri.<\/p>\n\n\n\n<p>Am \u00eenv\u0103\u0163at patru clase primare cu un singur \u00eenv\u0103\u0163\u0103tor, foarte bine preg\u0103tit, foarte harnic, destul de sever \u00abpreda simultan\u00bb cu dou\u0103 clase diminea\u0163a \u015fi alte dou\u0103 dup\u0103 mas\u0103.\u201d Sunt m\u0103rturisirile prof. Elena Ba\u015fceau\u015f Acameni\u0163oaiei din Ia\u015fi, pg. 91.<\/p>\n\n\n\n<p>Alt\u0103 confesiune: \u201e\u00cent\u00e2mplarea a f\u0103cut s\u0103 m\u0103 nasc dincolo de Prut, \u00een \u0163inutul Hotin. Via\u0163a curgea lini\u015ftit \u015fi sigur, credeam noi, \u00eentr-o familie t\u00e2n\u0103r\u0103, cu multe vise, cu o gospod\u0103rie bine \u00eentemeiat\u0103.<\/p>\n\n\n\n<p>Nu \u00eemplinisem \u00eenc\u0103 9 ani, tat\u0103l meu militar de carier\u0103, a plecat odat\u0103 cu regimentul. Era \u00een anul 1940. Dup\u0103 plecarea lui, \u00eentr-o c\u0103ru\u0163\u0103 rechizi\u0163ionat\u0103, \u00een care au fost aruncate, la repezeal\u0103, c\u00e2teva lucruri, am pornit spre o destina\u0163ie necunoscut\u0103.<\/p>\n\n\n\n<p>Prutul care, p\u00e2n\u0103 atunci, \u00eenfr\u0103\u0163ea oamenii dintr-o parte \u015fi din cealalt\u0103, acum desp\u0103r\u0163ea destine. Pentru noi \u00eencepea un lung drum prin \u0163ar\u0103.\u201d \u00abA frecventat \u015fase \u015fcoli primare din \u015fase localit\u0103\u0163i\u00bb Elena D\u0103nil\u0103 P\u0103limaru din Foc\u015fani, jud. Vrancea, pg. 161.<\/p>\n\n\n\n<p>\u201eDe ce anume n-a\u015f vrea s\u0103-mi aduc aminte?\u201d scrie Aurel Gheorghi\u0163\u0103 din Ia\u015fi. \u201eDe imaginea unui copil \u00eengrozit care privea cum, \u00een curtea bisericii la care tata era preot, ardeau c\u0103r\u0163ile din biblioteca pe care am g\u0103sit-o c\u00e2nd am deschis ochii la via\u0163\u0103, \u015fi care, \u00een timpul r\u0103zboiului fusese ascuns\u0103 \u00een podul bisericii. Era \u00een 1948 \u015fi eu nu \u00eemplinisem \u00eenc\u0103 13 ani!\u201d, pg.256.<\/p>\n\n\n\n<p>\u201e\u00cen clasele primare am fost fascinat\u0103 de lec\u0163iile de istorie \u015fi de lectura unor poezii din Bolintineanu, V. Alecsandri \u015fi G. Co\u015fbuc, pe care o f\u0103cea \u00een fa\u0163a clasei un dasc\u0103l cu chemare \u015fi cu o mare dragoste de \u015fcoal\u0103, de copii,\u201d m\u0103rturise\u015fte Petru\u0163a Grigore Bejan din R\u0103d\u0103u\u0163i, jud. Suceava, pg. 296.<\/p>\n\n\n\n<p>Alt exemplu: \u201eAnii au trecut pe nesim\u0163ite \u015fi perioada copil\u0103riei ia sf\u00e2r\u015fit cu o \u00eent\u00e2mplare nefericit\u0103. \u00cenv\u0103\u0163\u0103torul Vasile Br\u00e2nzei prime\u015fte Ordinul de Concentrare cu trei stele. Trebuia s\u0103 plece pe front. La plecare, sublocotenentul \u00een rezerv\u0103, ia cu el \u015fi pe Murgul \u00abcalul care tr\u0103ia \u00een curtea \u015fcolii \u015fi pe care copiii \u00eel iubeau\u00bb.<\/p>\n\n\n\n<p>La terminarea R\u0103zboiului, \u00eenv\u0103\u0163\u0103torul bolnav, r\u0103nit \u015fi trist, revine la \u015fcoal\u0103 povestind cum \u00een luptele de la Odesa, Murgul a c\u0103zut salv\u00e2ndu-i via\u0163a.\u201d Ilie Ib\u0103nescu din Suceava, pg. 336.<\/p>\n\n\n\n<p>Alte amintiri: \u201eAm fost nevoit\u0103 s\u0103 muncesc la tot ce puteam rezolva de la o v\u00e2rst\u0103 destul de fraged\u0103 \u2013 6 ani. Nu puteam \u015fi nici nu \u015ftiam s\u0103 pr\u0103\u015fesc porumbul, dar puteam s\u0103 str\u00e2ng \u00een urma pr\u0103\u015fitorilor porumbul t\u0103iat pe care \u00eel duceam acas\u0103, legat \u00een snopi, ca furaje pentru animalele din gospod\u0103rie.<\/p>\n\n\n\n<p>Modelul meu de via\u0163\u0103 a fost \u00eenv\u0103\u0163\u0103toarea mea, pe care am divinizat-o pur \u015fi simplu. \u00centotdeauna m\u0103 transpuneam \u00een rolul ei, \u00eenchideam ochii \u015fi m\u0103 vedeam cu catalogul la catedr\u0103 \u00een fa\u0163a elevilor.\u201d Neaga Nica Inimosu, din Com\u0103ne\u015fti, jud. Bac\u0103u, pg.366-367.<\/p>\n\n\n\n<p>\u201eLa v\u00e2rsta de 9 ani, adic\u0103 \u00een 1944, \u00een timpul refugiului \u00abm\u0103rturise\u015fte Viorica Strahotin \u015eindilaru, din Ia\u015fi\u00bb p\u0103rin\u0163ii mei s-au pierdut \u015fi am r\u0103mas singur\u0103 sub \u00eengrijirea rudelor\u201d, pg.521.<\/p>\n\n\n\n<p>O alt\u0103 confesiune impresionant\u0103: \u201e\u00cen 1935 familia s-a mutat la Roman. Aici am urmat gr\u0103dini\u0163a \u015fi \u015fcoala primar\u0103 Izraelito-rom\u00e2n\u0103, evreii fiind \u00eendep\u0103rta\u0163i din \u00eenv\u0103\u0163\u0103m\u00e2ntul public conform legisla\u0163iei vremii.\u201d Iancu Wexler din Roman, jud. Neam\u0163, pg. 585.<\/p>\n\n\n\n<p>Tot \u00eentre lumini \u015fi umbre s-a petrecut \u015fi copil\u0103ria mea. \u00ceng\u0103dui\u0163i-mi s\u0103 m\u0103 \u00eentorc la feti\u0163a care eram cu peste 80 de ani \u00een urm\u0103 c\u00e2nd, cu o tr\u0103istu\u0163\u0103 \u00een care era o carte, despre care \u015ftiam de la fra\u0163ii mei mai mari c\u0103 se nume\u015fte Abecedar, un caiet, cu o gum\u0103 de \u015fters, cu un obiect ce se numea plumb (creion), aveam s\u0103 intru \u00een curtea \u015fcolii iar, apoi, \u00een clasa I primar\u0103 dup\u0103 trei ani de gr\u0103dini\u0163\u0103.<\/p>\n\n\n\n<p>\u00cemi mai aduc aminte, \u015fi azi cu emo\u0163ie, de m\u00e2na cald\u0103 a doamnei \u00eenv\u0103\u0163\u0103toare, a\u015fezat\u0103 peste m\u00e2nu\u0163a mea, f\u0103c\u00e2nd posibil miracolul apari\u0163iei, pe caietul meu, a literelor A (mare) \u015fi a (mic), a silabei ma, apoi, a cuv\u00e2ntului MAM\u0102.<\/p>\n\n\n\n<p>Era \u00een vremea R\u0103zboiului dar, pe atunci, \u00eenc\u0103 nu \u015fuierau gloan\u0163e \u015fi obuze peste capetele noastre \u015fi peste \u015fcoal\u0103. S-a \u00eent\u00e2mplat ceva mai t\u00e2rziu, c\u00e2nd frontul a dat \u015fi peste noi, c\u00e2nd s-a \u00eenchis \u015fcoala, c\u00e2nd din prim\u0103var\u0103 p\u00e2n\u0103 spre iarn\u0103, popula\u0163ia localit\u0103\u0163ii a tr\u0103it \u00een pribegie, fiind evacuat\u0103 for\u0163at de c\u0103tre armata sovietic\u0103.<\/p>\n\n\n\n<p>P\u0103rin\u0163ii mei \u015fi noi, cei patru copii, am tr\u0103it aproape un an, la vreo 30 de km de cas\u0103, \u00eentr-o \u015fur\u0103, pe paie, cu \u00eenc\u0103 11 familii.<\/p>\n\n\n\n<p>(<em>Continuare \u00een num\u0103rul urm\u0103tor<\/em>)<\/p>\n\n\n\n<p><strong><em>Elena DIDOIU<\/em><\/strong><strong><em><\/em><\/strong><\/p>\n","protected":false},"excerpt":{"rendered":"<p>Promo\u0163ia 1957 a Facult\u0103\u0163ii de Filologie &#8211; Istorie \u2013 Sec\u0163ia de Limba \u015fi Literatura Rom\u00e2n\u0103 \u2013 a Universit\u0103\u0163ii \u201eAlexandru Ioan Cuza\u201d din Ia\u015fi 1. Motiva\u0163ie Via\u0163a nu este doar un izvor de amintiri. Existen\u0163a uman\u0103 este o realitate ce trebuie&hellip;<\/p>\n<p class=\"more-link-p\"><a class=\"more-link\" href=\"http:\/\/www.slineamt.ro\/apostolul\/lectia-de-istorie\/cronica-unei-generatii-de-dascali-i\/\">Read more &rarr;<\/a><\/p>\n","protected":false},"author":1,"featured_media":0,"comment_status":"open","ping_status":"closed","sticky":false,"template":"","format":"standard","meta":{"footnotes":""},"categories":[6,477],"tags":[],"class_list":["post-24914","post","type-post","status-publish","format-standard","hentry","category-lectia-de-istorie","category-numarul-267"],"_links":{"self":[{"href":"http:\/\/www.slineamt.ro\/apostolul\/wp-json\/wp\/v2\/posts\/24914","targetHints":{"allow":["GET"]}}],"collection":[{"href":"http:\/\/www.slineamt.ro\/apostolul\/wp-json\/wp\/v2\/posts"}],"about":[{"href":"http:\/\/www.slineamt.ro\/apostolul\/wp-json\/wp\/v2\/types\/post"}],"author":[{"embeddable":true,"href":"http:\/\/www.slineamt.ro\/apostolul\/wp-json\/wp\/v2\/users\/1"}],"replies":[{"embeddable":true,"href":"http:\/\/www.slineamt.ro\/apostolul\/wp-json\/wp\/v2\/comments?post=24914"}],"version-history":[{"count":1,"href":"http:\/\/www.slineamt.ro\/apostolul\/wp-json\/wp\/v2\/posts\/24914\/revisions"}],"predecessor-version":[{"id":24916,"href":"http:\/\/www.slineamt.ro\/apostolul\/wp-json\/wp\/v2\/posts\/24914\/revisions\/24916"}],"wp:attachment":[{"href":"http:\/\/www.slineamt.ro\/apostolul\/wp-json\/wp\/v2\/media?parent=24914"}],"wp:term":[{"taxonomy":"category","embeddable":true,"href":"http:\/\/www.slineamt.ro\/apostolul\/wp-json\/wp\/v2\/categories?post=24914"},{"taxonomy":"post_tag","embeddable":true,"href":"http:\/\/www.slineamt.ro\/apostolul\/wp-json\/wp\/v2\/tags?post=24914"}],"curies":[{"name":"wp","href":"https:\/\/api.w.org\/{rel}","templated":true}]}}