{"id":24922,"date":"2023-12-18T13:42:45","date_gmt":"2023-12-18T13:42:45","guid":{"rendered":"http:\/\/www.slineamt.ro\/apostolul\/?p=24922"},"modified":"2023-12-18T13:42:45","modified_gmt":"2023-12-18T13:42:45","slug":"mari-romani-la-rascruce-de-veacuri","status":"publish","type":"post","link":"http:\/\/www.slineamt.ro\/apostolul\/lectia-de-istorie\/mari-romani-la-rascruce-de-veacuri\/","title":{"rendered":"Mari Rom\u00e2ni \u2013 La r\u0103scruce de veacuri"},"content":{"rendered":"<div class=\"wp-block-image\">\n<figure class=\"alignleft size-full is-resized\"><a href=\"http:\/\/www.slineamt.ro\/apostolul\/wp-content\/uploads\/2023\/12\/13-ap267-foto1.jpg\"><img loading=\"lazy\" decoding=\"async\" width=\"284\" height=\"454\" src=\"http:\/\/www.slineamt.ro\/apostolul\/wp-content\/uploads\/2023\/12\/13-ap267-foto1.jpg\" alt=\"\" class=\"wp-image-24923\" style=\"width:325px;height:auto\" srcset=\"http:\/\/www.slineamt.ro\/apostolul\/wp-content\/uploads\/2023\/12\/13-ap267-foto1.jpg 284w, http:\/\/www.slineamt.ro\/apostolul\/wp-content\/uploads\/2023\/12\/13-ap267-foto1-188x300.jpg 188w, http:\/\/www.slineamt.ro\/apostolul\/wp-content\/uploads\/2023\/12\/13-ap267-foto1-260x416.jpg 260w, http:\/\/www.slineamt.ro\/apostolul\/wp-content\/uploads\/2023\/12\/13-ap267-foto1-160x256.jpg 160w\" sizes=\"auto, (max-width: 284px) 100vw, 284px\" \/><\/a><\/figure>\n<\/div>\n\n\n<p>Editura <em>Paul Editions<\/em> a lansat \u00een toamn\u0103 o colec\u0163ie de memorii biografice despre cele mai reprezentative personalit\u0103\u0163i pe care le-a avut \u0163ara noastr\u0103. Debutul, cartea \u00een dou\u0103 volume \u201eMari Rom\u00e2ni \u2013 La r\u0103scruce de veacuri\u201d semnat\u0103 Nicolae Petra\u015fcu, cuprinde o serie de scrieri unice, istorisiri \u015fi tr\u0103iri adev\u0103rate ale autorului.<\/p>\n\n\n\n<p>\u00cen cele aproape 300 de pagini ale volumului I, cititorii sunt transpu\u015fi \u00een veacuri demult apuse \u015fi vor avea ocazia s\u0103 \u00eei descopere \u015fi altfel pe unii dintre cei mai mari poe\u0163i, scriitori, pictori, sculptori \u015fi diploma\u0163i rom\u00e2ni. Primul volum din serie \u00eencepe cu via\u0163a poetului <strong>Vasile Alecsandri<\/strong>. Autorul poveste\u015fte pe larg despre frumoasele momente de dragoste tr\u0103ite de poet cu fran\u0163uzoaica Dridri, Maria Cantacuzino \u015fi Elena Negri care a fost \u201ePasiunea cea mai mare \u015fi cea mai romantic\u0103 a lui Alecsandri. Dragostea aceasta i-a inspirat poeziile \u00abL\u0103cr\u0103mioarele\u00bb, care prin suflul lor liric ating culmea eroticii \u015fi elegiei lui.\u201d<\/p>\n\n\n\n<p>Volumul continu\u0103 cu m\u0103rturii despre <strong>Nicolae Grigorescu<\/strong>, <strong>Dimitrie Bolintineanu<\/strong>, <strong>Ion I. C. Br\u0103tianu<\/strong>, <strong>Theodor \u015eerb\u0103nescu<\/strong>, sculptorul <strong>Ioan Georgescu<\/strong>, poetul, dramaturgul \u015fi prozatorul <strong>Dimitrie Constantin Oll\u0103nescu-Ascanio<\/strong>, <strong>Duiliu Zamfirescu<\/strong>, <strong>George Cavadia<\/strong>, <strong>Mihail Kog\u0103lniceanu<\/strong> (c\u0103ruia autorul \u00eei dedic\u0103 patru capitole \u00een care poveste\u015fte despre omul, diplomatul, familistul \u015fi iubitorul de art\u0103 Kog\u0103lniceanu), <strong>Costache Negri<\/strong> \u015fi marea lui dragoste Giuseppina Berta, <strong>Cesar Bolliac<\/strong>, dasc\u0103lul <strong>Ioan Popescu<\/strong>, fabuloasa nunt\u0103 a Mariei Bibescu, <strong>Ioan Mincu<\/strong>, pictorul <strong>G. Demetrescu Mirea<\/strong> \u015fi opera sa de \u201etablouri idealiste, adic\u0103 cele de imagina\u0163ie sau evoca\u0163ie, \u015fi cele realiste, portretele\u201d; amintiri asupra originii \u015fi familiei lui <strong>Ion Luca Caragiale<\/strong>; primari \u201ede odinioar\u0103\u201d ai Bucure\u015ftilor \u015fi se termin\u0103 cu un capitol dedicat Cr\u0103ciunurilor \u201ede alt\u0103dat\u0103\u201d.<\/p>\n\n\n\n<p>\u00cen volumul II al seriei \u201eMari Rom\u00e2ni \u2013 La r\u0103scruce de veacuri\u201d printre titanii care au r\u0103mas \u00een istorie \u015fi pe care autorul \u00eei aduce \u00een aten\u0163ia publicului, se num\u0103r\u0103: <strong>George Enescu<\/strong>, <strong>Mihai Eminescu<\/strong>, <strong>Veronica Micle<\/strong>, <strong>Ion Ghica<\/strong>, <strong>Matei Millo<\/strong>, <strong>Take Ionescu<\/strong> \u015fi <strong>Grigore Manolescu<\/strong>.<\/p>\n\n\n\n<p>Nicolae Petra\u015fcu, fratele pictorului Gheorghe Petra\u015fcu, a tr\u0103it \u00een perioada marilor schimb\u0103ri \u015fi progrese care au a\u015fezat Rom\u00e2nia \u00een r\u00e2ndul celorlalte state europene. \u00cen 1885 este numit ata\u015fat \u00een Ministerul de Externe, iar \u00een 1888 devine \u015fef de cabinet al lui Petre P. Carp. Este numit secretar de lega\u0163ie la Paris \u00een 1889 \u015fi apoi la Istanbul \u00een 1890.<\/p>\n\n\n<div class=\"wp-block-image\">\n<figure class=\"alignright size-full is-resized\"><a href=\"http:\/\/www.slineamt.ro\/apostolul\/wp-content\/uploads\/2023\/12\/13-ap267-foto2.jpg\"><img loading=\"lazy\" decoding=\"async\" width=\"291\" height=\"454\" src=\"http:\/\/www.slineamt.ro\/apostolul\/wp-content\/uploads\/2023\/12\/13-ap267-foto2.jpg\" alt=\"\" class=\"wp-image-24924\" style=\"width:284px;height:auto\" srcset=\"http:\/\/www.slineamt.ro\/apostolul\/wp-content\/uploads\/2023\/12\/13-ap267-foto2.jpg 291w, http:\/\/www.slineamt.ro\/apostolul\/wp-content\/uploads\/2023\/12\/13-ap267-foto2-192x300.jpg 192w, http:\/\/www.slineamt.ro\/apostolul\/wp-content\/uploads\/2023\/12\/13-ap267-foto2-260x406.jpg 260w, http:\/\/www.slineamt.ro\/apostolul\/wp-content\/uploads\/2023\/12\/13-ap267-foto2-160x250.jpg 160w\" sizes=\"auto, (max-width: 291px) 100vw, 291px\" \/><\/a><\/figure>\n<\/div>\n\n\n<p>La recomandarea lui Titu Maiorescu, \u0163ine, \u00eencep\u00e2nd din 1892, un curs facultativ de Istoria literaturii rom\u00e2ne la Universitatea din Bucure\u015fti. L-a \u00eenlocuit pe Ion Luca Caragiale la Direc\u0163ia Teatrelor, pe timpul lipsei acestuia din \u0163ar\u0103. S-a remarcat prin campania dus\u0103 pentru reorganizarea teatrelor na\u0163ionale \u015fi a conservatoarelor de muzic\u0103 \u015fi art\u0103 dramatic\u0103. A sus\u0163inut necesitatea ca scriitorii \u015fi arti\u015ftii s\u0103 fie sprijini\u0163i de c\u0103tre stat. A fost un pre\u0163uitor al artelor plastice \u015fi a cunoscut \u00eendeaproape multe dintre personalit\u0103\u0163ile vremii. Pentru a \u00ee\u015fi ar\u0103ta recuno\u015ftin\u0163a \u00een fa\u0163a geniului multora dintre ei \u015fi cu scopul de a nu r\u0103m\u00e2ne uita\u0163i, acoperi\u0163i de praful neiert\u0103tor al timpului, Petra\u015fcu a publicat lucrarea de fa\u0163\u0103 \u00een care face fiec\u0103ruia o scurt\u0103 biografie \u015fi rememoreaz\u0103 cele mai semnificante \u015fi t\u0103inuite momente din via\u0163a lor.<\/p>\n\n\n\n<p>\u201e\u00cen atingerea g\u00e2ndului urm\u0103rit, m\u0103rturisesc a fi fost ajutat de o predispozi\u0163ie fireasc\u0103, darul de a admira cu sinceritate tot ce am \u00eent\u00e2lnit \u00een \u00eenf\u0103ptuirile lumii ca bine, frumos \u015fi adev\u0103r. Optimismul aprecierilor mele, despre fiecare \u00een parte \u015fi despre to\u0163i \u00een general, ca \u015fi despre spiritul secolului, a g\u0103sit un r\u0103sunet mai presus de toate a\u015ftept\u0103rile.\u201d (N. Petra\u015fcu)<\/p>\n\n\n\n<p>Editura Paul Editions a fost \u00eenfiin\u0163at\u0103 \u00een anul 2016. C\u0103r\u0163ile publicate acoper\u0103 domenii diverse precum istorie, memorialistic\u0103, jurnale, biografii etc. Printre autorii de renume ai editurii se num\u0103r\u0103: Nicolae Iorga, I. G. Duca, Alexandru Marghiloman, Alexandru Tzigara-Samurcas, Cristian Troncot\u0103, Paul Niculescu-Mizil, Constantin Argetoianu (Seria \u201eMemorii pentru cei de m\u00e2ine\u201d); Constantin Dimitrescu-Severeanu (Volumele \u201eDin amintirile mele. Intimit\u0103\u0163i din cercul palatului regal\u201d) \u015fi mul\u0163i al\u0163ii.<\/p>\n\n\n\n<p><strong><em>Red.<\/em><\/strong><\/p>\n","protected":false},"excerpt":{"rendered":"<p>Editura Paul Editions a lansat \u00een toamn\u0103 o colec\u0163ie de memorii biografice despre cele mai reprezentative personalit\u0103\u0163i pe care le-a avut \u0163ara noastr\u0103. Debutul, cartea \u00een dou\u0103 volume \u201eMari Rom\u00e2ni \u2013 La r\u0103scruce de veacuri\u201d semnat\u0103 Nicolae Petra\u015fcu, cuprinde o&hellip;<\/p>\n<p class=\"more-link-p\"><a class=\"more-link\" href=\"http:\/\/www.slineamt.ro\/apostolul\/lectia-de-istorie\/mari-romani-la-rascruce-de-veacuri\/\">Read more &rarr;<\/a><\/p>\n","protected":false},"author":1,"featured_media":0,"comment_status":"open","ping_status":"closed","sticky":false,"template":"","format":"standard","meta":{"footnotes":""},"categories":[6,477],"tags":[],"class_list":["post-24922","post","type-post","status-publish","format-standard","hentry","category-lectia-de-istorie","category-numarul-267"],"_links":{"self":[{"href":"http:\/\/www.slineamt.ro\/apostolul\/wp-json\/wp\/v2\/posts\/24922","targetHints":{"allow":["GET"]}}],"collection":[{"href":"http:\/\/www.slineamt.ro\/apostolul\/wp-json\/wp\/v2\/posts"}],"about":[{"href":"http:\/\/www.slineamt.ro\/apostolul\/wp-json\/wp\/v2\/types\/post"}],"author":[{"embeddable":true,"href":"http:\/\/www.slineamt.ro\/apostolul\/wp-json\/wp\/v2\/users\/1"}],"replies":[{"embeddable":true,"href":"http:\/\/www.slineamt.ro\/apostolul\/wp-json\/wp\/v2\/comments?post=24922"}],"version-history":[{"count":1,"href":"http:\/\/www.slineamt.ro\/apostolul\/wp-json\/wp\/v2\/posts\/24922\/revisions"}],"predecessor-version":[{"id":24925,"href":"http:\/\/www.slineamt.ro\/apostolul\/wp-json\/wp\/v2\/posts\/24922\/revisions\/24925"}],"wp:attachment":[{"href":"http:\/\/www.slineamt.ro\/apostolul\/wp-json\/wp\/v2\/media?parent=24922"}],"wp:term":[{"taxonomy":"category","embeddable":true,"href":"http:\/\/www.slineamt.ro\/apostolul\/wp-json\/wp\/v2\/categories?post=24922"},{"taxonomy":"post_tag","embeddable":true,"href":"http:\/\/www.slineamt.ro\/apostolul\/wp-json\/wp\/v2\/tags?post=24922"}],"curies":[{"name":"wp","href":"https:\/\/api.w.org\/{rel}","templated":true}]}}