{"id":24926,"date":"2023-12-18T13:46:22","date_gmt":"2023-12-18T13:46:22","guid":{"rendered":"http:\/\/www.slineamt.ro\/apostolul\/?p=24926"},"modified":"2023-12-18T13:46:22","modified_gmt":"2023-12-18T13:46:22","slug":"centenarul-constitutiei-romaniei-intregite-a-fost-sarbatorit-la-chisinau","status":"publish","type":"post","link":"http:\/\/www.slineamt.ro\/apostolul\/lectia-de-istorie\/centenarul-constitutiei-romaniei-intregite-a-fost-sarbatorit-la-chisinau\/","title":{"rendered":"Centenarul Constitu\u0163iei Rom\u00e2niei \u00centregite a fost s\u0103rb\u0103torit la Chi\u015fin\u0103u"},"content":{"rendered":"<div class=\"wp-block-image\">\n<figure class=\"alignleft size-full is-resized\"><a href=\"http:\/\/www.slineamt.ro\/apostolul\/wp-content\/uploads\/2023\/12\/12-ap267-foto1.jpg\"><img loading=\"lazy\" decoding=\"async\" width=\"643\" height=\"456\" src=\"http:\/\/www.slineamt.ro\/apostolul\/wp-content\/uploads\/2023\/12\/12-ap267-foto1.jpg\" alt=\"\" class=\"wp-image-24927\" style=\"width:394px;height:auto\" srcset=\"http:\/\/www.slineamt.ro\/apostolul\/wp-content\/uploads\/2023\/12\/12-ap267-foto1.jpg 643w, http:\/\/www.slineamt.ro\/apostolul\/wp-content\/uploads\/2023\/12\/12-ap267-foto1-300x213.jpg 300w, http:\/\/www.slineamt.ro\/apostolul\/wp-content\/uploads\/2023\/12\/12-ap267-foto1-560x397.jpg 560w, http:\/\/www.slineamt.ro\/apostolul\/wp-content\/uploads\/2023\/12\/12-ap267-foto1-260x184.jpg 260w, http:\/\/www.slineamt.ro\/apostolul\/wp-content\/uploads\/2023\/12\/12-ap267-foto1-160x113.jpg 160w\" sizes=\"auto, (max-width: 643px) 100vw, 643px\" \/><\/a><\/figure>\n<\/div>\n\n\n<p>(Scrisori din Basarabia)<\/p>\n\n\n\n<p>O expozi\u0163ie dedicat\u0103 \u00eemplinirii a 100 de ani de la adoptarea Constitu\u0163iei Rom\u00e2niei \u00centregite (1923 &#8211; 2023), prima lege fundamental\u0103 care a legiferat organizarea statal\u0103, precum \u015fi drepturile \u015fi libert\u0103\u0163ile fundamentale ale cet\u0103\u0163enilor de pe ambele maluri ale Prutului din 1923, a fost inaugurat\u0103 pe data de 6 decembrie, curent, la Muzeul Na\u0163ional de Istorie a Moldovei din Chi\u015fin\u0103u. La eveniment au participat reprezentan\u0163i ai pre\u015fedin\u0163iei R. Moldova, ai parlamentului \u015fi ai Guvernului, judec\u0103tori ai Cur\u0163ii Constitu\u0163ionale a Rom\u00e2niei \u015fi ai Cur\u0163ii Constitu\u0163ionale a R. Moldova, precum \u015fi ai Academiei de \u015etiin\u0163e a Moldovei \u015fi ai Universit\u0103\u0163ii de Stat din Moldova.<\/p>\n\n\n\n<p>La manifestare a fost prezent primul ambasador al Rom\u00e2niei la Chi\u015fin\u0103u, actualul pre\u015fedintele al Cur\u0163ii Constitu\u0163ionale a Rom\u00e2niei, Marian Enache, care a \u0163inut un discurs de deschidere. \u00cen cadrul acestuia, a declarat c\u0103 evenimentul reprezint\u0103 o s\u0103rb\u0103toare comun\u0103 \u015fi un moment important pentru istoria constitu\u0163ional\u0103 a Rom\u00e2niei \u015fi a Republicii Moldova.<\/p>\n\n\n\n<p>\u201eConstitu\u0163ia din 1923 r\u0103m\u00e2ne \u00een istorie drept Constitu\u0163ia na\u0163iunii rom\u00e2ne unite, care reflect\u0103 identitatea \u015fi etosul poporului rom\u00e2n, un larg spirit de toleran\u0163\u0103, precum \u015fi valori europene. Rom\u00e2nia \u015fi Republica Moldova sunt unite prin afinit\u0103\u0163i profunde de ordin istoric, de credin\u0163\u0103, limb\u0103 \u015fi tradi\u0163ii comune, precum \u015fi prin memoria unei comuniuni de istorie constitu\u0163ional\u0103 \u015fi statal\u0103. Pentru Rom\u00e2nia \u015fi Republica Moldova, Constitu\u0163ia din 1923 reprezint\u0103 un valoros patrimoniu al constitu\u0163ionalismului de tip occidental, care ne evoc\u0103 r\u0103d\u0103cinile constitu\u0163ionale comune \u015fi ne arat\u0103 un viitor european comun\u201d, a punctat Marian Enache.<\/p>\n\n\n<div class=\"wp-block-image\">\n<figure class=\"alignright size-full is-resized\"><a href=\"http:\/\/www.slineamt.ro\/apostolul\/wp-content\/uploads\/2023\/12\/12-ap267-foto2.jpg\"><img loading=\"lazy\" decoding=\"async\" width=\"454\" height=\"254\" src=\"http:\/\/www.slineamt.ro\/apostolul\/wp-content\/uploads\/2023\/12\/12-ap267-foto2.jpg\" alt=\"\" class=\"wp-image-24928\" style=\"width:424px;height:auto\" srcset=\"http:\/\/www.slineamt.ro\/apostolul\/wp-content\/uploads\/2023\/12\/12-ap267-foto2.jpg 454w, http:\/\/www.slineamt.ro\/apostolul\/wp-content\/uploads\/2023\/12\/12-ap267-foto2-300x168.jpg 300w, http:\/\/www.slineamt.ro\/apostolul\/wp-content\/uploads\/2023\/12\/12-ap267-foto2-260x145.jpg 260w, http:\/\/www.slineamt.ro\/apostolul\/wp-content\/uploads\/2023\/12\/12-ap267-foto2-160x90.jpg 160w\" sizes=\"auto, (max-width: 454px) 100vw, 454px\" \/><\/a><\/figure>\n<\/div>\n\n\n<p>Curatorului expozi\u0163iei, judec\u0103toarea Cur\u0163ii Constitu\u0163ionale a Rom\u00e2niei, Iulia Sc\u00e2ntei, a men\u0163ionat: \u201eBucuria unui curator de expozi\u0163ie e s\u0103 vad\u0103 mul\u0163i vizitatori, care au \u00een\u0163eles povestea din spatele acesteia. Noi, reprezentan\u0163ii Cur\u0163ii Constitu\u0163ionale de la Bucure\u015fti, ne-am dorit s\u0103 ducem povestea Constitu\u0163iei din 1923 mai departe \u015fi s\u0103 ajungem cu ea la Chi\u015fin\u0103u. Ne dorim ca aceast\u0103 expozi\u0163ie s\u0103 nu r\u0103m\u00e2n\u0103 doar un eveniment aniversar festiv, dar s\u0103 ar\u0103t\u0103m tuturor c\u0103 avem un a\u015fez\u0103m\u00e2nt constitu\u0163ional comun. Din Constitu\u0163ia din 1923 ne-au r\u0103mas drepturile \u015fi libert\u0103\u0163ile fundamentale, care se reg\u0103sesc \u00een constitu\u0163iile noastre de acum. Este un mesaj care trebuie transmis mai departe tinerelor genera\u0163ii\u201d.<\/p>\n\n\n\n<p>Potrivit sursei citate, \u00een 1923, dup\u0103 un r\u0103zboi \u015fi un efort diplomatic pentru ob\u0163inerea recunoa\u015fterii juridice interna\u0163ionale a actului politic semnat la 1 decembrie 1918, adoptarea unei noi constitu\u0163ii a venit ca o necesitate.<\/p>\n\n\n\n<p>\u201eRom\u00e2nia era al zecelea stat ca m\u0103rime \u00een acea epoc\u0103 \u015fi pentru prima dat\u0103 trebuia s\u0103 recunoasc\u0103 drepturile minorit\u0103\u0163ilor etnice, pentru c\u0103 nu mai puteam vorbi de o na\u0163iune singular\u0103. Era nevoie de o lege fundamental\u0103, care s\u0103 respecte toate aceste transform\u0103ri prin care trecuse Rom\u00e2nia dup\u0103 r\u0103zboi \u015fi Unirea din 1918. Aceast\u0103 Constitu\u0163ie a preg\u0103tit \u00eentreaga \u0163ar\u0103, \u00eentreaga na\u0163iune pentru un amplu proces de unificare legislativ\u0103, administrativ\u0103 \u015fi monetar\u0103\u201d, a punctat Iulia Sc\u00e2ntei.<\/p>\n\n\n\n<p>Pre\u015fedinta Maia Sandu a transmis un mesaj \u00een care se men\u0163ioneaz\u0103: \u201eConstitu\u0163ia Rom\u00e2niei din 1923, \u00een care principiile pe care ast\u0103zi le consider\u0103m fire\u015fti \u2013 votul universal sau egalitatea de drepturi, indiferent de apartenen\u0163a etnic\u0103 sau convingerile religioase, sau limba vorbit\u0103 \u2013 a pus bazele democra\u0163iei europene moderne. Constitu\u0163ia din 1923 a pus bazele independen\u0163ei justi\u0163iei, a \u00eent\u0103rit rolul Parlamentului \u015fi a separat puterile \u00een stat. Prin acel document s-au pus bazele unui stat de drept autentic. Din acest motiv, Constitu\u0163ia din 1923 a fost considerat\u0103 una dintre cele mai democratice ale epocii respective\u201d, se arat\u0103 \u00een mesajul semnat de Maia Sandu.<\/p>\n\n\n<div class=\"wp-block-image\">\n<figure class=\"alignleft size-full is-resized\"><a href=\"http:\/\/www.slineamt.ro\/apostolul\/wp-content\/uploads\/2023\/12\/12-ap267-foto3.jpg\"><img loading=\"lazy\" decoding=\"async\" width=\"529\" height=\"366\" src=\"http:\/\/www.slineamt.ro\/apostolul\/wp-content\/uploads\/2023\/12\/12-ap267-foto3.jpg\" alt=\"\" class=\"wp-image-24929\" style=\"width:466px;height:auto\" srcset=\"http:\/\/www.slineamt.ro\/apostolul\/wp-content\/uploads\/2023\/12\/12-ap267-foto3.jpg 529w, http:\/\/www.slineamt.ro\/apostolul\/wp-content\/uploads\/2023\/12\/12-ap267-foto3-300x208.jpg 300w, http:\/\/www.slineamt.ro\/apostolul\/wp-content\/uploads\/2023\/12\/12-ap267-foto3-260x180.jpg 260w, http:\/\/www.slineamt.ro\/apostolul\/wp-content\/uploads\/2023\/12\/12-ap267-foto3-160x111.jpg 160w\" sizes=\"auto, (max-width: 529px) 100vw, 529px\" \/><\/a><\/figure>\n<\/div>\n\n\n<p>Expozi\u0163ia va putea fi vizitat\u0103 p\u00e2n\u0103 \u00een data de 20 ianuarie 2024, \u00een Sala Unirii a Muzeului Na\u0163ional de Istorie a Moldovei, iar \u00een cadrul expozi\u0163iei, sunt prezentate exemplarul original al Constitu\u0163iunii din 1923, precum \u015fi cel al Constitu\u0163iunii Rom\u00e2ne din 1866, cu sprijinul partenerilor institu\u0163ionali ai evenimentului: Administra\u0163ia Preziden\u0163ial\u0103 a Rom\u00e2niei \u2013 Muzeul Na\u0163ional Cotroceni, Banca Na\u0163ional\u0103 a Rom\u00e2niei \u015fi Biblioteca Metropolitan\u0103 Bucure\u015fti.<\/p>\n\n\n\n<p><em>Constitu\u0163iunea din 1923 a fost adoptat\u0103 de Adunarea Deputa\u0163ilor \u015fi de Senat, \u00eentrunite ca Adun\u0103ri Na\u0163ionale Constituante \u00een Parlamentul de la Bucure\u015fti, \u00een \u015fedin\u0163ele din 26 \u015fi 27 martie 1923, fiind promulgat\u0103 de Regele Ferdinand prin Decretul regal nr. 1360 din 28 martie 1923 contrasemnat de pre\u015fedintele Consiliului de Mini\u015ftri, Ion I. C. Br\u0103tianu, \u015fi de 14 mini\u015ftri, \u015fi a fost publicat\u0103 \u00een \u201eMonitorul Oficial\u201d nr. 282 din 29 martie 1923.<\/em><\/p>\n\n\n\n<p><strong><em>Red.<\/em><\/strong><strong><em><\/em><\/strong><\/p>\n","protected":false},"excerpt":{"rendered":"<p>(Scrisori din Basarabia) O expozi\u0163ie dedicat\u0103 \u00eemplinirii a 100 de ani de la adoptarea Constitu\u0163iei Rom\u00e2niei \u00centregite (1923 &#8211; 2023), prima lege fundamental\u0103 care a legiferat organizarea statal\u0103, precum \u015fi drepturile \u015fi libert\u0103\u0163ile fundamentale ale cet\u0103\u0163enilor de pe ambele maluri&hellip;<\/p>\n<p class=\"more-link-p\"><a class=\"more-link\" href=\"http:\/\/www.slineamt.ro\/apostolul\/lectia-de-istorie\/centenarul-constitutiei-romaniei-intregite-a-fost-sarbatorit-la-chisinau\/\">Read more &rarr;<\/a><\/p>\n","protected":false},"author":1,"featured_media":0,"comment_status":"open","ping_status":"closed","sticky":false,"template":"","format":"standard","meta":{"footnotes":""},"categories":[6,477],"tags":[],"class_list":["post-24926","post","type-post","status-publish","format-standard","hentry","category-lectia-de-istorie","category-numarul-267"],"_links":{"self":[{"href":"http:\/\/www.slineamt.ro\/apostolul\/wp-json\/wp\/v2\/posts\/24926","targetHints":{"allow":["GET"]}}],"collection":[{"href":"http:\/\/www.slineamt.ro\/apostolul\/wp-json\/wp\/v2\/posts"}],"about":[{"href":"http:\/\/www.slineamt.ro\/apostolul\/wp-json\/wp\/v2\/types\/post"}],"author":[{"embeddable":true,"href":"http:\/\/www.slineamt.ro\/apostolul\/wp-json\/wp\/v2\/users\/1"}],"replies":[{"embeddable":true,"href":"http:\/\/www.slineamt.ro\/apostolul\/wp-json\/wp\/v2\/comments?post=24926"}],"version-history":[{"count":1,"href":"http:\/\/www.slineamt.ro\/apostolul\/wp-json\/wp\/v2\/posts\/24926\/revisions"}],"predecessor-version":[{"id":24930,"href":"http:\/\/www.slineamt.ro\/apostolul\/wp-json\/wp\/v2\/posts\/24926\/revisions\/24930"}],"wp:attachment":[{"href":"http:\/\/www.slineamt.ro\/apostolul\/wp-json\/wp\/v2\/media?parent=24926"}],"wp:term":[{"taxonomy":"category","embeddable":true,"href":"http:\/\/www.slineamt.ro\/apostolul\/wp-json\/wp\/v2\/categories?post=24926"},{"taxonomy":"post_tag","embeddable":true,"href":"http:\/\/www.slineamt.ro\/apostolul\/wp-json\/wp\/v2\/tags?post=24926"}],"curies":[{"name":"wp","href":"https:\/\/api.w.org\/{rel}","templated":true}]}}