{"id":24931,"date":"2023-12-18T13:49:30","date_gmt":"2023-12-18T13:49:30","guid":{"rendered":"http:\/\/www.slineamt.ro\/apostolul\/?p=24931"},"modified":"2023-12-18T13:49:30","modified_gmt":"2023-12-18T13:49:30","slug":"marsul-calistratilor-o-bogatie-pentru-sufletele-elevilor-si-ale-profesorilor","status":"publish","type":"post","link":"http:\/\/www.slineamt.ro\/apostolul\/panoramic-nemtean\/marsul-calistratilor-o-bogatie-pentru-sufletele-elevilor-si-ale-profesorilor\/","title":{"rendered":"Mar\u015ful Calistra\u0163ilor \u2013 o bog\u0103\u0163ie pentru sufletele elevilor \u015fi ale profesorilor"},"content":{"rendered":"<div class=\"wp-block-image\">\n<figure class=\"alignleft size-full is-resized\"><a href=\"http:\/\/www.slineamt.ro\/apostolul\/wp-content\/uploads\/2023\/12\/11-ap267-foto1.jpg\"><img loading=\"lazy\" decoding=\"async\" width=\"459\" height=\"290\" src=\"http:\/\/www.slineamt.ro\/apostolul\/wp-content\/uploads\/2023\/12\/11-ap267-foto1.jpg\" alt=\"\" class=\"wp-image-24932\" style=\"width:450px;height:auto\" srcset=\"http:\/\/www.slineamt.ro\/apostolul\/wp-content\/uploads\/2023\/12\/11-ap267-foto1.jpg 459w, http:\/\/www.slineamt.ro\/apostolul\/wp-content\/uploads\/2023\/12\/11-ap267-foto1-300x190.jpg 300w, http:\/\/www.slineamt.ro\/apostolul\/wp-content\/uploads\/2023\/12\/11-ap267-foto1-260x164.jpg 260w, http:\/\/www.slineamt.ro\/apostolul\/wp-content\/uploads\/2023\/12\/11-ap267-foto1-160x101.jpg 160w\" sizes=\"auto, (max-width: 459px) 100vw, 459px\" \/><\/a><\/figure>\n<\/div>\n\n\n<p>Peste 200 de elevi ai Colegiului Na\u0163ional Calistrat Hoga\u015f au str\u0103b\u0103tut ast\u0103zi ora\u015ful (28 noiembrie) purt\u00e2nd steaguri, c\u00e2nt\u00e2nd \u00een fa\u0163a fiec\u0103rei institu\u0163ii la care s-au oprit \u015fi duc\u00e2nd, astfel, mai departe una dintre cele mai frumoase tradi\u0163ii \u2013 <strong>Mar\u015ful Calistra\u0163ilor<\/strong>.<\/p>\n\n\n\n<p>\u00cen holul \u015fcolii, a\u015ftept\u00e2nd s\u0103 se adune copiii, l-am g\u0103sit pe domnul Ion Popescu, fost profesor de filosofie la CNCH, care a participat la toate edi\u0163iile de p\u00e2n\u0103 acum: \u201eMar\u015ful acesta este una din bog\u0103\u0163iile sufletului meu \u015fi o bog\u0103\u0163ie pentru sufletele profesorilor \u015fi ale elevilor, c\u0103 de la elevi a pornit ideea. Ei s-au \u00eentrebat cum s\u0103 s\u0103rb\u0103toreasc\u0103 Ziua Na\u0163ional\u0103 \u015fi au spus \u00abhai s\u0103 facem un mar\u015f al Calistra\u0163ilor, s\u0103 mergem prin tot municipiul, s\u0103 salut\u0103m oamenii cu drapele, cu c\u00e2ntece\u00bb. \u015ei \u00een fiecare an am f\u0103cut aceast\u0103 poveste frumoas\u0103, aceast\u0103 poveste excep\u0163ional\u0103. Lumea iese la balcoane \u015fi salut\u0103 copiii. Este cea mai frumoas\u0103 \u015fi cea mai inedit\u0103 manifestare de Ziua Na\u0163ional\u0103\u201d.<\/p>\n\n\n\n<p>Ilinca Pepelea, elev\u0103 \u00een clasa a XI-a acum, are \u015fi ea deja 7 ani de c\u00e2nd particip\u0103 la Mar\u015ful Calistra\u0163ilor: \u201eAm fost \u00een fiecare an de c\u00e2nd sunt elev\u0103 a Colegiului Calistrat Hoga\u015f \u015fi sunt din clasa a V-a. \u00cemi place c\u0103 s-a creat o tradi\u0163ie at\u00e2t de frumoas\u0103, \u00eemi place s\u0103 v\u0103d c\u0103 \u00een fiecare an este din ce \u00een ce mai mult\u0103 lume. E excep\u0163ional s\u0103 mergem pe str\u0103zi, at\u00e2\u0163ia colegi, s\u0103 strig\u0103m \u015fi s\u0103 c\u00e2nt\u0103m. Eu cred c\u0103 este cea mai sincer\u0103 manifestare de Ziua Na\u0163ional\u0103. \u015ei avem to\u0163i sentimentul c\u0103 iubim \u0163ara noastr\u0103, \u015fcoala noastr\u0103 \u015fi vrem s\u0103 le spune tuturor: Haide\u0163i s\u0103 fim uni\u0163i, c\u0103 este timpul!\u201d.<\/p>\n\n\n\n<p>Flancat\u0103 de jandarmi, poli\u0163i\u015fti locali, profesori \u015fi personal nedidactic coloana de elevi a ie\u015fit pe por\u0163ile colegiului, a trecut prin fa\u0163a Prefecturii, prin Pia\u0163a \u015etefan cel Mare \u015fi pe bulevardul Mihai Eminescu \u015fi a f\u0103cut prima oprire \u00een fa\u0163a Muzeului de Istorie \u015fi Arheologie. Apoi mar\u015ful a continuat pe bulevardul Decebal spre Biblioteca GT Kirileanu, unde a fost o alt\u0103 oprire, apoi pe bulevardul Republicii, str\u0103zile Calistrat Hoga\u015f, Mihail Sadoveanu \u015fi \u015etefan cel Mare, p\u00e2n\u0103 la Cimitirul Eroilor. \u00cen semn de recuno\u015ftin\u0163\u0103 pentru eroii patriei, Calistra\u0163ii au depus o coroan\u0103 de flori la monument, au c\u00e2ntat Imnul Rom\u00e2niei \u015fi au strigat \u201eTr\u0103iasc\u0103, tr\u0103iasc\u0103 \u015fi \u00eenfloreasc\u0103 Moldova, Ardealul \u015fi \u0162ara Rom\u00e2neasc\u0103!\u201d.<\/p>\n\n\n\n<p>Mar\u015ful a continuat pe strada \u015etefan cel Mare, cu popas pe platoul Cur\u0163ii Domne\u015fti, \u00een fa\u0163a Muzeului de Art\u0103 \u015fi s-a \u00eencheiat \u00een fa\u0163a colegiului, unde elevii au fost a\u015ftepta\u0163i cu ceai cald \u015fi dulciuri.<\/p>\n\n\n\n<p>\u201eMar\u015ful Calistra\u0163ilor este denumirea sub care, de 16 ani, comunitatea Colegiului Na\u0163ional \u201eCalistrat Hoga\u015f\u201d, din Piatra-Neam\u0163, particip\u0103 la un eveniment dedicat Zilei Na\u0163ionale. Elevii au dorit s\u0103 le reaminteasc\u0103 pietrenilor c\u0103 1 Decembrie reprezint\u0103, de fapt, o zi de solidaritate, de aceea au c\u00e2ntat \u00een fa\u0163a institu\u0163iilor de cultur\u0103 Imnul Na\u0163ional, dar \u015fi alte c\u00e2ntece patriotice, au fluturat steaguri tricolore, dar \u015fi \u00eensemnele liceului\u201d, a precizat prof. Mihaela C\u0103t\u0103lina T\u0103rc\u0103oanu, director adjunct al Colegiului Na\u0163ional Calistrat Hoga\u015f. (preluare dup\u0103 <em>Atitudinea de Neam\u0163<\/em> -28\/11\/2023)<\/p>\n\n\n\n<p><strong><em>Cristina MIRCEA<\/em><\/strong><strong><em><\/em><\/strong><\/p>\n","protected":false},"excerpt":{"rendered":"<p>Peste 200 de elevi ai Colegiului Na\u0163ional Calistrat Hoga\u015f au str\u0103b\u0103tut ast\u0103zi ora\u015ful (28 noiembrie) purt\u00e2nd steaguri, c\u00e2nt\u00e2nd \u00een fa\u0163a fiec\u0103rei institu\u0163ii la care s-au oprit \u015fi duc\u00e2nd, astfel, mai departe una dintre cele mai frumoase tradi\u0163ii \u2013 Mar\u015ful Calistra\u0163ilor.&hellip;<\/p>\n<p class=\"more-link-p\"><a class=\"more-link\" href=\"http:\/\/www.slineamt.ro\/apostolul\/panoramic-nemtean\/marsul-calistratilor-o-bogatie-pentru-sufletele-elevilor-si-ale-profesorilor\/\">Read more &rarr;<\/a><\/p>\n","protected":false},"author":1,"featured_media":0,"comment_status":"open","ping_status":"closed","sticky":false,"template":"","format":"standard","meta":{"footnotes":""},"categories":[190,477],"tags":[],"class_list":["post-24931","post","type-post","status-publish","format-standard","hentry","category-panoramic-nemtean","category-numarul-267"],"_links":{"self":[{"href":"http:\/\/www.slineamt.ro\/apostolul\/wp-json\/wp\/v2\/posts\/24931","targetHints":{"allow":["GET"]}}],"collection":[{"href":"http:\/\/www.slineamt.ro\/apostolul\/wp-json\/wp\/v2\/posts"}],"about":[{"href":"http:\/\/www.slineamt.ro\/apostolul\/wp-json\/wp\/v2\/types\/post"}],"author":[{"embeddable":true,"href":"http:\/\/www.slineamt.ro\/apostolul\/wp-json\/wp\/v2\/users\/1"}],"replies":[{"embeddable":true,"href":"http:\/\/www.slineamt.ro\/apostolul\/wp-json\/wp\/v2\/comments?post=24931"}],"version-history":[{"count":1,"href":"http:\/\/www.slineamt.ro\/apostolul\/wp-json\/wp\/v2\/posts\/24931\/revisions"}],"predecessor-version":[{"id":24933,"href":"http:\/\/www.slineamt.ro\/apostolul\/wp-json\/wp\/v2\/posts\/24931\/revisions\/24933"}],"wp:attachment":[{"href":"http:\/\/www.slineamt.ro\/apostolul\/wp-json\/wp\/v2\/media?parent=24931"}],"wp:term":[{"taxonomy":"category","embeddable":true,"href":"http:\/\/www.slineamt.ro\/apostolul\/wp-json\/wp\/v2\/categories?post=24931"},{"taxonomy":"post_tag","embeddable":true,"href":"http:\/\/www.slineamt.ro\/apostolul\/wp-json\/wp\/v2\/tags?post=24931"}],"curies":[{"name":"wp","href":"https:\/\/api.w.org\/{rel}","templated":true}]}}