{"id":24934,"date":"2023-12-18T13:54:33","date_gmt":"2023-12-18T13:54:33","guid":{"rendered":"http:\/\/www.slineamt.ro\/apostolul\/?p=24934"},"modified":"2023-12-18T13:54:33","modified_gmt":"2023-12-18T13:54:33","slug":"concursul-piatra-neamt-creativ-sub-semnul-inteligentei-creatoare","status":"publish","type":"post","link":"http:\/\/www.slineamt.ro\/apostolul\/pasi-spre-europa\/concursul-piatra-neamt-creativ-sub-semnul-inteligentei-creatoare\/","title":{"rendered":"Concursul \u201ePiatra-Neam\u0163 Creativ\u201d \u2013 sub semnul inteligen\u0163ei creatoare"},"content":{"rendered":"<div class=\"wp-block-image\">\n<figure class=\"alignleft size-full\"><a href=\"http:\/\/www.slineamt.ro\/apostolul\/wp-content\/uploads\/2023\/12\/10-ap267-foto1.jpg\"><img loading=\"lazy\" decoding=\"async\" width=\"304\" height=\"454\" src=\"http:\/\/www.slineamt.ro\/apostolul\/wp-content\/uploads\/2023\/12\/10-ap267-foto1.jpg\" alt=\"\" class=\"wp-image-24935\" srcset=\"http:\/\/www.slineamt.ro\/apostolul\/wp-content\/uploads\/2023\/12\/10-ap267-foto1.jpg 304w, http:\/\/www.slineamt.ro\/apostolul\/wp-content\/uploads\/2023\/12\/10-ap267-foto1-201x300.jpg 201w, http:\/\/www.slineamt.ro\/apostolul\/wp-content\/uploads\/2023\/12\/10-ap267-foto1-260x388.jpg 260w, http:\/\/www.slineamt.ro\/apostolul\/wp-content\/uploads\/2023\/12\/10-ap267-foto1-160x239.jpg 160w\" sizes=\"auto, (max-width: 304px) 100vw, 304px\" \/><\/a><\/figure>\n<\/div>\n\n\n<p>C\u00e2teva zeci de lucr\u0103ri de pictur\u0103 \u015fi grafic\u0103 au putut fi admirate timp de dou\u0103 s\u0103pt\u0103m\u00e2ni, la sf\u00e2r\u015fitul lunii noiembrie, pe simezele S\u0103lii Cupola a Bibliotecii Jude\u0163ene \u201eG.T. Kirileanu\u201d Neam\u0163, cu ocazia organiz\u0103rii celei de-a VII-a edi\u0163ii a Concursului \u015fi Expozi\u0163iei Interna\u0163ionale de Arte Plastice pentru copii \u201ePiatra-Neam\u0163 Creativ\u201d. Concursul reprezint\u0103, f\u0103r\u0103 \u00eendoial\u0103, un eveniment important \u00een via\u0163a artistic\u0103 \u015fi cultural\u0103, de fapt, este singura manifestare de acest gen din \u0163ar\u0103, \u00een care tineri arti\u015fti plastici de la 80 de \u015fcoli din <strong>Spania, Macedonia de Nord, Bulgaria, Serbia, Croa\u0163ia, Slovenia, Slovacia, Ungaria, Letonia, Lituania, Ucraina, Rusia, Belarus, Uzbekistan, Polonia, Turcia, Israel, Thailanda, India, Hong Kong<\/strong> \u015fi <strong>Rom\u00e2nia<\/strong>, \u00ee\u015fi confrunt\u0103 rezultatele la care au ajuns \u00een aceast\u0103 etap\u0103.<\/p>\n\n\n\n<p>Ca de obicei, evenimentul s-a distins prin nivelul ridicat al calit\u0103\u0163ii lucr\u0103rilor, semnifica\u0163ia esen\u0163ial\u0103 a acestei expozi\u0163ii fiind confruntarea unor concep\u0163ii plastice, transpuse artistic, majoritatea lor, ca un g\u00e2nd frumos, cu sinceritate, sub semnul inteligen\u0163ei creatoare. Sunt tineri arti\u015fti autentici, profunzi, sensibili care creeaz\u0103, indiferent de modalitatea de exprimare.<\/p>\n\n\n\n<p>Temele au fost, ca \u00een fiecare an, la alegere dintre: \u201eDeseneaz\u0103 ora\u015ful t\u0103u \/ Draw your city\u201d sau \u201eFlori \/ Flowers\u201d. Lucr\u0103rile premiate au fost evaluate \u00een func\u0163ie de cele trei grupe de v\u00e2rst\u0103 \u015fi experien\u0163\u0103: nivel primar \u2013 clasele I-IV (7-10 ani), nivel gimnazial \u2013 clasele V-VIII (11-14 ani) \u015fi liceal \u2013 clasele IX-XII (15-18\/19 ani).<\/p>\n\n\n\n<p>\u015ecolile c\u00e2\u015ftig\u0103toare ale <strong>Marelui Premiu<\/strong>, \u00een 2023, sunt: <strong>Simply Art<\/strong>, <strong>Hong Kong \u2013 China<\/strong>; <strong>Young Envoys International \u2013 India<\/strong>.<\/p>\n\n\n\n<p><strong>Special Prize School<\/strong> s-a acordat urm\u0103toarelor \u015fcoli: <strong>Art Studio Artino \u2013 Serbia<\/strong>; <strong>Art Studio Creatio-Mdk \u2013 Polonia<\/strong>; <strong>Szent Imre Katolikus Altalanos Iskola- Ungaria<\/strong>.<\/p>\n\n\n\n<p>Profesorii coordonatori ai echipajelor din aceste \u0163\u0103ri vor primi marele trofeu al concursului \u015fi diplomele care atest\u0103 rezultatele ob\u0163inute. Juriul competi\u0163iei a decis \u00een unanimitate decernarea a zece distinc\u0163ii \u201e<strong>Gold Medal School<\/strong>\u201d; nou\u0103sprezece \u015fcoli au fost nominalizate pentru Premiul <strong>Silver Medal<\/strong>, pentru colec\u0163iile de lucr\u0103ri de excep\u0163ie expediate la concurs. Toate \u015fcolile \u015fi cluburile participante au primit diplome de participare. De asemenea, <strong>76 elevi<\/strong> au primit diplomele <strong>Grand Prize for Individual Work<\/strong>, pentru colec\u0163iile de lucr\u0103ri originale, creative \u015fi impecabil realizate tehnic, trimise la concurs. Pentru efortul lor creator \u015fi pentru originalitate, <strong>347 elevi<\/strong> premia\u0163i cu <strong>Gold Medal Merit Class<\/strong>, iar al\u0163i <strong>469 copii<\/strong> cu <strong>Silver Medal Merit Class<\/strong>, pentru picturile lor deosebite. <strong>215 elevi<\/strong> au fost premia\u0163i cu <strong>Single Selection Diploma<\/strong>.<\/p>\n\n\n<div class=\"wp-block-image\">\n<figure class=\"alignright size-full is-resized\"><a href=\"http:\/\/www.slineamt.ro\/apostolul\/wp-content\/uploads\/2023\/12\/10-ap267-foto2.jpg\"><img loading=\"lazy\" decoding=\"async\" width=\"580\" height=\"322\" src=\"http:\/\/www.slineamt.ro\/apostolul\/wp-content\/uploads\/2023\/12\/10-ap267-foto2.jpg\" alt=\"\" class=\"wp-image-24936\" style=\"width:468px;height:auto\" srcset=\"http:\/\/www.slineamt.ro\/apostolul\/wp-content\/uploads\/2023\/12\/10-ap267-foto2.jpg 580w, http:\/\/www.slineamt.ro\/apostolul\/wp-content\/uploads\/2023\/12\/10-ap267-foto2-300x167.jpg 300w, http:\/\/www.slineamt.ro\/apostolul\/wp-content\/uploads\/2023\/12\/10-ap267-foto2-560x311.jpg 560w, http:\/\/www.slineamt.ro\/apostolul\/wp-content\/uploads\/2023\/12\/10-ap267-foto2-260x144.jpg 260w, http:\/\/www.slineamt.ro\/apostolul\/wp-content\/uploads\/2023\/12\/10-ap267-foto2-160x89.jpg 160w\" sizes=\"auto, (max-width: 580px) 100vw, 580px\" \/><\/a><\/figure>\n<\/div>\n\n\n<p>\u201e<em>Piatra-Neam\u0163 Creativ<\/em> este un proiect cultural-artistic \u015fi educa\u0163ional dedicat exclusiv exprim\u0103rii plastice a copiilor. Ne dorim continuarea sa o perioad\u0103 c\u00e2t mai lung\u0103 de timp, rezultate frumoase, ne dorim s\u0103 inspir\u0103m copiii, s\u0103 \u00eei \u00eencuraj\u0103m s\u0103 se dezvolte \u015fi, de ce nu, s\u0103 cre\u0103m pun\u0163i \u00eentre \u0163\u0103ri, \u00eentre institu\u0163ii \u015fi sisteme de educa\u0163ie, \u00eentre muzee, \u015fcoli \u015fi biblioteci, dar, mai cu seam\u0103, \u00eentre suflete \u015fi min\u0163i tinere. Acest proiect care a contribuit la promovarea municipiului Piatra-Neam\u0163 \u015fi continu\u0103 s\u0103 fac\u0103 vizibil ora\u015ful nostru, \u00eel dorim ca pe o s\u0103rb\u0103toare a excelen\u0163ei artelor vizuale \u015fi \u00een universul creativ spectaculos al micilor arti\u015fti de pe multele meridiane ale globului. Pentru c\u0103 travers\u0103m vremuri tulburi, cu mai multe conflicte armate \u00een diverse locuri de pe glob, expozi\u0163ia prezent\u0103 face, mai mult dec\u00e2t oric\u00e2nd, un veritabil lobby pentru pace. C\u0103ci unde altundeva dec\u00e2t \u00eentr-o expozi\u0163ie de art\u0103, cu lucr\u0103ri realizate de copii, pot sta mai \u00een deplin\u0103 pace una l\u00e2ng\u0103 alta Ungaria, China, Rusia, Turcia, Israel, Belarus \u015fi multe alte \u0163\u0103ri? Consider\u0103m aceast\u0103 a \u015faptea edi\u0163ie una reu\u015fit\u0103 \u015fi sper\u0103m c\u0103 vom realiza \u015fi edi\u0163iile viitoare \u00een bune condi\u0163ii, indiferent de vitregiile de moment, de neajunsurile materiale sau de instabilitatea geo-politic\u0103. Copiii \u015fi arta lor trebuie s\u0103 r\u0103m\u00e2n\u0103 mereu vii \u015fi \u00een actualitate. Binele, Adev\u0103rul \u015fi Frumosul trebuie s\u0103 triumfe. Ele vor salva lumea!\u201d, a pledat <em>prof.<strong> Cristina Petrariu<\/strong><\/em>, pre\u015fedintele Asocia\u0163iei Culturale \u201eArte. Ro\u201d.<\/p>\n\n\n\n<p>Evenimentul a \u00eenceput \u015fi s-a \u00eencheiat cu un moment muzical sus\u0163inut la pian de Alexandra Postolic\u0103, elev\u0103 \u00een clasa a XI-a la Colegiul Na\u0163ional \u201ePetru Rare\u015f\u201d, c\u00e2\u015ftig\u0103toare a unor importante premii interna\u0163ionale \u015fi \u00een domeniul artei plastice.<\/p>\n\n\n\n<p>Picturile, desenele, colajele, lucr\u0103rile de grafic\u0103, \u015fi cele realizate \u00een tehnici mixte au fost evaluate de un juriu competent \u015fi exigent alc\u0103tuit din profesori de arte vizuale, bibliotecari \u015fi muzeografi: Pre\u015fedintele juriului: <em>Prof. <strong>Cristina Petrariu<\/strong><\/em>, Pre\u015fedintele onorific al Juriului: <em>Prof. Inv. Prim. <strong>Stelu\u0163a Postolic\u0103<\/strong><\/em>. Membrii juriului: <em>Medic <strong>Mariana Ciobanu<\/strong><\/em>, <em>Prof. <strong>C\u0103t\u0103lina Enache<\/strong><\/em>, <em>Prof. <strong>Mihaela Mereu\u0163\u0103<\/strong><\/em> \u2013 <em>Bibliotecar <strong>Violeta Simina Mo\u015fu<\/strong><\/em>, <em>Conf. univ. dr. <strong>Ecaterina Marghidan<\/strong><\/em>, <em>Muzeograf coord. <strong>Silvia Tr\u0103istariu<\/strong><\/em>, <em>Prof. <strong>Oana G\u00e2rbea<\/strong><\/em>.<\/p>\n\n\n\n<p>Vernisajul a avut loc miercuri, 29 noiembrie 2023, prilej cu care s-au decernat \u015fi cele peste 150 de diplome, medalii \u015fi distinc\u0163ii pe care elevii coordona\u0163i de prof. Cristina Petrariu le-au ob\u0163inut \u00een anii \u015fcolari 2022-2023 \u015fi 2023-2024, la concursurile interna\u0163ionale de arte plastice destinate elevilor: <em>International Art Competition Portugalia, 2022; The World Art Exhibition, Taiwan, 2022; The International Children\u2019s Colony Of Arts, Macedonia, 2022; International Art Competition For Children, Polonia, 2022; The World Children\u2019s Drawing Competition, Bulgaria, 2022; International Art Competition Gaziantep, Turcia, 2022; International Youth &amp; Child Art Exhibition, India, 2022; International Poetry, Art And Song Competition, Uk, 2022\/2023; Concours International D\u2019arts Plastiques, Fran\u0163a, 2023; International Youth Art Exhibition, Bulgaria, 2023; Children\u2019s Contest, Huston, SUA, 2023; The International Children\u2019s Colony Of Arts, Macedonia, 2023; Biennial Wold Children\u2019s Art Exhibition, Japonia, 2023; International Youth &amp; Child Art Exhibition, India, 2023; World Art Exhibition, Taiwan, 2023; International Meeting Of Juvenile Art, Portugalia, 2023<\/em><\/p>\n\n\n<div class=\"wp-block-image\">\n<figure class=\"alignleft size-full is-resized\"><a href=\"http:\/\/www.slineamt.ro\/apostolul\/wp-content\/uploads\/2023\/12\/10-ap267-foto3.jpg\"><img loading=\"lazy\" decoding=\"async\" width=\"529\" height=\"346\" src=\"http:\/\/www.slineamt.ro\/apostolul\/wp-content\/uploads\/2023\/12\/10-ap267-foto3.jpg\" alt=\"\" class=\"wp-image-24937\" style=\"width:388px;height:auto\" srcset=\"http:\/\/www.slineamt.ro\/apostolul\/wp-content\/uploads\/2023\/12\/10-ap267-foto3.jpg 529w, http:\/\/www.slineamt.ro\/apostolul\/wp-content\/uploads\/2023\/12\/10-ap267-foto3-300x196.jpg 300w, http:\/\/www.slineamt.ro\/apostolul\/wp-content\/uploads\/2023\/12\/10-ap267-foto3-260x170.jpg 260w, http:\/\/www.slineamt.ro\/apostolul\/wp-content\/uploads\/2023\/12\/10-ap267-foto3-160x105.jpg 160w\" sizes=\"auto, (max-width: 529px) 100vw, 529px\" \/><\/a><\/figure>\n<\/div>\n\n\n<p>(&#8230;) \u201eSunte\u0163i o m\u00e2ndrie pentru p\u0103rin\u0163ii vo\u015ftri, pentru \u015fcolile la care \u00eenv\u0103\u0163a\u0163i, pentru profesoara Cristina Petrariu \u015fi pentru comunitatea \u00een care tr\u0103i\u0163i. Sper ca aceste concursuri s\u0103 v\u0103 stimuleze \u00een continuare pentru a face lucr\u0103ri c\u00e2t mai bune. Dac\u0103 ave\u0163i un vis, dac\u0103 ave\u0163i o pasiune, nu renun\u0163a\u0163i. Nu v\u0103 l\u0103sa\u0163i influen\u0163a\u0163i de al\u0163ii, lupta\u0163i pentru aceast\u0103 pasiune, chiar dac\u0103 la \u00eenceput poate s\u0103 fie un e\u015fec, pentru c\u0103, la un moment dat, imposibilul devine posibil\u201d, a declarat dr. Mariana Ciobanu, vicepre\u015fedintele Asocia\u0163iei Culturale \u201eArte.Ro\u201d.<\/p>\n\n\n\n<p>Evenimentul a fost organizat de Asocia\u0163ia Cultural\u0103 \u201eArte. Ro\u201d, \u00een colaborare cu Palatul Copiilor din Piatra-Neam\u0163 \u015fi Biblioteca Jude\u0163ean\u0103 \u201eG.T. Kirileanu\u201d Neam\u0163. (<strong>N. R.<\/strong> \u2013 Text prescurtat)<\/p>\n\n\n\n<p><strong><em>Violeta MO\u015eU<\/em><\/strong><strong><em><\/em><\/strong><\/p>\n","protected":false},"excerpt":{"rendered":"<p>C\u00e2teva zeci de lucr\u0103ri de pictur\u0103 \u015fi grafic\u0103 au putut fi admirate timp de dou\u0103 s\u0103pt\u0103m\u00e2ni, la sf\u00e2r\u015fitul lunii noiembrie, pe simezele S\u0103lii Cupola a Bibliotecii Jude\u0163ene \u201eG.T. Kirileanu\u201d Neam\u0163, cu ocazia organiz\u0103rii celei de-a VII-a edi\u0163ii a Concursului \u015fi&hellip;<\/p>\n<p class=\"more-link-p\"><a class=\"more-link\" href=\"http:\/\/www.slineamt.ro\/apostolul\/pasi-spre-europa\/concursul-piatra-neamt-creativ-sub-semnul-inteligentei-creatoare\/\">Read more &rarr;<\/a><\/p>\n","protected":false},"author":1,"featured_media":0,"comment_status":"open","ping_status":"closed","sticky":false,"template":"","format":"standard","meta":{"footnotes":""},"categories":[9,477],"tags":[],"class_list":["post-24934","post","type-post","status-publish","format-standard","hentry","category-pasi-spre-europa","category-numarul-267"],"_links":{"self":[{"href":"http:\/\/www.slineamt.ro\/apostolul\/wp-json\/wp\/v2\/posts\/24934","targetHints":{"allow":["GET"]}}],"collection":[{"href":"http:\/\/www.slineamt.ro\/apostolul\/wp-json\/wp\/v2\/posts"}],"about":[{"href":"http:\/\/www.slineamt.ro\/apostolul\/wp-json\/wp\/v2\/types\/post"}],"author":[{"embeddable":true,"href":"http:\/\/www.slineamt.ro\/apostolul\/wp-json\/wp\/v2\/users\/1"}],"replies":[{"embeddable":true,"href":"http:\/\/www.slineamt.ro\/apostolul\/wp-json\/wp\/v2\/comments?post=24934"}],"version-history":[{"count":1,"href":"http:\/\/www.slineamt.ro\/apostolul\/wp-json\/wp\/v2\/posts\/24934\/revisions"}],"predecessor-version":[{"id":24938,"href":"http:\/\/www.slineamt.ro\/apostolul\/wp-json\/wp\/v2\/posts\/24934\/revisions\/24938"}],"wp:attachment":[{"href":"http:\/\/www.slineamt.ro\/apostolul\/wp-json\/wp\/v2\/media?parent=24934"}],"wp:term":[{"taxonomy":"category","embeddable":true,"href":"http:\/\/www.slineamt.ro\/apostolul\/wp-json\/wp\/v2\/categories?post=24934"},{"taxonomy":"post_tag","embeddable":true,"href":"http:\/\/www.slineamt.ro\/apostolul\/wp-json\/wp\/v2\/tags?post=24934"}],"curies":[{"name":"wp","href":"https:\/\/api.w.org\/{rel}","templated":true}]}}