{"id":24940,"date":"2023-12-18T14:03:07","date_gmt":"2023-12-18T14:03:07","guid":{"rendered":"http:\/\/www.slineamt.ro\/apostolul\/?p=24940"},"modified":"2023-12-18T14:03:07","modified_gmt":"2023-12-18T14:03:07","slug":"colegiul-national-petru-rares-piatra-neamt-154-de-ani-de-performanta-in-educatie","status":"publish","type":"post","link":"http:\/\/www.slineamt.ro\/apostolul\/panoramic-nemtean\/colegiul-national-petru-rares-piatra-neamt-154-de-ani-de-performanta-in-educatie\/","title":{"rendered":"Colegiul Na\u0163ional \u201ePetru Rare\u015f\u201d Piatra-Neam\u0163 \u2013 154 de ani de performan\u0163\u0103 \u00een educa\u0163ie"},"content":{"rendered":"<div class=\"wp-block-image\">\n<figure class=\"alignleft size-full is-resized\"><a href=\"http:\/\/www.slineamt.ro\/apostolul\/wp-content\/uploads\/2023\/12\/09-ap267-foto1.jpg\"><img loading=\"lazy\" decoding=\"async\" width=\"643\" height=\"398\" src=\"http:\/\/www.slineamt.ro\/apostolul\/wp-content\/uploads\/2023\/12\/09-ap267-foto1.jpg\" alt=\"\" class=\"wp-image-24941\" style=\"width:445px;height:auto\" srcset=\"http:\/\/www.slineamt.ro\/apostolul\/wp-content\/uploads\/2023\/12\/09-ap267-foto1.jpg 643w, http:\/\/www.slineamt.ro\/apostolul\/wp-content\/uploads\/2023\/12\/09-ap267-foto1-300x186.jpg 300w, http:\/\/www.slineamt.ro\/apostolul\/wp-content\/uploads\/2023\/12\/09-ap267-foto1-560x347.jpg 560w, http:\/\/www.slineamt.ro\/apostolul\/wp-content\/uploads\/2023\/12\/09-ap267-foto1-260x161.jpg 260w, http:\/\/www.slineamt.ro\/apostolul\/wp-content\/uploads\/2023\/12\/09-ap267-foto1-160x99.jpg 160w\" sizes=\"auto, (max-width: 643px) 100vw, 643px\" \/><\/a><\/figure>\n<\/div>\n\n\n<p><strong>Emo\u0163ie \u015fi s\u0103rb\u0103toare, vineri, 24 noiembrie 2023, \u00een legendara cancelarie a Colegiului Na\u0163ional \u201ePetru Rare\u015f\u201d din Piatra-Neam\u0163. Aniversarea a adus la un loc fo\u015fti \u015fi actuali directori \u015fi profesori, elevi \u015fi absolven\u0163i. Prestigiul c\u00e2\u015ftigat \u00een cei 154 de ani de la \u00eenfiin\u0163are arat\u0103 c\u0103 trecerea timpului \u00eennobileaz\u0103 fibrele tainice care-i leag\u0103 pe elevi \u015fi dasc\u0103li, deopotriv\u0103, de draga lor \u015fcoal\u0103.<\/strong><\/p>\n\n\n\n<p>\u201eBine a\u0163i venit, stima\u0163i seniori ai Rare\u015fului, stima\u0163i colegi \u015fi dragi elevi! Ne afl\u0103m la finalul unei s\u0103pt\u0103m\u00e2ni intense, plin\u0103 de activit\u0103\u0163i. Toate manifest\u0103rile prilejuite de <em>\u015ecoala Altfel<\/em> nu ar fi fost posibile f\u0103r\u0103 imagina\u0163ia \u015fi d\u0103ruirea colegilor \u015fi elevilor no\u015ftri. \u00cen anul \u015fcolar precedent, la nivel de competi\u0163ii, 11% din popula\u0163ia \u015fcolar\u0103 a colegiului nostru a participat la olimpiadele na\u0163ionale. Procentul reprezint\u0103 participarea a 111 elevi care s-au \u00eentors cu premii \u015fi men\u0163iuni. \u00cen plus, am avut \u015fi o participare interna\u0163ional\u0103. Rata de promovare la examenul de Bacalaureat a fost de 100%, ocup\u00e2nd locul 32 \u00een topul na\u0163ional. La fel \u015fi la Evaluarea Na\u0163ional\u0103 au fost medii foarte bune. Ne-am situat \u015fi aici pe locul 28 la nivel na\u0163ional. Nu am cuvinte s\u0103 v\u0103 mul\u0163umesc dumneavoastr\u0103, seniorilor, pentru bucuria de a fi prezen\u0163i \u00eentr-un moment at\u00e2t de important pentru istoria \u015fcolii. Acest fapt arat\u0103 c\u0103 \u00eentotdeauna cancelaria Rare\u015fului a fost unit\u0103 peste ani. Vreau s\u0103 v\u0103 anun\u0163 c\u0103 am identificat un spa\u0163iu unde dorim s\u0103 organiz\u0103m un muzeu al \u015fcolii \u015fi, dac\u0103 ave\u0163i fotografii, amintiri sau alte materiale documentare legate de istoria liceului, v\u0103 a\u015ftept\u0103m pentru a \u00eembog\u0103\u0163i zestrea deja existent\u0103\u201d, a declarat prof. Grigoru\u0163\u0103 Oniciuc, directorul Colegiului Na\u0163ional \u201ePetru Rare\u015f\u201d.<\/p>\n\n\n<div class=\"wp-block-image\">\n<figure class=\"alignright size-full is-resized\"><a href=\"http:\/\/www.slineamt.ro\/apostolul\/wp-content\/uploads\/2023\/12\/09-ap267-foto2.jpg\"><img loading=\"lazy\" decoding=\"async\" width=\"307\" height=\"454\" src=\"http:\/\/www.slineamt.ro\/apostolul\/wp-content\/uploads\/2023\/12\/09-ap267-foto2.jpg\" alt=\"\" class=\"wp-image-24942\" style=\"width:284px;height:auto\" srcset=\"http:\/\/www.slineamt.ro\/apostolul\/wp-content\/uploads\/2023\/12\/09-ap267-foto2.jpg 307w, http:\/\/www.slineamt.ro\/apostolul\/wp-content\/uploads\/2023\/12\/09-ap267-foto2-203x300.jpg 203w, http:\/\/www.slineamt.ro\/apostolul\/wp-content\/uploads\/2023\/12\/09-ap267-foto2-260x384.jpg 260w, http:\/\/www.slineamt.ro\/apostolul\/wp-content\/uploads\/2023\/12\/09-ap267-foto2-160x237.jpg 160w\" sizes=\"auto, (max-width: 307px) 100vw, 307px\" \/><\/a><\/figure>\n<\/div>\n\n\n<p>Pentru \u00eenceput, s-a vizionat un reportaj video realizat de Televiziunea Rom\u00e2n\u0103, \u00een noiembrie 1969, an \u00een care \u201ePetru Rare\u015f\u201d a devenit liceu centenar. Filmul-document provine din arhiva Martei Manca\u015f, absolvent\u0103 a promo\u0163iei 1976, \u015fi cuprinde imagini \u015fi interviuri de colec\u0163ie cu profesorul de matematic\u0103 Grigore Cap\u015fa, fost director al liceului, generalul de divizie Gheorghe Manoliu, dr. Gheorghe Iacomi, prof. Mihai-Emilian Manca\u015f, director al liceului \u00een anul centenarului, \u015fi prof. Florin Alcaz, pe atunci elev.<\/p>\n\n\n\n<p><a href=\"https:\/\/euscreen.eu\/item.html?id=EUS_973C5F01EEBA4E6DB20BA97CAD16AA59&amp;fbclid=IwAR1wGUC0VD2PrHV3HRErvTPaW_OYvDEEB_KPlWGOz-y1qZRhCaBh9jelmT0\">https:\/\/euscreen.eu\/item.html?id=EUS_973C5F01EEBA4E6DB20BA97CAD16AA59&amp;fbclid=IwAR1wGUC0VD2PrHV3HRErvTPaW_OYvDEEB_KPlWGOz-y1qZRhCaBh9jelmT0<\/a><\/p>\n\n\n\n<p>Ceremonia a continuat cu relansarea <strong>Rare\u015f Press<\/strong>, o publica\u0163ie readus\u0103 \u00een aten\u0163ie de un colectiv redac\u0163ional format din elevii: Iris Petra L\u0103c\u0103tu\u015fu, Crina Ab\u0103loaei, Ecaterina Agafi\u0163ei, Elisa Ambros\u0103, Loredana Bumbu, Laura Ciubotaru, Sara Cojocariu, Angelo Cozma, Elisa H\u00e2r\u0163an, Ioana P\u0103un \u015fi Ingrid Eliana Roman. \u201eRare\u015f Press este oglinda a ceea ce am crezut noi c\u0103 va fi interesant pentru to\u0163i colegii. Sper\u0103m s\u0103 fie ziarul lor mai mult dec\u00e2t al nostru. De fapt, abia acum pare serios ce am f\u0103cut. Acum, c\u00e2nd munca noastr\u0103 este tip\u0103rit\u0103 \u015fi preg\u0103tit\u0103 de evaluare. V\u0103 rog, la fel cum am scris \u015fi \u00een ziar, citi\u0163i-ne! E tot ce ne dorim\u201d, a precizat Iris Petra L\u0103c\u0103tu\u015fu.<\/p>\n\n\n\n<p>A urmat lansarea num\u0103rului 153 al Revistei <strong>Flori de munte<\/strong> (redac\u0163ia: Iustina Iord\u0103chescu, Lucca James Gal, Anya-Larissa Mih\u0103il\u0103, Angelo George Cozma, Alessia Elena Alistar; coordonatori: prof. Grigoru\u0163\u0103 Oniciuc \u2013 director; prof. Ionela-Claudia Jora \u2013 director adjunct; prof. dr. Melania-Elena Iliu\u0163\u0103; prof. Elena N\u0103soi). La etapa na\u0163ional\u0103 a Concursului Na\u0163ional de reviste \u015fcolare \u015fi jurnalism, eforturile redac\u0163iei au fost r\u0103spl\u0103tite cu Premiul al II-lea. \u201eRevista este una de tip caleidoscop, pentru elevi \u015fi despre elevi. \u00cencep\u00e2nd cu acest an \u015fcolar, avem o echip\u0103 nou\u0103, o echip\u0103 care a venit cu for\u0163e proaspete, o echip\u0103 care a \u00een\u0163eles foarte repede ce \u00eenseamn\u0103 un comitet de redac\u0163ie. Sunt tineri inteligen\u0163i, implica\u0163i. Revista poate fi definit\u0103 prin doi termeni: schimbare \u015fi noutate, at\u00e2t la nivelul formei, c\u00e2t \u015fi la nivelul con\u0163inutului\u201d, a men\u0163ionat prof. dr. Melania-Elena Iliu\u0163\u0103.<\/p>\n\n\n<div class=\"wp-block-image\">\n<figure class=\"alignleft size-full is-resized\"><a href=\"http:\/\/www.slineamt.ro\/apostolul\/wp-content\/uploads\/2023\/12\/09-ap267-foto3.jpg\"><img loading=\"lazy\" decoding=\"async\" width=\"529\" height=\"487\" src=\"http:\/\/www.slineamt.ro\/apostolul\/wp-content\/uploads\/2023\/12\/09-ap267-foto3.jpg\" alt=\"\" class=\"wp-image-24943\" style=\"width:367px;height:auto\" srcset=\"http:\/\/www.slineamt.ro\/apostolul\/wp-content\/uploads\/2023\/12\/09-ap267-foto3.jpg 529w, http:\/\/www.slineamt.ro\/apostolul\/wp-content\/uploads\/2023\/12\/09-ap267-foto3-300x276.jpg 300w, http:\/\/www.slineamt.ro\/apostolul\/wp-content\/uploads\/2023\/12\/09-ap267-foto3-260x239.jpg 260w, http:\/\/www.slineamt.ro\/apostolul\/wp-content\/uploads\/2023\/12\/09-ap267-foto3-160x147.jpg 160w\" sizes=\"auto, (max-width: 529px) 100vw, 529px\" \/><\/a><\/figure>\n<\/div>\n\n\n<p>\u00cen acest cadru festiv s-a lansat \u015fi <strong>Anuarul Colegiului Na\u0163ional \u201ePetru Rare\u015f<\/strong>\u201d, nr. 19, serie nou\u0103 (coordonatori: prof. Grigoru\u0163\u0103 Oniciuc \u2013 director; prof. Ionela-Claudia Jora \u2013 director adjunct; responsabil num\u0103r: prof. dr. Monica Costea; coperta\/tehnoredactare: prof. Ioan-Irinel Cozma). \u201eAnuarul oglinde\u015fte, de fapt, cel mai bine activitatea noastr\u0103 \u015fcolar\u0103 pe anul 2022-2023. \u00cei felicit\u0103m \u015fi le mul\u0163umim colegilor care au coordonat acest num\u0103r\u201d, a spus prof. Ionela-Claudia Jora \u2013 director adjunct.<\/p>\n\n\n\n<p>\u201eEste cea mai veche tradi\u0163ie scris\u0103 a Rare\u015fului. Primul num\u0103r al acestui anuar a fost redactat \u00een anul \u015fcolar 1896-1897. Este extraordinar c\u0103 ne afl\u0103m \u00eentr-un liceu care are o asemenea tradi\u0163ie \u015fi o asemenea vechime a publica\u0163iilor. Acest fapt ne onoreaz\u0103 \u015fi, bine\u00een\u0163eles, ne oblig\u0103 s\u0103 fim cel pu\u0163in la nivelul de efort al \u00eenainta\u015filor no\u015ftri. Lans\u0103m ast\u0103zi anuarul \u00eentr-un cadru intelectual \u015fi cultural special: Anul Monica Lovinescu, desemnat la ini\u0163iativa Editurii Humanitas\u201d, a afirmat prof. dr. Monica Costea.<\/p>\n\n\n\n<p>A\u015fadar, fericit prilej de bucurie, de reg\u0103sire \u015fi frumoase aduceri aminte\u2026<\/p>\n\n\n\n<p><strong><em>Violeta MO\u015eU<\/em><\/strong><strong><em><\/em><\/strong><\/p>\n","protected":false},"excerpt":{"rendered":"<p>Emo\u0163ie \u015fi s\u0103rb\u0103toare, vineri, 24 noiembrie 2023, \u00een legendara cancelarie a Colegiului Na\u0163ional \u201ePetru Rare\u015f\u201d din Piatra-Neam\u0163. Aniversarea a adus la un loc fo\u015fti \u015fi actuali directori \u015fi profesori, elevi \u015fi absolven\u0163i. Prestigiul c\u00e2\u015ftigat \u00een cei 154 de ani de&hellip;<\/p>\n<p class=\"more-link-p\"><a class=\"more-link\" href=\"http:\/\/www.slineamt.ro\/apostolul\/panoramic-nemtean\/colegiul-national-petru-rares-piatra-neamt-154-de-ani-de-performanta-in-educatie\/\">Read more &rarr;<\/a><\/p>\n","protected":false},"author":1,"featured_media":0,"comment_status":"open","ping_status":"closed","sticky":false,"template":"","format":"standard","meta":{"footnotes":""},"categories":[190,477],"tags":[],"class_list":["post-24940","post","type-post","status-publish","format-standard","hentry","category-panoramic-nemtean","category-numarul-267"],"_links":{"self":[{"href":"http:\/\/www.slineamt.ro\/apostolul\/wp-json\/wp\/v2\/posts\/24940","targetHints":{"allow":["GET"]}}],"collection":[{"href":"http:\/\/www.slineamt.ro\/apostolul\/wp-json\/wp\/v2\/posts"}],"about":[{"href":"http:\/\/www.slineamt.ro\/apostolul\/wp-json\/wp\/v2\/types\/post"}],"author":[{"embeddable":true,"href":"http:\/\/www.slineamt.ro\/apostolul\/wp-json\/wp\/v2\/users\/1"}],"replies":[{"embeddable":true,"href":"http:\/\/www.slineamt.ro\/apostolul\/wp-json\/wp\/v2\/comments?post=24940"}],"version-history":[{"count":1,"href":"http:\/\/www.slineamt.ro\/apostolul\/wp-json\/wp\/v2\/posts\/24940\/revisions"}],"predecessor-version":[{"id":24944,"href":"http:\/\/www.slineamt.ro\/apostolul\/wp-json\/wp\/v2\/posts\/24940\/revisions\/24944"}],"wp:attachment":[{"href":"http:\/\/www.slineamt.ro\/apostolul\/wp-json\/wp\/v2\/media?parent=24940"}],"wp:term":[{"taxonomy":"category","embeddable":true,"href":"http:\/\/www.slineamt.ro\/apostolul\/wp-json\/wp\/v2\/categories?post=24940"},{"taxonomy":"post_tag","embeddable":true,"href":"http:\/\/www.slineamt.ro\/apostolul\/wp-json\/wp\/v2\/tags?post=24940"}],"curies":[{"name":"wp","href":"https:\/\/api.w.org\/{rel}","templated":true}]}}