{"id":25028,"date":"2024-01-22T10:24:43","date_gmt":"2024-01-22T10:24:43","guid":{"rendered":"http:\/\/www.slineamt.ro\/apostolul\/?p=25028"},"modified":"2024-01-22T10:24:43","modified_gmt":"2024-01-22T10:24:43","slug":"destinul-literar-simbolist-al-lui-ion-minulescu","status":"publish","type":"post","link":"http:\/\/www.slineamt.ro\/apostolul\/cronica-literara\/destinul-literar-simbolist-al-lui-ion-minulescu\/","title":{"rendered":"Destinul literar simbolist al lui Ion Minulescu"},"content":{"rendered":"<div class=\"wp-block-image\">\n<figure class=\"alignleft size-full\"><a href=\"http:\/\/www.slineamt.ro\/apostolul\/wp-content\/uploads\/2024\/01\/13-ap268-foto1.jpg\"><img loading=\"lazy\" decoding=\"async\" width=\"278\" height=\"416\" src=\"http:\/\/www.slineamt.ro\/apostolul\/wp-content\/uploads\/2024\/01\/13-ap268-foto1.jpg\" alt=\"\" class=\"wp-image-25029\" srcset=\"http:\/\/www.slineamt.ro\/apostolul\/wp-content\/uploads\/2024\/01\/13-ap268-foto1.jpg 278w, http:\/\/www.slineamt.ro\/apostolul\/wp-content\/uploads\/2024\/01\/13-ap268-foto1-200x300.jpg 200w, http:\/\/www.slineamt.ro\/apostolul\/wp-content\/uploads\/2024\/01\/13-ap268-foto1-260x389.jpg 260w, http:\/\/www.slineamt.ro\/apostolul\/wp-content\/uploads\/2024\/01\/13-ap268-foto1-160x239.jpg 160w\" sizes=\"auto, (max-width: 278px) 100vw, 278px\" \/><\/a><\/figure>\n<\/div>\n\n\n<p>Comemor\u0103m, \u00een anul de gra\u0163ie 2024, 80 de ani de la trecerea \u00een eternitate a celui care avea s\u0103 fie cunoscut \u00een literatura rom\u00e2n\u0103 drept unul dintre cei mai mari poe\u0163i simboli\u015fti. N\u0103scut \u00een 1881 la Bucure\u015fti, Ion Minulescu \u00ee\u015fi va petrece copil\u0103ria la Slatina, ora\u015ful din care venea mama sa, \u00eens\u0103 anii de \u015fcoal\u0103 \u00eel vor purta la Pite\u015fti; \u00een 1899, \u00ee\u015fi va trece bacalaureatul la un pension particular din Bucure\u015fti.<\/p>\n\n\n\n<p>Socotindu-se un ne\u00een\u0163eles, f\u0103r\u0103 o audien\u0163\u0103 prea mare la public \u00een perioada debutului, destinul literar al poetului avea s\u0103 se schimbe radical \u015fi va cuceri o popularitate f\u0103r\u0103 niciun fel de echivoc, popularitate care va cre\u015fte \u00een primul sfert de veac al XX-lea. De altfel, aceast\u0103 situa\u0163ie oarecum paradoxal\u0103 o reg\u0103sim explicit formulat\u0103 \u00een confesiunea public\u0103 \u201e<em>Nu sunt ce par a fi!<\/em>\u201d, tip\u0103rit\u0103 pentru prima dat\u0103 \u00een 1941: \u201e<em>Nu am intrat \u00een gustul marelui public dec\u00e2t atunci c\u00e2nd am \u00eenceput s\u0103-mi recit eu singur poeziile, cu prilejul \u015fez\u0103torilor la care, pe vremea aceea, scriitorii erau \u00eenlocui\u0163i cu actorii<\/em>.\u201d A\u015fadar, acest farmec al proscrisului \u015fi boemului de alt\u0103dat\u0103 \u00eel transform\u0103 pe Minulescu \u00eentr-o vedet\u0103 care cucere\u015fte instantaneu adeziunea publicului. Asta, poate, \u015fi pentru faptul c\u0103 a ales \u201eroman\u0163a\u201d ca modalitate de a exprima sensibilitatea public\u0103 autohton\u0103; erau la mod\u0103, \u00een epoc\u0103, at\u00e2t <em>liedul<\/em> german c\u00e2t \u015fi c\u00e2ntecul francez, iar de aici p\u00e2n\u0103 la roman\u0163\u0103 nu a fost dec\u00e2t un pas.<\/p>\n\n\n\n<p>Situarea versurilor minulesciene \u00een contextul primului deceniu al secolului trecut aduce un suflu nou \u00een istoria liricii rom\u00e2ne\u015fti: poetul ap\u0103rea \u00een momentul \u00een care romantismul posteminescian domina scena poeziei; cu toate acestea, ecourile tot mai estompate ale poeziilor lui Al. Vlahu\u0163\u0103 \u015fi G. Co\u015fbuc, poe\u0163i asocia\u0163i cu poezia de la sf\u00e2r\u015fitul veacului al XIX-lea, sus\u0163in prezen\u0163a lui Minulescu \u015fi promoveaz\u0103 acel nou mod de a scrie poezie. Dac\u0103 poezia lui Octavian Goga aduce \u00een prim-planul literaturii imaginea \u0163\u0103ranului, versurile lui Dimitrie Anghel mut\u0103 centrul de gravita\u0163ie al liricii rom\u00e2ne\u015fti spre simbolismul floral, care \u00eentruchipeaz\u0103 st\u0103ri de spirit de sorginte urban\u0103; Nicolae Iorga aprecia c\u0103 D. Anghel este \u201e<em>poetul acestei \u00eembel\u015fugate gr\u0103dini, care e o gr\u0103din\u0103 boiereasc\u0103, o gr\u0103din\u0103 scump\u0103, pentru oameni avu\u0163i<\/em>.\u201d Pe de alt\u0103 parte, \u015et. O. Iosif \u015fi Panait Cerna se bucurau de o pre\u0163uire public\u0103 evident\u0103 tocmai pentru dimensiunea popular\u0103 \u015fi sentimental\u0103 a versurilor. Dar, personalitatea care l-a influen\u0163at \u00eentr-o m\u0103sur\u0103 mai mare pe Minulescu a fost tocmai poetul <em>maudit<\/em> (blestemat), Al. Macedonski; acesta, apreciat numai de un grup restr\u00e2ns de prieteni din cauza caracterului s\u0103u dificil, mereu \u00een contratimp cu epoca, de\u015fi publicase mai multe dintre capodoperele sale, va asocia numelui s\u0103u eticheta de <em>teoretician al simbolismului<\/em> tocmai prin articolul s\u0103u scris \u00een manier\u0103 profetic\u0103, \u201e<em>Poezia viitorului<\/em>\u201d. Dar, paradoxal, niciunul dintre ace\u015fti poe\u0163i nu l-au influen\u0163at \u00eentr-o m\u0103sur\u0103 prea mare pe Ion Minulescu; doar, dup\u0103 c\u0103l\u0103toria sa la Paris, acolo unde cunoa\u015fte atmosfera literar\u0103 specific\u0103 primului deceniu al secolului al XX-lea, drumul s\u0103u poetic \u00ee\u015fi consolideaz\u0103 formula \u015fi \u00ee\u015fi define\u015fte op\u0163iunile. Jules Laforgue, pe care \u00eel cunoa\u015fte \u00een capitala Fran\u0163ei, va fi unul dintre cei care vor exercita o influen\u0163\u0103 hot\u0103r\u00e2toare asupra poetului rom\u00e2n: \u201e<em>el este cel sub a c\u0103rui zodie poetic\u0103 aveam s\u0103-mi croiesc primele directive con\u015ftiente, ca s\u0103 zic a\u015fa, de-a lungul c\u00e2mpului arid \u015fi plin de scaie\u0163i, \u00een care m\u0103 trezisem r\u0103t\u0103cit la un moment dat<\/em>,\u201d transform\u00e2ndu-l \u00eentr-un adev\u0103rat \u015fef de \u015fcoal\u0103 simbolist\u0103. Unele dintre primele sale poeme sunt adev\u0103rate manifeste, tocmai prin aceea c\u0103 \u00eembr\u0103\u0163i\u015feaz\u0103 principalele tehnici ale acestei \u015fcoli literare: versul liber, simbolul, sugestia, coresponden\u0163ele; ad\u0103ug\u0103m, \u00een acest context, \u015fi urm\u0103toarea apreciere: prin \u00eentreaga sa oper\u0103, Ion Minulescu a \u00eemp\u0103m\u00e2ntenit la noi un mod de via\u0163\u0103 simbolist, sintez\u0103 \u00eentre boem\u0103 \u015fi dandism. Iat\u0103 care sunt, a\u015fadar, resorturile intime ale poeziei lui Ion Minulescu, devenite \u00een timp coordonatele \u00eentregii sale opere!<\/p>\n\n\n<div class=\"wp-block-image\">\n<figure class=\"alignright size-full is-resized\"><a href=\"http:\/\/www.slineamt.ro\/apostolul\/wp-content\/uploads\/2024\/01\/13-ap268-foto2.jpg\"><img loading=\"lazy\" decoding=\"async\" width=\"416\" height=\"269\" src=\"http:\/\/www.slineamt.ro\/apostolul\/wp-content\/uploads\/2024\/01\/13-ap268-foto2.jpg\" alt=\"\" class=\"wp-image-25030\" style=\"width:370px;height:auto\" srcset=\"http:\/\/www.slineamt.ro\/apostolul\/wp-content\/uploads\/2024\/01\/13-ap268-foto2.jpg 416w, http:\/\/www.slineamt.ro\/apostolul\/wp-content\/uploads\/2024\/01\/13-ap268-foto2-300x194.jpg 300w, http:\/\/www.slineamt.ro\/apostolul\/wp-content\/uploads\/2024\/01\/13-ap268-foto2-260x168.jpg 260w, http:\/\/www.slineamt.ro\/apostolul\/wp-content\/uploads\/2024\/01\/13-ap268-foto2-160x103.jpg 160w\" sizes=\"auto, (max-width: 416px) 100vw, 416px\" \/><\/a><\/figure>\n<\/div>\n\n\n<p>Universul liric este configurat de urm\u0103toarele volume \u015fi cicluri de versuri: <em>Roman\u0163e pentru mai t\u00e2rziu, Liturghii profane, De vorb\u0103 cu mine \u00eensumi, Strofe pentru elementele naturii, Strofe pentru cele patru anotimpuri, Strofe pentru faptele diverse, Strofe pentru mine singur, Strofe pentru Cel-de-Sus, Nu sunt ce par a fi&#8230;, Patrusprezece inedite \u015fi Cinci grote\u015fti<\/em>. Chiar \u015fi la o simpl\u0103 enumerare a titlurilor se constat\u0103 acea diversitate a intereselor poetice, transformate \u00een tot at\u00e2tea teme ori motive literare. Dac\u0103 ad\u0103ug\u0103m \u015fi operele \u00een proz\u0103 \u015fi pe cele dramatice (romanele <em>Ro\u015fu, galben \u015fi albastru<\/em> \u015fi <em>Corigent la limba rom\u00e2n\u0103<\/em>, culegerea de nuvele fantastice <em>Ceti\u0163i-le noaptea<\/em>, piesele de teatru: <em>Amantul anonim, Nevasta lui Mo\u015f Zaharia, Omul care trebuia s\u0103 moar\u0103, Allegro ma non troppo, Manechinul sentimental, Porumbi\u0163a f\u0103r\u0103 aripi<\/em> etc.) precum \u015fi multitudinea de reviste \u015fi foi literare \u00een paginile c\u0103rora a publicat <em>(\u201eViitorul\u201d, \u201eViitorul social\u201d, \u201eVia\u0163a rom\u00e2neasc\u0103\u201d, \u201eConvorbiri critice\u201d, \u201eFlac\u0103ra\u201d, \u201eFamilia\u201d, \u201eNa\u0163iunea\u201d, \u201eVersuri\u201d, \u201eRom\u00e2nul\u201d, \u201eSeara\u201d, \u201eUniversul literar\u201d, \u201eG\u00e2ndirea\u201d, \u201eVremea\u201d<\/em> etc.), profilul scriitoricesc al lui Ion Minulescu se des\u0103v\u00e2r\u015fe\u015fte. A\u015fadar, ca \u00een portretul f\u0103cut de Iser la apari\u0163ia, \u00een 1930, a volumului <em>Strofe pentru toat\u0103 lumea<\/em>, o personalitate debordant\u0103, cu adev\u0103rat demn\u0103 de acest veritabil \u015fef de \u015fcoal\u0103 simbolist\u0103 care a fost Ion Minulescu.<\/p>\n\n\n\n<p><strong><em>Prof. dr. Gheorghe BR\u00c2NZEI<\/em><\/strong><\/p>\n","protected":false},"excerpt":{"rendered":"<p>Comemor\u0103m, \u00een anul de gra\u0163ie 2024, 80 de ani de la trecerea \u00een eternitate a celui care avea s\u0103 fie cunoscut \u00een literatura rom\u00e2n\u0103 drept unul dintre cei mai mari poe\u0163i simboli\u015fti. N\u0103scut \u00een 1881 la Bucure\u015fti, Ion Minulescu \u00ee\u015fi&hellip;<\/p>\n<p class=\"more-link-p\"><a class=\"more-link\" href=\"http:\/\/www.slineamt.ro\/apostolul\/cronica-literara\/destinul-literar-simbolist-al-lui-ion-minulescu\/\">Read more &rarr;<\/a><\/p>\n","protected":false},"author":1,"featured_media":0,"comment_status":"open","ping_status":"closed","sticky":false,"template":"","format":"standard","meta":{"footnotes":""},"categories":[16,478],"tags":[],"class_list":["post-25028","post","type-post","status-publish","format-standard","hentry","category-cronica-literara","category-numarul-268"],"_links":{"self":[{"href":"http:\/\/www.slineamt.ro\/apostolul\/wp-json\/wp\/v2\/posts\/25028","targetHints":{"allow":["GET"]}}],"collection":[{"href":"http:\/\/www.slineamt.ro\/apostolul\/wp-json\/wp\/v2\/posts"}],"about":[{"href":"http:\/\/www.slineamt.ro\/apostolul\/wp-json\/wp\/v2\/types\/post"}],"author":[{"embeddable":true,"href":"http:\/\/www.slineamt.ro\/apostolul\/wp-json\/wp\/v2\/users\/1"}],"replies":[{"embeddable":true,"href":"http:\/\/www.slineamt.ro\/apostolul\/wp-json\/wp\/v2\/comments?post=25028"}],"version-history":[{"count":1,"href":"http:\/\/www.slineamt.ro\/apostolul\/wp-json\/wp\/v2\/posts\/25028\/revisions"}],"predecessor-version":[{"id":25031,"href":"http:\/\/www.slineamt.ro\/apostolul\/wp-json\/wp\/v2\/posts\/25028\/revisions\/25031"}],"wp:attachment":[{"href":"http:\/\/www.slineamt.ro\/apostolul\/wp-json\/wp\/v2\/media?parent=25028"}],"wp:term":[{"taxonomy":"category","embeddable":true,"href":"http:\/\/www.slineamt.ro\/apostolul\/wp-json\/wp\/v2\/categories?post=25028"},{"taxonomy":"post_tag","embeddable":true,"href":"http:\/\/www.slineamt.ro\/apostolul\/wp-json\/wp\/v2\/tags?post=25028"}],"curies":[{"name":"wp","href":"https:\/\/api.w.org\/{rel}","templated":true}]}}