{"id":25211,"date":"2024-03-19T08:22:26","date_gmt":"2024-03-19T08:22:26","guid":{"rendered":"https:\/\/www.slineamt.ro\/apostolul\/?p=25211"},"modified":"2024-03-19T17:10:43","modified_gmt":"2024-03-19T17:10:43","slug":"colectivul-de-redactie-al-revistei-apostolul-martie-2024","status":"publish","type":"post","link":"http:\/\/www.slineamt.ro\/apostolul\/scoala-nemteana-la-zi\/colectivul-de-redactie-al-revistei-apostolul-martie-2024\/","title":{"rendered":"COLECTIVUL DE REDAC\u0162IE al revistei Apostolul, martie 2024"},"content":{"rendered":"\n<p><strong>Mircea ZAHARIA \u2013 redactor<\/strong><strong>\u2010<\/strong><strong>\u015fef, Gianina BURUIAN\u0102 &amp; Angelina BEGU \u2013 redactor<\/strong><strong>\u2010<\/strong><strong>\u015fef adjunct, Violeta MO\u015eU, Ramona-Mihaela RO\u015eU, Mihai FLOROAIA, Lumini\u021ba FELEA \u2013 secretar\u0103, Dorian RADU \u2013 DTP; Dorin DAVIDEANU \u2013 editor online<\/strong><\/p>\n\n\n<div class=\"wp-block-image\">\n<figure class=\"aligncenter size-full is-resized\"><a href=\"http:\/\/www.slineamt.ro\/apostolul\/wp-content\/uploads\/2024\/03\/49-ap270-foto1.jpg\"><img loading=\"lazy\" decoding=\"async\" width=\"538\" height=\"277\" src=\"http:\/\/www.slineamt.ro\/apostolul\/wp-content\/uploads\/2024\/03\/49-ap270-foto1.jpg\" alt=\"\" class=\"wp-image-25415\" style=\"width:588px;height:auto\" srcset=\"http:\/\/www.slineamt.ro\/apostolul\/wp-content\/uploads\/2024\/03\/49-ap270-foto1.jpg 538w, http:\/\/www.slineamt.ro\/apostolul\/wp-content\/uploads\/2024\/03\/49-ap270-foto1-300x154.jpg 300w, http:\/\/www.slineamt.ro\/apostolul\/wp-content\/uploads\/2024\/03\/49-ap270-foto1-260x134.jpg 260w, http:\/\/www.slineamt.ro\/apostolul\/wp-content\/uploads\/2024\/03\/49-ap270-foto1-160x82.jpg 160w\" sizes=\"auto, (max-width: 538px) 100vw, 538px\" \/><\/a><\/figure>\n<\/div>\n\n\n<p><\/p>\n\n\n<div class=\"wp-block-image\">\n<figure class=\"alignleft size-full is-resized\"><a href=\"http:\/\/www.slineamt.ro\/apostolul\/wp-content\/uploads\/2024\/03\/49-ap270-Mircea-Zaharia.jpg\"><img loading=\"lazy\" decoding=\"async\" width=\"214\" height=\"302\" src=\"http:\/\/www.slineamt.ro\/apostolul\/wp-content\/uploads\/2024\/03\/49-ap270-Mircea-Zaharia.jpg\" alt=\"\" class=\"wp-image-25212\" style=\"width:238px;height:auto\" srcset=\"http:\/\/www.slineamt.ro\/apostolul\/wp-content\/uploads\/2024\/03\/49-ap270-Mircea-Zaharia.jpg 214w, http:\/\/www.slineamt.ro\/apostolul\/wp-content\/uploads\/2024\/03\/49-ap270-Mircea-Zaharia-213x300.jpg 213w, http:\/\/www.slineamt.ro\/apostolul\/wp-content\/uploads\/2024\/03\/49-ap270-Mircea-Zaharia-160x226.jpg 160w\" sizes=\"auto, (max-width: 214px) 100vw, 214px\" \/><\/a><\/figure>\n<\/div>\n\n\n<p><strong>Mircea ZAHARIA<\/strong> (10. 05. 1947, Muncelul de Sus, Ia\u015fi). Membru al UNITER (Uniunea Oamenilor de Teatru din Rom\u00e2nia) \u015fi al Uniunii Ziari\u015ftilor Profesioni\u015fti din Rom\u00e2nia. Facultatea de Filologie a Universit\u0103\u0163ii <em>Alexandru Ioan Cuza<\/em> (Ia\u015fi,1970). Profesor (1970-1972), apoi referent literar la Teatrului Tineretului din Piatra-Neam\u0163, secretar literar (1980-1989 \u015fi 2001-2005), director (1989-1991), director adjunct (1991-1994). Prezint\u0103 studioul <em>ABC Teatral<\/em> la T.T. \u015fi editeaz\u0103, singur sau \u00eempreun\u0103 cu Paul Findrihan, caietele-program ale T.T., publica\u0163ia de cultur\u0103 teatral\u0103 <em>Zig-zag<\/em> (1984-1989), <em>Heautontimorumenos<\/em>, gazeta Festivalului de Teatru. \u00cengrije\u015fte \u015fi editeaz\u0103 c\u0103r\u0163i despre T.T. \u015fi personalit\u0103\u0163ile care l-au marcat (<em>Breviar, Remember, O istorie anecdotic\u0103 a unui teatru serios, Teatrul Tineretului \u201950, Festivalul de teatru de la Piatra-Neam\u0163<\/em>). Secretar artistic la Facultatea de Muzic\u0103 a Academiei <em>Gheorghe Dima<\/em> din Cluj (2001-2008). Secretar general de redac\u0163ie la Ziarul <em>Ceahl\u0103ul<\/em> (1994 \u2013 2011), redactor responsabil al revistelor: <em>Antiteze<\/em> (nr. 1, oct. 1998), <em>Meridianul Ozana<\/em> (nr. 1-8, dec. 1997 \u2013 dec. 2000), redactor-\u015fef al revistei <em>Apostolul<\/em> (din 1999, \u00een prezent).<\/p>\n\n\n<div class=\"wp-block-image\">\n<figure class=\"alignright size-full\"><a href=\"http:\/\/www.slineamt.ro\/apostolul\/wp-content\/uploads\/2024\/03\/49-ap270-Gianina-Buruiana.jpg\"><img loading=\"lazy\" decoding=\"async\" width=\"226\" height=\"302\" src=\"http:\/\/www.slineamt.ro\/apostolul\/wp-content\/uploads\/2024\/03\/49-ap270-Gianina-Buruiana.jpg\" alt=\"\" class=\"wp-image-25217\" srcset=\"http:\/\/www.slineamt.ro\/apostolul\/wp-content\/uploads\/2024\/03\/49-ap270-Gianina-Buruiana.jpg 226w, http:\/\/www.slineamt.ro\/apostolul\/wp-content\/uploads\/2024\/03\/49-ap270-Gianina-Buruiana-225x300.jpg 225w, http:\/\/www.slineamt.ro\/apostolul\/wp-content\/uploads\/2024\/03\/49-ap270-Gianina-Buruiana-160x214.jpg 160w\" sizes=\"auto, (max-width: 226px) 100vw, 226px\" \/><\/a><\/figure>\n<\/div>\n\n\n<p><strong>Gianina BURUIAN\u0102<\/strong> (03. 03. 1967, la Piatra-Neam\u0163), profesor discipline de turism la Liceul Economic \u201eAlexandru Ioan Cuza\u201d din Piatra-Neam\u0163. Absolvent\u0103 a Liceului \u201ePetru Rare\u015f\u201d, promo\u0163ia 1985 \u015fi apoi a Academiei de Studii Economice din Bucure\u015fti, promo\u0163ia 1989. \u00cen anul 2007 a ob\u0163inut doctoratul \u00een economie \u00een cadrul ASE Bucure\u015fti cu tema \u201ePolitici macroeconomice \u00een turism\u201d. A publicat la Editura Uranus din Bucure\u015fti c\u0103r\u0163ile: \u201ePolitici macroeconomice \u00een turism\u201d (2008) \u015fi \u201eGhid de bune practici \u00een turism \u015fi hotel\u0103rie\u201d (2010). Lector univ. dr. la Facultatea de Economia \u015fi Administrarea Afacerilor Ia\u015fi, Filiala Piatra-Neam\u0163 (2008-2013).<\/p>\n\n\n\n<p>A fost membru \u00een \u201eComisia Na\u0163ional\u0103 de Specialitate\u201d organizat\u0103 de Ministerul Educa\u0163iei \u015fi Cercet\u0103rii, \u00een specialitatea \u201eTurism \u015fi alimenta\u0163ie public\u0103\u201d \u015fi membru permanent \u00een grupul de lucru din cadrul proiectului \u201ePhare TVET\u201d pentru perfec\u0163ionarea \u00eenv\u0103\u0163\u0103m\u00e2ntului profesional \u015fi tehnic, organizat de CNDIPT din cadrul Ministerului Educa\u0163iei. A publicat articole de specialitate \u00een diverse publica\u0163ii \u015fi a ob\u0163inut rezultate remarcabile la fazele na\u0163ionale ale olimpiadelor interdisciplinare.<\/p>\n\n\n\n<p>Din octombrie 2017 face parte din Consiliul de Redac\u0163ie al revistei <em>Apostolul<\/em>.<\/p>\n\n\n<div class=\"wp-block-image\">\n<figure class=\"alignleft size-full\"><a href=\"http:\/\/www.slineamt.ro\/apostolul\/wp-content\/uploads\/2024\/03\/49-ap270-Angelina-Begu.jpg\"><img loading=\"lazy\" decoding=\"async\" width=\"231\" height=\"302\" src=\"http:\/\/www.slineamt.ro\/apostolul\/wp-content\/uploads\/2024\/03\/49-ap270-Angelina-Begu.jpg\" alt=\"\" class=\"wp-image-25214\" srcset=\"http:\/\/www.slineamt.ro\/apostolul\/wp-content\/uploads\/2024\/03\/49-ap270-Angelina-Begu.jpg 231w, http:\/\/www.slineamt.ro\/apostolul\/wp-content\/uploads\/2024\/03\/49-ap270-Angelina-Begu-229x300.jpg 229w, http:\/\/www.slineamt.ro\/apostolul\/wp-content\/uploads\/2024\/03\/49-ap270-Angelina-Begu-160x209.jpg 160w\" sizes=\"auto, (max-width: 231px) 100vw, 231px\" \/><\/a><\/figure>\n<\/div>\n\n\n<p><strong>Angelina BEGU<\/strong> (n. 25.12.1965, sat Baraboi, raionul Dondu\u015feni, Republica Moldova), Facultatea de Biologie a Universit\u0103\u0163ii de Stat din Moldova (1987).<\/p>\n\n\n\n<p>1987-1997, cercet\u0103tor \u015ftiin\u0163ific, Institutul de Pedologie <em>N. Dimo<\/em> al Academiei de \u015etiin\u0163e din Moldova;<\/p>\n\n\n\n<p>1997 \u2013 prezent \u2013 Aparatul Federa\u0163iei Sindicale a Educa\u0163iei \u015fi \u015etiin\u0163ei, \u015eef sec\u0163ie organizare \u015fi administrare;<\/p>\n\n\n\n<p>2018 &#8211; prezent \u2013 redactor-\u015fef adjunct, responsabil de subredac\u0163ia Chi\u015fin\u0103u a revistei <em>Apostolul<\/em>.<\/p>\n\n\n<div class=\"wp-block-image\">\n<figure class=\"alignright size-full is-resized\"><a href=\"http:\/\/www.slineamt.ro\/apostolul\/wp-content\/uploads\/2024\/03\/49-ap270-Violeta-Mosu.jpg\"><img loading=\"lazy\" decoding=\"async\" width=\"202\" height=\"302\" src=\"http:\/\/www.slineamt.ro\/apostolul\/wp-content\/uploads\/2024\/03\/49-ap270-Violeta-Mosu.jpg\" alt=\"\" class=\"wp-image-25220\" style=\"width:225px;height:auto\" srcset=\"http:\/\/www.slineamt.ro\/apostolul\/wp-content\/uploads\/2024\/03\/49-ap270-Violeta-Mosu.jpg 202w, http:\/\/www.slineamt.ro\/apostolul\/wp-content\/uploads\/2024\/03\/49-ap270-Violeta-Mosu-201x300.jpg 201w, http:\/\/www.slineamt.ro\/apostolul\/wp-content\/uploads\/2024\/03\/49-ap270-Violeta-Mosu-160x239.jpg 160w\" sizes=\"auto, (max-width: 202px) 100vw, 202px\" \/><\/a><\/figure>\n<\/div>\n\n\n<p><strong>Violeta-Simina MO\u015eU<\/strong> (n. 5 iunie 1974, Piatra-Neam\u0163). Facultatea de Educa\u0163ie Fizic\u0103 \u015fi Sport a Universit\u0103\u0163ii \u201eVasile Alecsandri\u201d, Bac\u0103u (2003). Master \u00een Cultur\u0103 \u015fi Literatur\u0103 Rom\u00e2n\u0103, Facultatea de Litere a Universit\u0103\u0163ii \u201eVasile Alecsandri\u201d, Bac\u0103u (2021). Membru al UZPR (Uniunea Ziari\u015ftilor Profesioni\u015fti din Rom\u00e2nia) din 2019. Redactor, realizator emisiuni, prezentator \u015ftiri, comentator sportiv la Radio Terra (1993-1996), Ziarul <em>Realitatea Media<\/em> (februarie-iulie 1996), <em>Tele\u2019M <\/em>Neam\u0163 (1996-2001), <em>Radio M Plus<\/em> (1998-2000), Ziarul<em> Telegraful<\/em> (1996-2000), <em>1TV<\/em> Neam\u0163 (2004-2015), <em>Radio Unu<\/em> (2004-2015), <em>EST TV<\/em> (2015-2016). Corespondent sportiv al postului central de televiziune <em>PRO TV<\/em> (1996-2001) \u015fi ofi\u0163er de pres\u0103 al campioanei la handbal <em>FibrexNylon S\u0103vine\u015fti<\/em> (2001-2004). Declarat\u0103 ziaristul cultural al anului 2016, la <em>Gala Superlativele Culturii Nem\u0163ene<\/em>. Bibliotecar la Biblioteca Jude\u0163ean\u0103 <em>G.T. Kirileanu<\/em> Neam\u0163 (din septembrie 2017). Administreaz\u0103 din noiembrie 2017 publica\u0163ia on-line <em>Dor de Neam\u0163<\/em>. Redactor al revistei <em>Apostolul<\/em> (din 2017). C\u0103r\u0163i publicate: <em>Piatra-Neam\u0163, ieri<\/em>, Biblioteca Jude\u0163ean\u0103 <em>G.T. Kirileanu<\/em> Neam\u0163, 2020; <em>Festivalul de teatru Piatra-Neam\u0163<\/em>, 1969-2019, Editura Nona, 2021(coautoare).<\/p>\n\n\n<div class=\"wp-block-image\">\n<figure class=\"alignleft size-full is-resized\"><a href=\"http:\/\/www.slineamt.ro\/apostolul\/wp-content\/uploads\/2024\/03\/49-ap270-Ramona-Mihaela-Rosu.jpg\"><img loading=\"lazy\" decoding=\"async\" width=\"174\" height=\"227\" src=\"http:\/\/www.slineamt.ro\/apostolul\/wp-content\/uploads\/2024\/03\/49-ap270-Ramona-Mihaela-Rosu.jpg\" alt=\"\" class=\"wp-image-25213\" style=\"width:220px;height:auto\" srcset=\"http:\/\/www.slineamt.ro\/apostolul\/wp-content\/uploads\/2024\/03\/49-ap270-Ramona-Mihaela-Rosu.jpg 174w, http:\/\/www.slineamt.ro\/apostolul\/wp-content\/uploads\/2024\/03\/49-ap270-Ramona-Mihaela-Rosu-160x209.jpg 160w\" sizes=\"auto, (max-width: 174px) 100vw, 174px\" \/><\/a><\/figure>\n<\/div>\n\n\n<p><strong>Ramona-Mihaela RO\u015eU<\/strong>. Universitatea \u201eAl. I. Cuza\u201d, Ia\u015fi, Facultatea de Psihologie \u015fi \u015etiin\u0163e ale Educa\u0163iei (Instit.-Lb. Englez\u0103); Universitatea \u201eDun\u0103rea de Jos\u201d, Gala\u0163i, Facultatea de \u015etiin\u0163e ale Educa\u0163iei, (P.I.P.P.)<\/p>\n\n\n\n<p>Profesor la \u015ecoala Gimnazial\u0103 nr. 3, Piatra Neam\u0163, lider de sindicat, membru \u00een Consiliul Jude\u0163ean al SLLICS Neam\u0163 din anul 2013 \u2013 prezent, membru \u00een colectivul de redac\u0163ie al revistei \u201e<strong>Apostolul<\/strong>\u201d, din anul 2021 \u2013 prezent, traduc\u0103tor \u2013 lb. englez\u0103, formator: \u2013 <em>Gestionarea integr\u0103rii elevilor cu CES \u00een clas\u0103<\/em>, Proiect nr. 2018-RO01-KA201-049489, Federa\u0163ia Sindicatelor Libere din \u00cenv\u0103\u0163\u0103m\u00e2nt;<\/p>\n\n\n\n<p>&#8211; <em>Dialog social \u015fi negociere colectiv\u0103-instrumente pentru dezvoltare sustenabil\u0103 \u00een educa\u0163ie<\/em>, organizat de Federa\u0163ia Sindicatelor Libere din \u00cenv\u0103\u0163\u0103m\u00e2nt, acreditat prin OMEC nr. 4925\/10.08.2020;<\/p>\n\n\n\n<p>&#8211; <strong>Partenerii sociali promoveaz\u0103 re\u00eennoirea sindicatelor<\/strong> [sDDW 2020\/sr0940] \u201e<em>Comunicare \u015fi Leadership<\/em>\u201d, Federa\u0163ia Sindicatelor Libere din \u00cenv\u0103\u0163\u0103m\u00e2nt;<\/p>\n\n\n\n<p>&#8211; <strong>Proiectul educa\u0163ional al FSE\u015e<\/strong> \u2013 Republica Moldova, \u201e<em>Formare de formatori<\/em>\u201d (Formarea continu\u0103 a adul\u0163ilor. Particularit\u0103\u0163ile \u015fi motiva\u0163ia \u00eenv\u0103\u0163\u0103rii la adul\u0163i).<\/p>\n\n\n<div class=\"wp-block-image\">\n<figure class=\"alignright size-full is-resized\"><a href=\"http:\/\/www.slineamt.ro\/apostolul\/wp-content\/uploads\/2024\/03\/49-ap270-Mihai-Floroaia.jpg\"><img loading=\"lazy\" decoding=\"async\" width=\"185\" height=\"227\" src=\"http:\/\/www.slineamt.ro\/apostolul\/wp-content\/uploads\/2024\/03\/49-ap270-Mihai-Floroaia.jpg\" alt=\"\" class=\"wp-image-25219\" style=\"width:210px;height:auto\" srcset=\"http:\/\/www.slineamt.ro\/apostolul\/wp-content\/uploads\/2024\/03\/49-ap270-Mihai-Floroaia.jpg 185w, http:\/\/www.slineamt.ro\/apostolul\/wp-content\/uploads\/2024\/03\/49-ap270-Mihai-Floroaia-160x196.jpg 160w\" sizes=\"auto, (max-width: 185px) 100vw, 185px\" \/><\/a><\/figure>\n<\/div>\n\n\n<p><strong>Mihai FLOROAIA<\/strong> (n. 22.09.1974), profesor la Colegiul Tehnologic <em>Spiru Haret<\/em> Piatra-Neam\u0163, director al \u015ecolii Postliceale Sanitare Piatra-Neam\u0163. Licen\u0163iat al Universit\u0103\u0163ii \u201eAl. I. Cuza\u201d Ia\u015fi, Facultatea de Teologie Ortodox\u0103 (1997). Doctor \u00een Teologie (2010), cu distinc\u0163ia Magna cum Laude, la Universitatea \u201eBabe\u015f-Bolyai\u201d Cluj-Napoca cu teza <em>Inchizi\u0163ia \u00eentre mit \u015fi realitate<\/em>. C\u0103r\u0163i: <em>Inchizi\u0163ia \u00eentre mit \u015fi realitate<\/em>, Cluj-Napoca (2016), <em>Rolul metodei didactice \u00een \u00eenv\u0103\u0163\u0103m\u00e2ntul religios<\/em>, Piatra-Neam\u0163 (2004), <em>Inchizi\u0163ia \u00een Europa<\/em>, Piatra-Neam\u0163 (2001). Numeroase studii \u015fi articole de specialitate. Stagii de cercetare doctoral\u0103 \u015fi postdoctoral\u0103 la: Universitatea Catolic\u0103 din Louvain-la-Neuve (Belgia), Universitatea Mis\u00e9ricorde din Fribourg (Elve\u0163ia) \u015fi Institut de Recherche Religions, Spiritualit\u00e9s, Cultures, Soci\u00e9t\u00e9s al Universit\u0103\u0163ii din Louvain-la-Neuve. Stagiul de cercetare postdoctoral\u0103 <em>Identitate etnic\u0103 \u015fi confesional\u0103 \u00een Transilvania habsburgic\u0103<\/em>, la Universitatea \u201eBabe\u015f-Bolyai\u201d (2011-2013). Formator-consilier ARACIP, evaluator la Agen\u0163ia de Credite \u015fi Burse de Studii (ME), metodist, formator \u015fi evaluator de manuale. Din 2004, colaborator al revistei <em>Apostolul<\/em>, \u00eencep\u00e2nd cu 2010, redactor al acesteia.<\/p>\n\n\n<div class=\"wp-block-image\">\n<figure class=\"alignleft size-full is-resized\"><a href=\"http:\/\/www.slineamt.ro\/apostolul\/wp-content\/uploads\/2024\/03\/49-ap270-Luminita-Felea.jpg\"><img loading=\"lazy\" decoding=\"async\" width=\"209\" height=\"302\" src=\"http:\/\/www.slineamt.ro\/apostolul\/wp-content\/uploads\/2024\/03\/49-ap270-Luminita-Felea.jpg\" alt=\"\" class=\"wp-image-25218\" style=\"width:194px;height:auto\" srcset=\"http:\/\/www.slineamt.ro\/apostolul\/wp-content\/uploads\/2024\/03\/49-ap270-Luminita-Felea.jpg 209w, http:\/\/www.slineamt.ro\/apostolul\/wp-content\/uploads\/2024\/03\/49-ap270-Luminita-Felea-208x300.jpg 208w, http:\/\/www.slineamt.ro\/apostolul\/wp-content\/uploads\/2024\/03\/49-ap270-Luminita-Felea-160x231.jpg 160w\" sizes=\"auto, (max-width: 209px) 100vw, 209px\" \/><\/a><\/figure>\n<\/div>\n\n\n<p><strong>Lumini\u0163a FELEA<\/strong> (n. 13 martie 1968, Farca\u015fa, Neam\u0163), secretar\u0103 la SLLICS Neam\u0163 din noiembrie 2022. Absolvent\u0103 a Liceului \u201eGarabet Ibr\u0103ileanu\u201d Ia\u015fi \u015fi a Facult\u0103\u0163ii de Electrotehnic\u0103 din cadrul Universit\u0103\u0163ii Tehnice \u201eGheorghe Asachi\u201d din Ia\u015fi (1992). Profesor discipline tehnice la Colegiul Tehnic \u201eGheorghe Cartianu\u201d Piatra-Neam\u0163 \u00een perioada 1993-1995 \u015fi 2010-2013, secretar\u0103 la Casa Corpului Didactic Neam\u0163 (1995-2010) \u015fi la Liceul Tehnologic Special din comuna \u015etefan cel Mare (2013-2022).<\/p>\n\n\n<div class=\"wp-block-image\">\n<figure class=\"alignright size-full\"><a href=\"http:\/\/www.slineamt.ro\/apostolul\/wp-content\/uploads\/2024\/03\/49-ap270-Dorian-Radu.jpg\"><img loading=\"lazy\" decoding=\"async\" width=\"211\" height=\"302\" src=\"http:\/\/www.slineamt.ro\/apostolul\/wp-content\/uploads\/2024\/03\/49-ap270-Dorian-Radu.jpg\" alt=\"\" class=\"wp-image-25215\" srcset=\"http:\/\/www.slineamt.ro\/apostolul\/wp-content\/uploads\/2024\/03\/49-ap270-Dorian-Radu.jpg 211w, http:\/\/www.slineamt.ro\/apostolul\/wp-content\/uploads\/2024\/03\/49-ap270-Dorian-Radu-210x300.jpg 210w, http:\/\/www.slineamt.ro\/apostolul\/wp-content\/uploads\/2024\/03\/49-ap270-Dorian-Radu-160x229.jpg 160w\" sizes=\"auto, (max-width: 211px) 100vw, 211px\" \/><\/a><\/figure>\n<\/div>\n\n\n<p><strong>Dorian RADU<\/strong> (n. 6 dec. 1955, Piatra-Neam\u0163). Membru al Uniunii Ziari\u015ftilor Profesioni\u015fti din Rom\u00e2nia. DTP <em>Apostolul<\/em>. Facultatea de Tehnologia Construc\u0163iilor de Ma\u015fini din cadrul <em>Institutului de \u00cenv\u0103\u0163\u0103m\u00e2nt Superior Suceava<\/em> (1979). Subinginer la <em>\u00centreprinderea Mecanic\u0103 \u201eCeahl\u0103u\u201d<\/em> Piatra-Neam\u0163 (1979-1989). Corector, fotoreporter, tehnoredactor la Ziarul <em>Ceahl\u0103ul<\/em> (nov. 1989 \u2013 mar. 2012). Colaborator (foto, tehnoredactare) la reviste: <em>Credin\u0163a Neamului<\/em>, <em>Meridianul Ozana<\/em> (1997 \u2013 2000), <em>Creang\u0103, azi<\/em> (1999), <em>R\u0103cnetul Carpa\u0163ilor<\/em>, <em>Modus Vivendi<\/em> (1998 \u2013 2000), <em>Apostolul<\/em> (din 1999 \u015fi \u00een prezent), <em>Piatra Corbului<\/em> (2009), <em>Revista Valea Muntelui<\/em> (din 2010 p\u00e2n\u0103 \u00een 2016), <em>M\u0102RTURISIREA\u2008ORTODOX\u0102<\/em> (dec. 2018 \u2013 iunie 2019). Colaborator (foto, tehnoredactare) ziare: <em>Impact<\/em>, <em>Poli\u0163ia nem\u0163ean\u0103 \u00een ac\u0163iune<\/em>, <em>Via\u0163a Nem\u0163ean\u0103<\/em> (iunie 2013 \u2013 octombrie 2014). Concep\u0163ie \u015fi realizare reclame publicitare (par\u0163ial) pentru <em>Anuar telefonic jude\u0163ul Neam\u0163<\/em> (1996 \u015fi 1998).<\/p>\n\n\n<div class=\"wp-block-image\">\n<figure class=\"alignleft size-full\"><a href=\"http:\/\/www.slineamt.ro\/apostolul\/wp-content\/uploads\/2024\/03\/49-ap270-Dorin-Davideanu.jpg\"><img loading=\"lazy\" decoding=\"async\" width=\"214\" height=\"302\" src=\"http:\/\/www.slineamt.ro\/apostolul\/wp-content\/uploads\/2024\/03\/49-ap270-Dorin-Davideanu.jpg\" alt=\"\" class=\"wp-image-25216\" srcset=\"http:\/\/www.slineamt.ro\/apostolul\/wp-content\/uploads\/2024\/03\/49-ap270-Dorin-Davideanu.jpg 214w, http:\/\/www.slineamt.ro\/apostolul\/wp-content\/uploads\/2024\/03\/49-ap270-Dorin-Davideanu-213x300.jpg 213w, http:\/\/www.slineamt.ro\/apostolul\/wp-content\/uploads\/2024\/03\/49-ap270-Dorin-Davideanu-160x226.jpg 160w\" sizes=\"auto, (max-width: 214px) 100vw, 214px\" \/><\/a><\/figure>\n<\/div>\n\n\n<p><strong>Dorin Nicolae DAVIDEANU<\/strong> (n. 08.03.1955 Ia\u015fi, jud. Ia\u015fi), licen\u0163iat al Facult\u0103\u0163ii de Matematic\u0103 sec\u0163ia Informatic\u0103 din cadrul Universit\u0103\u0163ii \u201eAl. I. Cuza\u201d din Ia\u015fi (1979), analist programator la C.P.L. Piatra-Neam\u0163 (1979-1983), \u015fef al oficiului de calcul C.P.L. Piatra-Neam\u0163 1983-1997, \u015fef serviciu economic la S.C. <em>Pamex<\/em> S.A. Piatra-Neam\u0163 (fosta C.P.L. Piatra-Neam\u0163), (1998-2001), director general al S.C. <em>Pamex<\/em> S.A. Piatra- Neam\u0163 (2001-2003), consilier pre\u015fedinte pe probleme de organizare \u015fi I.T. la S.C. <em>Elvila<\/em> S. A. Bucure\u015fti (2001-2010), informatician la \u015ecoala G\u00e2rcina (2010-2014), informatician la C.C.D. Neam\u0163 (2014-2016), pensionar. Manager de proiect la implementarea sistemului informatic din <em>\u00centreprinderea Mecanic\u0103 \u201eCeahl\u0103u\u201d<\/em> Piatra-Neam\u0163 (2009-2012), editor online la revista <em>Apostolul<\/em> (din 2016 \u0219i \u00een prezent).<\/p>\n\n\n\n<p><strong><em>Red.<\/em><\/strong><\/p>\n","protected":false},"excerpt":{"rendered":"<p>Mircea ZAHARIA \u2013 redactor\u2010\u015fef, Gianina BURUIAN\u0102 &amp; Angelina BEGU \u2013 redactor\u2010\u015fef adjunct, Violeta MO\u015eU, Ramona-Mihaela RO\u015eU, Mihai FLOROAIA, Lumini\u021ba FELEA \u2013 secretar\u0103, Dorian RADU \u2013 DTP; Dorin DAVIDEANU \u2013 editor online Mircea ZAHARIA (10. 05. 1947, Muncelul de Sus, Ia\u015fi).&hellip;<\/p>\n<p class=\"more-link-p\"><a class=\"more-link\" href=\"http:\/\/www.slineamt.ro\/apostolul\/scoala-nemteana-la-zi\/colectivul-de-redactie-al-revistei-apostolul-martie-2024\/\">Read more &rarr;<\/a><\/p>\n","protected":false},"author":1,"featured_media":0,"comment_status":"open","ping_status":"closed","sticky":false,"template":"","format":"standard","meta":{"footnotes":""},"categories":[10,480],"tags":[],"class_list":["post-25211","post","type-post","status-publish","format-standard","hentry","category-scoala-nemteana-la-zi","category-numarul-270"],"_links":{"self":[{"href":"http:\/\/www.slineamt.ro\/apostolul\/wp-json\/wp\/v2\/posts\/25211","targetHints":{"allow":["GET"]}}],"collection":[{"href":"http:\/\/www.slineamt.ro\/apostolul\/wp-json\/wp\/v2\/posts"}],"about":[{"href":"http:\/\/www.slineamt.ro\/apostolul\/wp-json\/wp\/v2\/types\/post"}],"author":[{"embeddable":true,"href":"http:\/\/www.slineamt.ro\/apostolul\/wp-json\/wp\/v2\/users\/1"}],"replies":[{"embeddable":true,"href":"http:\/\/www.slineamt.ro\/apostolul\/wp-json\/wp\/v2\/comments?post=25211"}],"version-history":[{"count":3,"href":"http:\/\/www.slineamt.ro\/apostolul\/wp-json\/wp\/v2\/posts\/25211\/revisions"}],"predecessor-version":[{"id":25421,"href":"http:\/\/www.slineamt.ro\/apostolul\/wp-json\/wp\/v2\/posts\/25211\/revisions\/25421"}],"wp:attachment":[{"href":"http:\/\/www.slineamt.ro\/apostolul\/wp-json\/wp\/v2\/media?parent=25211"}],"wp:term":[{"taxonomy":"category","embeddable":true,"href":"http:\/\/www.slineamt.ro\/apostolul\/wp-json\/wp\/v2\/categories?post=25211"},{"taxonomy":"post_tag","embeddable":true,"href":"http:\/\/www.slineamt.ro\/apostolul\/wp-json\/wp\/v2\/tags?post=25211"}],"curies":[{"name":"wp","href":"https:\/\/api.w.org\/{rel}","templated":true}]}}