{"id":25222,"date":"2024-03-19T08:34:13","date_gmt":"2024-03-19T08:34:13","guid":{"rendered":"https:\/\/www.slineamt.ro\/apostolul\/?p=25222"},"modified":"2024-03-19T08:34:13","modified_gmt":"2024-03-19T08:34:13","slug":"apostolul-caseta-tehnica","status":"publish","type":"post","link":"http:\/\/www.slineamt.ro\/apostolul\/studii-si-sinteze\/apostolul-caseta-tehnica\/","title":{"rendered":"APOSTOLUL \u2013 Caseta tehnic\u0103"},"content":{"rendered":"<div class=\"wp-block-image\">\n<figure class=\"alignleft size-full\"><a href=\"https:\/\/www.slineamt.ro\/apostolul\/wp-content\/uploads\/2024\/03\/48-ap270-foto1-1.jpg\"><img loading=\"lazy\" decoding=\"async\" width=\"539\" height=\"567\" src=\"https:\/\/www.slineamt.ro\/apostolul\/wp-content\/uploads\/2024\/03\/48-ap270-foto1-1.jpg\" alt=\"\" class=\"wp-image-25225\" srcset=\"http:\/\/www.slineamt.ro\/apostolul\/wp-content\/uploads\/2024\/03\/48-ap270-foto1-1.jpg 539w, http:\/\/www.slineamt.ro\/apostolul\/wp-content\/uploads\/2024\/03\/48-ap270-foto1-1-285x300.jpg 285w, http:\/\/www.slineamt.ro\/apostolul\/wp-content\/uploads\/2024\/03\/48-ap270-foto1-1-260x274.jpg 260w, http:\/\/www.slineamt.ro\/apostolul\/wp-content\/uploads\/2024\/03\/48-ap270-foto1-1-160x168.jpg 160w\" sizes=\"auto, (max-width: 539px) 100vw, 539px\" \/><\/a><\/figure>\n<\/div>\n\n\n<p>Prima serie a revistei <em>APOSTOLUL<\/em> s-a editat \u00eentre 1 noiembrie 1934 \u015fi decembrie 1943.<\/p>\n\n\n\n<p>Seria nou\u0103 a ap\u0103rut \u00een martie 1999, av\u00e2nd \u00eenscris pe frontispiciu subtitlul <em>Revista cadrelor didactice din jude\u0163ul Neam\u0163<\/em>. La data apari\u0163iei, revista era editat\u0103 de un Consiliu director alc\u0103tuit din profesorii Florin Florescu (din partea Sindicatului Liber al Lucr\u0103rorilor din \u00cenv\u0103\u0163\u0103m\u00e2nt \u015fi Cercetare \u015etiin\u0163ific\u0103 Neam\u0163), Alina Pamfil (din partea Inspectoratului \u015ecolar Jude\u0163ean), Dumitri\u0163a Vasilca (din partea Casei Corpului Didactic), Gheorghe Amaicei (din partea Asocia\u0163iei \u00cenv\u0103\u0163\u0103torilor) \u015fi se dorea a fi o revist\u0103 a dasc\u0103lilor reprezenta\u0163i de structurile citate mai sus. Redac\u0163ia miza pe gazetarul Mircea Zaharia (redactor-\u015fef) \u015fi \u015etefan Corneanu (redactor-\u015fef adjunct). Cu timpul, din motive politice sau orgolii personale, I.S.J \u015fi C.C.D. s-au retras de la aceast\u0103 tribun\u0103. Astfel <em>Apostolul<\/em> apare din decembrie 2003 ca <em>REVISTA CADRELOR DIDACTICE, editat\u0103 de Sindicatul din \u00cenv\u0103\u0163\u0103m\u00e2nt \u015fi Cercetare Neam\u0163 \u00een colaborare cu Asocia\u0163ia \u00cenv\u0103\u0163\u0103torilor din jude\u0163ul Neam\u0163<\/em>.<\/p>\n\n\n\n<p>Dup\u0103 constituirea subredac\u0163iei de la Chi\u015fin\u0103u, despre care s-a vorbit pe larg \u00een paginile anterioare, ast\u0103zi Caseta tehnic\u0103 a revistei arat\u0103 astfel:<\/p>\n\n\n\n<p><strong><em>APOSTOLUL<\/em><\/strong><em> \u2013 revist\u0103 a cadrelor didactice din jude\u0163ul Neam\u0163, serie nou\u0103, apare prin colaborarea Sindicatului \u00cenv\u0103\u0163\u0103m\u00e2nt Neam\u0163 \u015fi Asocia\u0163iei \u00cenv\u0103\u0163\u0103torilor din jude\u0163ul Neam\u0163 (martie 1999) \u015fi Federa\u0163iei Sindicale a Educa\u0163iei \u015fi \u015etiin\u0163ei din Republica Moldova (aprilie 2019)<\/em><\/p>\n\n\n\n<p><strong><em>FONDATORI<\/em><\/strong><em>: * 1 noiembrie, 1934: C. Luchian, V. Gaboreanu, V. Scripcaru, M. Stamate, I. Rafail, M. Av\u0103danei<\/em><\/p>\n\n\n\n<p><em>&nbsp;* 1 martie, 1999: Florin Florescu, \u015etefan Corneanu, Gheorghe Amaicei, Dumitri\u0163a Vasilca<\/em><\/p>\n\n\n\n<p><strong><em>CONSILIUL DE ADMINISTRA\u0162IE<\/em><\/strong><em>: Gabriel PLOSC\u0102 \u2013 director general, Iosif COVASAN \u2013 director economic, Liviu RUSU, Gabriela GRIGORE.<\/em><\/p>\n\n\n\n<p><strong><em>CONSILIUL DE REDAC\u0162IE<\/em><\/strong><em>: Mircea ZAHARIA \u2013 redactor-\u015fef, Gianina BURUIAN\u0102 \u2013 redactor-\u015fef adjunct, Angelina BEGU- redactor-\u015fef adjunct (Chi\u015fin\u0103u), Violeta MO\u015eU, Mihai FLOROAIA, Ramona-Mihaela RO\u015eU, Dorian RADU \u2013 DTP, Dorin DAVIDEANU \u2013 editor online<\/em>.<\/p>\n\n\n<div class=\"wp-block-image\">\n<figure class=\"alignright size-full\"><a href=\"http:\/\/www.slineamt.ro\/apostolul\/wp-content\/uploads\/2024\/03\/48-ap270-foto2.jpg\"><img loading=\"lazy\" decoding=\"async\" width=\"576\" height=\"626\" src=\"http:\/\/www.slineamt.ro\/apostolul\/wp-content\/uploads\/2024\/03\/48-ap270-foto2.jpg\" alt=\"\" class=\"wp-image-25224\" srcset=\"http:\/\/www.slineamt.ro\/apostolul\/wp-content\/uploads\/2024\/03\/48-ap270-foto2.jpg 576w, http:\/\/www.slineamt.ro\/apostolul\/wp-content\/uploads\/2024\/03\/48-ap270-foto2-276x300.jpg 276w, http:\/\/www.slineamt.ro\/apostolul\/wp-content\/uploads\/2024\/03\/48-ap270-foto2-560x609.jpg 560w, http:\/\/www.slineamt.ro\/apostolul\/wp-content\/uploads\/2024\/03\/48-ap270-foto2-260x283.jpg 260w, http:\/\/www.slineamt.ro\/apostolul\/wp-content\/uploads\/2024\/03\/48-ap270-foto2-160x174.jpg 160w\" sizes=\"auto, (max-width: 576px) 100vw, 576px\" \/><\/a><\/figure>\n<\/div>\n\n\n<p>De-a lungul timpului, din Consiliul de administra\u0163ie au mai f\u0103cut parte: Florin Florescu, \u015etefan Corneanu, Constantin Tom\u015fa, Dumitri\u0163a Vasilca (R\u0103ducu), Cristina B\u0103l\u0103nescu, Emil Creang\u0103, Niculina Ni\u0163\u0103, Lumini\u0163a Felea, iar \u00een Consiliul de redac\u0163ie au mai fost prezen\u0163i: Dan Agrigoroaie, Dumitri\u0163a Vasilca (R\u0103ducu), Valerian Perc\u0103 \u015fi Cosette Zanocea (subredac\u0163ia Roman), Constantin Timofte (subredac\u0163ia Bicaz), Stelu\u0163a Alexandru, D. D. Ursache, Nicolae Sava, Irina Nastasiu etc.<\/p>\n\n\n\n<p>Mai trebuie precizat c\u0103 au semnat \u00een revist\u0103 mai to\u0163i scriitorii nem\u0163eni: de la Adrian Alui Gheorghe la Lucian Strochi; de la Gheorghe A. M. Ciobanu la Cristian Livescu; de la Adrian G. Romil\u0103 la Constantin Bostan, dup\u0103 cum au fost prezente condeiele iscusite ale unor dasc\u0103li ca: Mihai-Emilian Manca\u015f, Cezar \u0162ucu, Vasile Postolic\u0103, Monica Cristea, Gheorghe \u0162ig\u0103u, Ioan Amironoaie, Elena Vulc\u0103nescu, Mihai \u015eurubaru etc. \u015ei nu trebuie uita\u0163i nici regreta\u0163ii no\u015ftri colaboratori \u015fi prieteni: Eduard Covali, Traian Cicoare, Mihail-Sorin Gaid\u0103u, D. D. Ursache sau Constantin Gherghelescu care au rev\u0103rsat adev\u0103rate cascade de spirit \u00een paginile revistei.<\/p>\n\n\n\n<p>Cu prilejul \u00eemplinirii a zece \u015fi cincisprezece ani de existen\u0163\u0103 a fost editat\u0103 <strong>cartea Revista \u00abApostolul\u00bb \u2013 bibliografie<\/strong>, de <strong>Constantin Tom\u015fa<\/strong> (cu o Precuv\u00e2ntare de <strong>Mircea Zaharia<\/strong>), cu DVD, lucrare editat\u0103 cu sprijinul Sindicatului din \u00cenv\u0103\u0163\u0103m\u00e2nt \u015fi Cercetare Neam\u0163 (Pre\u015fedinte prof. Florin Florescu \u2013 ed. I-a, martie 2009 \u015fi Pre\u015fedinte prof. Gabriel Plosc\u0103 \u2013 ed. a II-a, martie 2014).<\/p>\n\n\n\n<p>SUPLIMENTUL REVISTEI \u2013 <strong><em>Apostolul literar \u015fi artistic<\/em><\/strong> a ap\u0103rut o vreme trimestrial, din martie 2003, \u00een patru pagini \u2013 5-8 \u2013 \u00een interiorul revistei <em>Apostolul<\/em>. Colegiul de redac\u0163ie: Mircea Zaharia, Constantin Tom\u015fa, \u015etefan Lucian Corneanu.<\/p>\n\n\n\n<p>FORMATUL REVISTEI \u2013 De la nr. 1 (03.1999) la nr. 150 (12.2012), revista <em>Apostolul<\/em> are format tabloid (30\/42 cm.) \u015fi 8-12 pagini. De la nr. 151, se trece la format revist\u0103 (23\/32 cm) \u015fi, dup\u0103 c\u00e2te o apari\u0163ie \u00een 12 \u015fi 16 pagini, apare constant \u00een 20 de pagini alb-negru (coperta \u2013 dou\u0103 culori). Din aprilie 2019, nr. 220, sumarul mai adaug\u0103 patru pagini (total \u2013 24 pag.) pentru materialele primite din Republica Moldova de\u015fi, de cele mai multe ori, spa\u0163iul acordat basarabenilor e mult mai generos.<\/p>\n\n\n\n<p>De la nr 146, <em>Apostolul<\/em> se editeaz\u0103 \u015fi online \u015fi poate fi citit la <strong><u>http:\/\/apostolul.slineamt.ro<\/u><\/strong>, \u00een prezent \u00eentreaga arhiv\u0103 fiind transferat\u0103 \u015fi \u00een format electronic. De asemenea, urmare a bunei colabor\u0103ri cu Asocia\u0163ia General\u0103 a \u00cenv\u0103\u0163\u0103torilor din Rom\u00e2nia, ambele serii ale revistei au fost incluse \u00een Biblioteca Virtual\u0103 AGIRo \u015fi pot fi consultate la adresa <strong><u>www.educarte.ro<\/u><\/strong>. Revista poate fi r\u0103sfoit\u0103 \u015fi la sala de lectur\u0103 a Bibliotecii G.T.Kirileanu sau consultat\u0103 \u00een <strong><u>Catalog eBibliophil<\/u><\/strong>, Neam\u0163.<\/p>\n\n\n\n<p><strong>NOT\u0102<\/strong> \u2013 \u00cencep\u00e2nd cu anul III, nr. 23, 01. 2001, revista <em>Apostolul<\/em> a fost \u00eenregistrat\u0103 \u00een <strong>Catalogul ISSN cu nr. 1582-31221<\/strong>. De la \u00eenceputul seriei noi \u015fi \u00een prezent, revista a avut \u015fi are urm\u0103toarea adres\u0103: Str. Petru Rare\u015f, nr. 24, Piatra-Neam\u0163.<\/p>\n\n\n\n<p>Din anul 2007, materialele pot fi trimise \u015fi pe adresa electronic\u0103: revista_apostolul@ yahoo. com. (<strong><em>Red.<\/em><\/strong>)<\/p>\n","protected":false},"excerpt":{"rendered":"<p>Prima serie a revistei APOSTOLUL s-a editat \u00eentre 1 noiembrie 1934 \u015fi decembrie 1943. Seria nou\u0103 a ap\u0103rut \u00een martie 1999, av\u00e2nd \u00eenscris pe frontispiciu subtitlul Revista cadrelor didactice din jude\u0163ul Neam\u0163. La data apari\u0163iei, revista era editat\u0103 de un&hellip;<\/p>\n<p class=\"more-link-p\"><a class=\"more-link\" href=\"http:\/\/www.slineamt.ro\/apostolul\/studii-si-sinteze\/apostolul-caseta-tehnica\/\">Read more &rarr;<\/a><\/p>\n","protected":false},"author":1,"featured_media":0,"comment_status":"open","ping_status":"closed","sticky":false,"template":"","format":"standard","meta":{"footnotes":""},"categories":[14,480],"tags":[],"class_list":["post-25222","post","type-post","status-publish","format-standard","hentry","category-studii-si-sinteze","category-numarul-270"],"_links":{"self":[{"href":"http:\/\/www.slineamt.ro\/apostolul\/wp-json\/wp\/v2\/posts\/25222","targetHints":{"allow":["GET"]}}],"collection":[{"href":"http:\/\/www.slineamt.ro\/apostolul\/wp-json\/wp\/v2\/posts"}],"about":[{"href":"http:\/\/www.slineamt.ro\/apostolul\/wp-json\/wp\/v2\/types\/post"}],"author":[{"embeddable":true,"href":"http:\/\/www.slineamt.ro\/apostolul\/wp-json\/wp\/v2\/users\/1"}],"replies":[{"embeddable":true,"href":"http:\/\/www.slineamt.ro\/apostolul\/wp-json\/wp\/v2\/comments?post=25222"}],"version-history":[{"count":1,"href":"http:\/\/www.slineamt.ro\/apostolul\/wp-json\/wp\/v2\/posts\/25222\/revisions"}],"predecessor-version":[{"id":25226,"href":"http:\/\/www.slineamt.ro\/apostolul\/wp-json\/wp\/v2\/posts\/25222\/revisions\/25226"}],"wp:attachment":[{"href":"http:\/\/www.slineamt.ro\/apostolul\/wp-json\/wp\/v2\/media?parent=25222"}],"wp:term":[{"taxonomy":"category","embeddable":true,"href":"http:\/\/www.slineamt.ro\/apostolul\/wp-json\/wp\/v2\/categories?post=25222"},{"taxonomy":"post_tag","embeddable":true,"href":"http:\/\/www.slineamt.ro\/apostolul\/wp-json\/wp\/v2\/tags?post=25222"}],"curies":[{"name":"wp","href":"https:\/\/api.w.org\/{rel}","templated":true}]}}