{"id":25232,"date":"2024-03-19T08:41:33","date_gmt":"2024-03-19T08:41:33","guid":{"rendered":"https:\/\/www.slineamt.ro\/apostolul\/?p=25232"},"modified":"2024-03-19T08:41:33","modified_gmt":"2024-03-19T08:41:33","slug":"rememorari-nemtene-martie-2024","status":"publish","type":"post","link":"http:\/\/www.slineamt.ro\/apostolul\/lectia-de-istorie\/rememorari-nemtene-martie-2024\/","title":{"rendered":"REMEMOR\u0102RI NEM\u021aENE \u2013 Martie 2024"},"content":{"rendered":"<div class=\"wp-block-image\">\n<figure class=\"alignleft size-full is-resized\"><a href=\"http:\/\/www.slineamt.ro\/apostolul\/wp-content\/uploads\/2024\/03\/45-ap270-foto1.jpg\"><img loading=\"lazy\" decoding=\"async\" width=\"228\" height=\"340\" src=\"http:\/\/www.slineamt.ro\/apostolul\/wp-content\/uploads\/2024\/03\/45-ap270-foto1.jpg\" alt=\"\" class=\"wp-image-25233\" style=\"width:317px;height:auto\" srcset=\"http:\/\/www.slineamt.ro\/apostolul\/wp-content\/uploads\/2024\/03\/45-ap270-foto1.jpg 228w, http:\/\/www.slineamt.ro\/apostolul\/wp-content\/uploads\/2024\/03\/45-ap270-foto1-201x300.jpg 201w, http:\/\/www.slineamt.ro\/apostolul\/wp-content\/uploads\/2024\/03\/45-ap270-foto1-160x239.jpg 160w\" sizes=\"auto, (max-width: 228px) 100vw, 228px\" \/><\/a><\/figure>\n<\/div>\n\n\n<p>\u25a0 Martie\/1999 \u2013 <strong>Revista <em>Apostolul<\/em><\/strong>, revista cadrelor didactice din jude\u0163ul Neam\u0163, editat\u0103 de Sindicatul din \u00cenv\u0103\u0163\u0103m\u00e2nt \u015fi Cercetare Neam\u0163 (nr.1, serie nou\u0103). Publica\u0163ia reia, dup\u0103 65 de ani, o ini\u0163iativ\u0103 a Asocia\u0163iei \u00cenv\u0103\u0163\u0103torilor din jude\u0163ul Neam\u0163 care a editat pentru prima dat\u0103 o revist\u0103 cu apari\u0163ie lunar\u0103, destinat\u0103 \u015fi sus\u0163inut\u0103 prin abonamente de c\u0103tre \u00eenv\u0103\u0163\u0103torii acelor timpuri. Prima serie a ap\u0103rut \u00eentre noiembrie 1934 \u2013 decembrie 1943 \u015fi a avut un cerc de colaborare compus din: C. Luchian, V. Gaboreanu, V. Scripcariu, M.D. Stamate, I. Rafail, M. Avadanei. Seria nou\u0103 a avut un Consiliul director format din: Florin Florescu, Alina Pamfil, Dumitri\u0163a Vasilca, Gheorghe Amaicei; redactor-\u015fef: Mircea Zaharia, redactor-\u015fef adjunct: \u015etefan-Lucian Corneanu.<\/p>\n\n\n\n<p>\u25a0 1\/1834 \u2013 n. <strong>Gheorghe Ruset-Roznovanu<\/strong> (Rosset-Roznovanu sau Rosetti-Roznovanu), la Roznov (d. 2. 10. 1902\/1904, Roznov), ofi\u0163er \u015fi politician rom\u00e2n; ispravnic (prefect) al Jude\u0163ului Neam\u0163 (1871-1876), participant la R\u0103zboiul pentru Independen\u0163\u0103, av\u00e2nd comanda Brig\u0103zii 4 C\u0103l\u0103ra\u015fi. A fost deputat (1866-1870) \u015fi senator (din 1871). A f\u0103cut studii \u00een Austria \u015fi apoi \u00een Rusia, unde a absolvit \u015ecoala de cavalerie din Sankt Petersburg. A finan\u0163at construirea \u015fi func\u0163ionarea la Roznov, unde \u00ee\u015fi avea mo\u015fia, a primei \u015fcoli din comun\u0103 (1865), precum \u015fi a Bisericii \u201eSf\u00e2ntul Nicolae\u201d (1884-1892).<\/p>\n\n\n\n<p>\u25a0 1\/1839 \u2013 n. <strong>Ion Creang\u0103<\/strong>, la Humule\u015fti (d. 31. 12. 1889, Ia\u015fi).<\/p>\n\n\n\n<p>\u25a0 3\/1967 \u2013 n. <strong>Gianina Buruian\u0103<\/strong>, la Piatra-Neam\u0163 (vezi Colectivul de redac\u0163ie, pag 10).<\/p>\n\n\n\n<p>\u25a0 6\/1924 \u2013 n. <strong>Aurel Buzil\u0103<\/strong>, la \u015earul Dornei, Suceava (d. 1987, la Piatra-Neam\u0163), muzeograf restaurator, publicist, absolvent al Facult\u0103\u0163ii de Istorie-Filozofie din Ia\u015fi, a lucrat cu mari arheologi \u015fi a restaurat piese importante (\u201eHora de la Frumu\u015fica\u201d, \u201eVasul cu coloane\u201d \u015f. a). Restaur\u0103ri la Muzeul Na\u0163ional de Art\u0103 din Bucure\u015fti, dup\u0103 cutremurul din 1977, precum \u015fi la Muzeul Pele\u015f, \u00een ani \u201970-\u201980 ai veacului al XX-lea. Autor, \u00eempreun\u0103 cu Constantin Matas\u0103, al lucr\u0103rii \u201eMuzeul Arheologic din Piatra-Neam\u0163. Catalog\u201d.<\/p>\n\n\n\n<p>\u25a0 7\/1879 \u2013 n. <strong>Simion Teodorescu Kirileanu<\/strong>, la Holda, Bro\u015fteni, Neam\u0163 (d. 17. 04. 1926, Holda), \u00eenv\u0103\u0163\u0103tor \u015fi folclorist consultat de Academia Rom\u00e2n\u0103. A absolvit \u015ecoala Normal\u0103 \u201eVasile Lupu\u201d, Ia\u015fi (1898), devenind \u00eenv\u0103\u0163\u0103tor la Orfelinatul Agricol \u201ePrin\u0163ul Ferdinand\u201d din Zorleni, Tutova (1898-1906); institutor la B\u0103l\u0163i, Basarabia (1918-1919). Debut \u00een \u201e\u015eez\u0103toarea\u201d (1898) \u015fi a participat, al\u0103turi de Artur Gorovei, Mihail Sadoveanu, Nicolae Stoleriu, la \u00eenfiin\u0163area publica\u0163iilor: \u201eR\u0103va\u015ful poporului\u201d, \u201eVestitorul satelor\u201d. Volume: \u201ePove\u015fti poporale cu cuprins moral\u201d; \u201eVia\u0163a Regelui Carol I \u015fi a Reginei Elisabeta\u201d; \u201ePovestiri basarabene\u201d; \u201eProverbe agricole\u201d \u015f. a.<\/p>\n\n\n\n<p>\u25a0 9\/1909 \u2013 n. <strong>Eugen Ispir<\/strong>, la V\u0103ratic, Filioara, Neam\u0163 (d. iulie 1974, Bucure\u015fti), artist plastic, publicist. Studii gimnaziale la T\u00e2rgu-Neam\u0163, Academia de Arte Frumoase din Ia\u015fi. C\u0103l\u0103torii de studii \u00een Italia \u015fi Fran\u0163a (1937-1938), Iugoslavia, Ungaria (1947), Turcia (1970), Fran\u0163a, Anglia (1973-1974). Din 1935, este prezent la toate saloanele oficiale \u015fi la marile manifest\u0103ri artistice. Men\u0163ion\u0103m: Vene\u0163ia (1972), unde expune al\u0103turi de Picasso, Chagall, Max Ernest, Cocteau \u015f. a. Expozi\u0163ii personale: Bucure\u015fti (1955-1969), Belgrad (1947), Vene\u0163ia \u015fi Roma (1970). S-a afirmat \u015fi \u00een arta monumental\u0103 \u015fi decorativ\u0103, lucr\u00e2nd ceramic\u0103 \u015fi mozaic, iar pe sticl\u0103, a realizat opere de mare valoare stilistic\u0103. Volume: \u201eZdroboleanca\u201d, roman, 1932; \u201eStr\u0103jerul din Cuibul doi\u201d, 1935.<\/p>\n\n\n\n<p>\u25a0 9\/1936 \u2013 n. <strong>Coralia-Leti\u0163ia Bunghez<\/strong>, la B\u00e2ra, Neam\u0163, profesoar\u0103, publicist\u0103. Dup\u0103 efectuarea studiilor: generale \u015fi liceale la Roman \u015fi Ia\u015fi (1943-1954), a urmat cursurile Facult\u0103\u0163ii de Filologie-Istorie-Filozofie a Universit\u0103\u0163ii \u201eAlexandru Ioan Cuza\u201d din Ia\u015fi (1954-1958). A predat la \u015ecoala General\u0103 din St\u0103ni\u0163a \u015fi la \u015ecoala Medie S\u0103b\u0103oani, Jude\u0163ul Neam\u0163, la licee din Bac\u0103u \u015fi din Piatra-Neam\u0163. A debutat editorial, \u00een 2003, cu lucrarea monografic\u0103 \u201eColegiul Na\u0163ional \u00abPetru Rare\u015f\u00bb \u2013 File de istorie (1969-1999)\u201d, urmat\u0103 de \u201ePasiune \u015fi culoare \u2013 Convorbiri cu Iulia H\u0103l\u0103ucescu\u201d \u015fi \u201eMuzeul de Art\u0103 \u00abIulia H\u0103l\u0103ucescu\u00bb\u201d.<\/p>\n\n\n\n<p>\u25a0 10\/1904, n. <strong>Dumitru D. Botez<\/strong>, la Roman (d. 5. 10. 1988, Bucure\u015fti), profesor universitar, compozitor, dirijor. A absolvit Liceul \u201eRoman-Vod\u0103\u201d din Roman, Conservatorul de Muzic\u0103 din Ia\u015fi (1929). \u00cen Roman, a fost dirijor la Biserica \u201eSf\u00e2nta Vineri\u201d (1929), profesor la Seminarul Teologic \u015fi la \u015ecoala Normal\u0103 de B\u0103ie\u0163i (1931-1933). La Bucure\u015fti (1933-1949): dirijor la Corul Radio \u015fi al Corului Filarmonicii \u201eGeorge Enescu\u201d, director muzical la Radio, rector al Conservatorului \u201eGeorge Enescu\u201d (1945-1974), membru al Uniunii Compozitorilor (1949). Titluri \u015fi distinc\u0163ii: artist emerit, maestru emerit al artei \u015f. a. Multe articole \u00een reviste de profil \u015fi \u00een presa cultural\u0103. Peste o sut\u0103 de lucr\u0103ri corale. Lucrarea \u201eTratatul de c\u00e2nt \u015fi dirijat coral\u201d este una de referin\u0163\u0103 pentru dirijori.<\/p>\n\n\n\n<p>\u25a010\/1939 \u2013 n. <strong>Mihai-Gabriel En\u0103chescu<\/strong>, la Piatra-Neam\u0163, (decedat ianuarie 2017, Bucure\u015fti) arhitect, poet, a frecventat clasele primare, gimnaziale \u015fi liceale, la \u015ecoala Medie de B\u0103ie\u0163i Nr. 1, din ora\u015ful natal, azi, Colegiul Na\u0163ional \u201ePetru-Rare\u015f\u201d (1945-1956), a absolvit Institutul de Arhitectur\u0103 \u015fi Urbanism \u201eIon Mincu\u201d din Bucure\u015fti (1963). Studii post universitare \u00een cadrul aceluia\u015fi institut de \u00eenv\u0103\u0163\u0103m\u00e2nt superior (1972). C\u0103r\u0163i de poezie: \u201eP\u0103duri carpatine \u015fi ziduri vechi\u201d, \u201eNuf\u0103rul alb\u201d, \u201eOchiul mun\u0163ilor\u201d, \u201e\u0162ara unde cad vulturii\u201d, pref. Constantin Tom\u015fa, 2012.<\/p>\n\n\n\n<p>\u25a0 12\/1995, d. <strong>Dumitru Alma\u015f<\/strong> (Dumitru Ailinc\u0103i), la Bucure\u015fti. Istoric, scriitor (n. 19. 10. 1908, Negre\u015fti, Neam\u0163).<\/p>\n\n\n\n<p>\u25a0 13\/25\/1872, n. <strong>Gheorghe Teodorescu-Kirileanu<\/strong>, la Holda, Bro\u015fteni, Neam\u0163 (d. 12. 11. 1960, Piatra-Neam\u0163), c\u0103rturar, istoric literar, memorialist, folclorist. A absolvit \u015ecoala Normal\u0103 \u201eVasile Lupu\u201d din Ia\u015fi (1891), Facultatea de Drept, Ia\u015fi. Ocup\u0103 diverse func\u0163ii (1895-1930): secretar al inspectorilor \u015fcolari din Ia\u015fi, custode la Biblioteca Central\u0103, secretar al Cancelariei Casei Regale \u015fi bibliotecar. \u00cen 1935, se stabile\u015fte la Piatra-Neam\u0163. A donat Bibliotecii Jude\u0163ene Neam\u0163 (februarie 1956) peste 25.000 de volume. Redactor \u015fi colaborator la: \u201e\u015eez\u0103toarea\u201d, \u201eArhiva rom\u00e2neasc\u0103\u201d, \u201eF\u0103t-Frumos\u201d, \u201eComoara satelor\u201d, \u201eConvorbiri literare\u201d \u015f. a. Volume: \u201eDe-ale lui Creang\u0103\u201d, \u201eScrisori c\u0103tre Artur Gorovei\u201d, \u201eCoresponden\u0163\u0103\u201d, ed. de Mircea Handoca, 1977; \u201eScrieri, I-II\u201d, \u00eengr. Constantin Bostan, \u201e\u00censemn\u0103ri zilnice (1906-1960)\u201d, editat\u0103 de Constantin Prangati, \u201eSub trei regi \u015fi trei dictaturi, vol. I\u201d \u015fi \u201eG. T. Kirileanu sau Via\u0163a ca o carte\u201d, ambele editate de Constantin Bostan.<\/p>\n\n\n\n<p>\u25a0 17\/1819 \u2013 n. <strong>Alecu Russo<\/strong>, la Str\u0103\u015feni \/ Prod\u0103ne\u015fti, L\u0103pu\u015fna (d. 5. 02. 1859, Ia\u015fi), scriitor. Studii: \u00een particular cu un dasc\u0103l grec, la Ins\u00adtitutul \u201eFran\u00e7ois Neville\u201d (Elve\u0163ia, 1829-1835), la o cas\u0103 de comer\u0163 din Viena, p\u00e2n\u0103 \u00een 1836. Dup\u0103 \u00eentoarcerea \u00een \u0163ar\u0103, se stabile\u015fte la mo\u015fia p\u0103rinteasc\u0103 Negri\u015foara din \u0162inutul Neam\u0163, apoi, va fi asesor judec\u0103toresc la Piatra-Neam\u0163 (1841-1844). Colabor\u0103ri sau i se public\u0103 din scrieri \u00een: \u201eAlbina rom\u00e2neasc\u0103\u201d, \u201eAlmanahul pribegilor rom\u00e2ni\u201d, \u201eBasarabia\u201d, \u201eFoaia pentru to\u0163i\u201d, \u201eFoaia Societ\u0103\u0163ii pentru Literatura \u015fi Cultura Rom\u00e2n\u0103 \u00een Bucovina\u201d \u015f. a. Volume: \u201eJicnicerul Vadr\u0103\u201d (pierdut\u0103), \u201eAmintiri\u201d, \u201eC\u00e2ntarea Rom\u00e2niei\u201d.<\/p>\n\n\n\n<p>\u25a0 24\/1938, n. <strong>Mihai Agape<\/strong>, la S\u0103l\u0103geni-Groze\u015fti, Ia\u015fi, artist plastic, prozator. Studii: \u015ecoala Medie Tehnic\u0103 de Energie Electric\u0103 Ia\u015fi, \u015ecoala Popular\u0103 de Art\u0103, Facultatea de Arte Plastice Ia\u015fi; debuteaz\u0103 cu o expozi\u0163ie la Casa Universitarilor (1969). Se transfer\u0103 la Piatra-Neam\u0163, deschide prima expozi\u0163ie personal\u0103 la Casa de Cultur\u0103 (1970), particip\u0103 la toate expozi\u0163iile organizate de Filiala U. A. P. Debut \u00een literatur\u0103 cu un volum de proz\u0103 (2012). Numeroase expozi\u0163ii \u00een Piatra-Neam\u0163 \u015fi \u00een \u0163ar\u0103. Premii la: Expozi\u0163ia Interjude\u0163ean\u0103 Boto\u015fani (1975) \u015fi la Bienala \u201eLasc\u0103r Vorel\u201d (1999).<\/p>\n\n\n\n<p>\u25a0 24\/1949 \u2013 n. <strong>Petru Diaconu<\/strong>, la Dobreni, Neam\u0163, a efectuat studii libere de pictur\u0103 \u015fi a frecventat ocazional unele ateliere ie\u015fene. Din 1978, deschide expozi\u0163ii estivale \u00een diferite locuri din Mamaia, iar \u00een 1986, deschide la Ia\u015fi o expozi\u0163ie cu caracter retrospectiv. Se ocup\u0103 de advertising \u015fi colaboreaz\u0103 la Revista \u201eFlac\u0103ra\u201d din Bucure\u015fti (1989). Deschide la Galeria \u201eTop Art\u201d din Piatra-Neam\u0163 expozi\u0163ia \u201eExerci\u0163ii de culoare I\u201d (2004) \u015fi \u201eExerci\u0163ii de culoare II\u201d (2005). Organizeaz\u0103 \u015fi deschide expozi\u0163ii personale la Beijing (2005), la Piatra-Neam\u0163 (2005-2019).<\/p>\n\n\n\n<p>\u25a0 25\/1925, n. <strong>Gheorghe A. M. Ciobanu<\/strong>, la Roman (d. 30 aug. 2020), profesor, scriitor, autor a numeroase studii, eseuri \u015fi cronici muzicale, literare \u015fi de art\u0103, monografii. A absolvit Liceul \u201eRoman-Vod\u0103\u201d \u015fi Facultatea de Drept (1949) \u015fi a predat \u00een \u00eenv\u0103\u0163\u0103m\u00e2nt p\u00e2n\u0103 \u00een 2002. A \u00eenceput pe la 10-11 ani s\u0103 scrie versuri, pe la 14-15 ani s\u0103 scrie proz\u0103. Preocupat de \u201eProblema biologic\u0103 pe Marte\u201d (un mic studiu, la 17 ani), a elaborat planuri pentru lucr\u0103ri \u015ftiin\u0163ifice: \u201eNo\u0163iuni de astrofilosofie\u201d, \u201eStructura fundamental\u0103 a Universului\u201d \u015f. a. A publicat peste 1.000 de eseuri \u00een reviste de cultur\u0103, eseuri adunate ulterior \u00een volum. C\u0103r\u0163i: \u201eMonografia Liceului \u00abRoman-Vod\u0103\u00bb\u201d, \u201eLocul \u015fi spiritul \u2013 Valori artistice din Roman\u201d, \u201eIrimescu, \u00eentre statornicie \u015fi zbor\u201d, \u201eScrieri\u201d, I-V, \u201ePrimii fiori (scrieri din adolescen\u0163\u0103)\u201d, \u201eMileniul Trei pe portativ\u201d, \u201eNormativul juridic\u201d, \u201e\u00abMiori\u0163a\u00bb \u2013 mit triadic\u201d, \u201eModelarea\u201d, \u201ePortrete printre rame\u201d, \u201eMecena, medic, misionar, Teodorescu\u201d.<\/p>\n\n\n\n<p>\u25a0 28\/1933 \u2013 n. <strong>Gheorghe Amaicei<\/strong>, pe Valea Crac\u0103ului (d. 31 aug. 2019), profesor, pre\u015fedinte al Asocia\u0163iei \u00cenv\u0103\u0163\u0103torilor din Jude\u0163ul Neam\u0163 (din 1995). Absolvent al \u015ecolii Normale de B\u0103ie\u0163i \u201eGheorghe Asachi\u201d din Piatra-Neam\u0163, al Facult\u0103\u0163ii de Matematic\u0103 din Ia\u015fi. Cariera didactic\u0103: la \u015ecoala Medie Bicaz \u015fi \u015ecoala Nr. 3, Piatra-Neam\u0163, i-a fost \u00eencununat\u0103 de succese profesionale: grade didactice (II \u015fi I), titlul de profesor eviden\u0163iat, metodist la Casa Corpului Didactic, colaborator al revistelor \u201eGazeta de matematic\u0103\u201d, \u201ePreocup\u0103ri didactice\u201d, \u201eC\u0103r\u0163i matematice\u201d, \u201eApostolul\u201d. Al\u0103turi de dr. Gheorghe Iacomi, a \u00eenfiin\u0163at Asocia\u0163ia \u201ePrietenii Ceahl\u0103ului\u201d (1980). Dup\u0103 1989, \u00eempreun\u0103 cu al\u0163i \u00eenv\u0103\u0163\u0103tori, a c\u0103utat prin arhive, a adunat acte, a \u00eentocmit dosare \u015fi a re\u00eenviat Asocia\u0163ia \u00cenv\u0103\u0163\u0103torilor din Jude\u0163ul Neam\u0163 \u015fi, odat\u0103 cu ea \u015fi prin ea, au redob\u00e2ndit cele dou\u0103 imobile ale dasc\u0103lilor din Piatra-Neam\u0163.<\/p>\n\n\n\n<p>\u25a0 30\/1942 \u2013 n. <strong>Eugen Tureschi<\/strong>, la Roman (d. 8. 12. 1988, la Piatra-Neam\u0163), profesor, ziarist, eseist, absolvent al Liceului \u201eRoman-Vod\u0103\u201d din Roman \u015fi al Facult\u0103\u0163ii de Filozofie (sec\u0163ia ziaristic\u0103) a Universit\u0103\u0163ii din Bucure\u015fti (1966). Ziarist la \u201eSteagul Ro\u015fu\u201d (Bac\u0103u) \u015fi \u201eCeahl\u0103ul\u201d (Piatra-Neam\u0163). A colaborat la: \u201eAteneu\u201d, \u201eCronica\u201d, \u201eLuceaf\u0103rul\u201d, \u201eRom\u00e2nia literar\u0103\u201d, \u201eFlac\u0103ra\u201d \u015f. a.<\/p>\n\n\n\n<p>\u25a0 30\/1943 \u2013 n. <strong>Corneliu-Dan Borcia<\/strong>, la Sibiu (d. 16\/17. 08. 2014, Piatra-Neam\u0163), actor, absolvent al I. A. T. C. (1966). Din anul absolvirii a fost actor la T. T. din Piatra-Neam\u0163, unde a debutat \u00een spectacolul \u201eR\u0103zvan \u015fi Vidra\u201d. Director al institu\u0163iei (sept.1995 \u2013 aug. 2021). Peste 50 de roluri \u00een: \u201eAct vene\u0163ian\u201d, \u201eTristan \u015fi Isolda\u201d, \u201eOmul cel bun din S\u00e2ciuan\u201d, \u201eWoyzeck\u201d, \u201eHarap-Alb\u201d, \u201eZigger-Zagger\u201d. \u201eTrei surori\u201d, \u201eO noapte furtunoas\u0103\u201d, \u201eZ\u00e2t, moarte, z\u00e2t\u201d, \u201eVicleniile lui Scapin\u201d \u015f. a. Ini\u0163iator al sintezei \u201e40 de ani de tinere\u0163e\u201d (repertoriul T. T., p\u00e2n\u0103 la acea dat\u0103).<\/p>\n\n\n\n<p>\u25a0 31\/1924 \u2013 n. <strong>Iulia H\u0103l\u0103ucescu<\/strong>, la Tarc\u0103u, Neam\u0163 (d. 18. 12. 2007, Piatra-Neam\u0163), artist plastic, \u201edoamna acuarelei rom\u00e2ne\u015fti\u201d. A absolvit Liceul de Fete din Piatra-Neam\u0163, student\u0103 la Academia de Arte din Ia\u015fi, continu\u0103 la Institutul \u201eNicolae Grigorescu\u201d, Bucure\u015fti. Membru U. A. P. (1954) Pre\u015fedinte al Cenaclului U. A. P. Piatra-Neam\u0163 \u015fi al Filialei Neam\u0163 a U. A. P. (1975-1979). Peste 60 de expozi\u0163ii personale (1950- 2007). A expus la Saloanele de Grafic\u0103 \u015fi Pictur\u0103 de la Bucure\u015fti, Praga, Cairo, Damasc, Atena, Moscova, Boston, Bagdad, Istanbul, Beijing, Sofia, Berlin. \u00cen anul 2004 s-a inaugurat Muzeul de Art\u0103 \u201eIulia H\u0103l\u0103ucescu\u201d din Tarc\u0103u.<\/p>\n\n\n\n<p><strong><em>Constantin TOM\u0218A<\/em><\/strong><\/p>\n\n\n\n<p>(<strong>N. R.<\/strong> \u2013 Prelucrare \u015fi actualizare dup\u0103 <em>Personalit\u0103\u0163i ale culturii din jude\u0163ul Neam\u0163, un calendar alc\u0103tuit de Constantin Tom\u015fa<\/em>, Editura Crigarux&amp;Cetatea Doamnei, Piatra-Neam\u0163, 2014).<\/p>\n","protected":false},"excerpt":{"rendered":"<p>\u25a0 Martie\/1999 \u2013 Revista Apostolul, revista cadrelor didactice din jude\u0163ul Neam\u0163, editat\u0103 de Sindicatul din \u00cenv\u0103\u0163\u0103m\u00e2nt \u015fi Cercetare Neam\u0163 (nr.1, serie nou\u0103). Publica\u0163ia reia, dup\u0103 65 de ani, o ini\u0163iativ\u0103 a Asocia\u0163iei \u00cenv\u0103\u0163\u0103torilor din jude\u0163ul Neam\u0163 care a editat pentru&hellip;<\/p>\n<p class=\"more-link-p\"><a class=\"more-link\" href=\"http:\/\/www.slineamt.ro\/apostolul\/lectia-de-istorie\/rememorari-nemtene-martie-2024\/\">Read more &rarr;<\/a><\/p>\n","protected":false},"author":1,"featured_media":0,"comment_status":"open","ping_status":"closed","sticky":false,"template":"","format":"standard","meta":{"footnotes":""},"categories":[6,480],"tags":[],"class_list":["post-25232","post","type-post","status-publish","format-standard","hentry","category-lectia-de-istorie","category-numarul-270"],"_links":{"self":[{"href":"http:\/\/www.slineamt.ro\/apostolul\/wp-json\/wp\/v2\/posts\/25232","targetHints":{"allow":["GET"]}}],"collection":[{"href":"http:\/\/www.slineamt.ro\/apostolul\/wp-json\/wp\/v2\/posts"}],"about":[{"href":"http:\/\/www.slineamt.ro\/apostolul\/wp-json\/wp\/v2\/types\/post"}],"author":[{"embeddable":true,"href":"http:\/\/www.slineamt.ro\/apostolul\/wp-json\/wp\/v2\/users\/1"}],"replies":[{"embeddable":true,"href":"http:\/\/www.slineamt.ro\/apostolul\/wp-json\/wp\/v2\/comments?post=25232"}],"version-history":[{"count":1,"href":"http:\/\/www.slineamt.ro\/apostolul\/wp-json\/wp\/v2\/posts\/25232\/revisions"}],"predecessor-version":[{"id":25234,"href":"http:\/\/www.slineamt.ro\/apostolul\/wp-json\/wp\/v2\/posts\/25232\/revisions\/25234"}],"wp:attachment":[{"href":"http:\/\/www.slineamt.ro\/apostolul\/wp-json\/wp\/v2\/media?parent=25232"}],"wp:term":[{"taxonomy":"category","embeddable":true,"href":"http:\/\/www.slineamt.ro\/apostolul\/wp-json\/wp\/v2\/categories?post=25232"},{"taxonomy":"post_tag","embeddable":true,"href":"http:\/\/www.slineamt.ro\/apostolul\/wp-json\/wp\/v2\/tags?post=25232"}],"curies":[{"name":"wp","href":"https:\/\/api.w.org\/{rel}","templated":true}]}}