{"id":25235,"date":"2024-03-19T08:44:30","date_gmt":"2024-03-19T08:44:30","guid":{"rendered":"https:\/\/www.slineamt.ro\/apostolul\/?p=25235"},"modified":"2024-03-19T08:44:30","modified_gmt":"2024-03-19T08:44:30","slug":"o-calda-rememorare-a-adolescentei-intalnirea-promotiei-1967-a-scolii-medii-nr-2-piatra-neamt","status":"publish","type":"post","link":"http:\/\/www.slineamt.ro\/apostolul\/arte-si-meseriii\/o-calda-rememorare-a-adolescentei-intalnirea-promotiei-1967-a-scolii-medii-nr-2-piatra-neamt\/","title":{"rendered":"O cald\u0103 rememorare a adolescen\u0163ei: \u00eent\u00e2lnirea promo\u0163iei 1967 a \u015ecolii Medii nr. 2 Piatra-Neam\u0163"},"content":{"rendered":"<div class=\"wp-block-image\">\n<figure class=\"alignleft size-full is-resized\"><a href=\"http:\/\/www.slineamt.ro\/apostolul\/wp-content\/uploads\/2024\/03\/44-ap270-foto1.jpg\"><img loading=\"lazy\" decoding=\"async\" width=\"529\" height=\"372\" src=\"http:\/\/www.slineamt.ro\/apostolul\/wp-content\/uploads\/2024\/03\/44-ap270-foto1.jpg\" alt=\"\" class=\"wp-image-25236\" style=\"width:508px;height:auto\" srcset=\"http:\/\/www.slineamt.ro\/apostolul\/wp-content\/uploads\/2024\/03\/44-ap270-foto1.jpg 529w, http:\/\/www.slineamt.ro\/apostolul\/wp-content\/uploads\/2024\/03\/44-ap270-foto1-300x211.jpg 300w, http:\/\/www.slineamt.ro\/apostolul\/wp-content\/uploads\/2024\/03\/44-ap270-foto1-260x183.jpg 260w, http:\/\/www.slineamt.ro\/apostolul\/wp-content\/uploads\/2024\/03\/44-ap270-foto1-160x113.jpg 160w\" sizes=\"auto, (max-width: 529px) 100vw, 529px\" \/><\/a><\/figure>\n<\/div>\n\n\n<p>Revederea fo\u015ftilor elevi ai promo\u0163iei 1967, de la \u015ecoala Medie nr. 2 (actualul Colegiul Na\u0163ional \u201eCalistrat Hoga\u015f\u201d), a fost emo\u0163ionant\u0103 \u015fi entuziast\u0103, \u00een acela\u015fi timp. Ca fapt demn de re\u0163inut, aceast\u0103 promo\u0163ie a fost ultima care a absolvit cu 11 clase liceul (7 clase elementare plus 4 clase de liceu). \u00cent\u00e2lnirea a \u00eensemnat nu doar o revedere, ci \u015fi o manifestare a respectului, admira\u0163iei \u015fi recuno\u015ftin\u0163ei fa\u0163\u0103 de minuna\u0163ii profesori, mari personalit\u0103\u0163i ale \u00eenv\u0103\u0163\u0103m\u00e2ntului nem\u0163ean: Constantin Bor\u015f, Emil Leahu, Evelina Ceau\u015fu, Adriana Dumitreasa, Eugenia Livezeanu, Xenia Zare, Ana Baciu, Veronica Vicol, Jana Orza, Neculai Darie, Mihai Z\u0103mo\u015fteanu, Ana Catzaiti, Ruxandra Ciocan, Olga Ionescu, Adriana Burghelea, Susana Bozac.<\/p>\n\n\n\n<p>Au fost prezen\u0163i 16 absolven\u0163i: Alexandra Bonta\u015f (Pop), Liliana Dobrea (Clotzer), Elisabeta Vacariu (Beta), Ioan Dumitreasa, Vasile Agafi\u0163ei, Vladimir Feer, Angela Baltag (Chiril\u0103), Tan\u0163a Alistar (Mihai), Nina Ciobanu (\u015eurubaru), Petru Munteanu, Nicoleta Bud (Buleu), Noretta Rodica Corcodel (Coconatu), Ana Asavei (Popoaia), C\u0103lin (Boc\u0103ne\u0163) Veronica, Rodica Feer (Ionescu) \u015fi Neculai Pantalon. Din aceast\u0103 genera\u0163ie de referin\u0163\u0103 a f\u0103cut parte \u015fi Etgard Bitel, apreciat scriitor \u015fi jurnalist, plecat dintre noi la \u00eenceputul anului 2023. (<strong><em>Red.<\/em><\/strong>)<\/p>\n","protected":false},"excerpt":{"rendered":"<p>Revederea fo\u015ftilor elevi ai promo\u0163iei 1967, de la \u015ecoala Medie nr. 2 (actualul Colegiul Na\u0163ional \u201eCalistrat Hoga\u015f\u201d), a fost emo\u0163ionant\u0103 \u015fi entuziast\u0103, \u00een acela\u015fi timp. Ca fapt demn de re\u0163inut, aceast\u0103 promo\u0163ie a fost ultima care a absolvit cu 11&hellip;<\/p>\n<p class=\"more-link-p\"><a class=\"more-link\" href=\"http:\/\/www.slineamt.ro\/apostolul\/arte-si-meseriii\/o-calda-rememorare-a-adolescentei-intalnirea-promotiei-1967-a-scolii-medii-nr-2-piatra-neamt\/\">Read more &rarr;<\/a><\/p>\n","protected":false},"author":1,"featured_media":0,"comment_status":"open","ping_status":"closed","sticky":false,"template":"","format":"standard","meta":{"footnotes":""},"categories":[7,480],"tags":[],"class_list":["post-25235","post","type-post","status-publish","format-standard","hentry","category-arte-si-meseriii","category-numarul-270"],"_links":{"self":[{"href":"http:\/\/www.slineamt.ro\/apostolul\/wp-json\/wp\/v2\/posts\/25235","targetHints":{"allow":["GET"]}}],"collection":[{"href":"http:\/\/www.slineamt.ro\/apostolul\/wp-json\/wp\/v2\/posts"}],"about":[{"href":"http:\/\/www.slineamt.ro\/apostolul\/wp-json\/wp\/v2\/types\/post"}],"author":[{"embeddable":true,"href":"http:\/\/www.slineamt.ro\/apostolul\/wp-json\/wp\/v2\/users\/1"}],"replies":[{"embeddable":true,"href":"http:\/\/www.slineamt.ro\/apostolul\/wp-json\/wp\/v2\/comments?post=25235"}],"version-history":[{"count":1,"href":"http:\/\/www.slineamt.ro\/apostolul\/wp-json\/wp\/v2\/posts\/25235\/revisions"}],"predecessor-version":[{"id":25237,"href":"http:\/\/www.slineamt.ro\/apostolul\/wp-json\/wp\/v2\/posts\/25235\/revisions\/25237"}],"wp:attachment":[{"href":"http:\/\/www.slineamt.ro\/apostolul\/wp-json\/wp\/v2\/media?parent=25235"}],"wp:term":[{"taxonomy":"category","embeddable":true,"href":"http:\/\/www.slineamt.ro\/apostolul\/wp-json\/wp\/v2\/categories?post=25235"},{"taxonomy":"post_tag","embeddable":true,"href":"http:\/\/www.slineamt.ro\/apostolul\/wp-json\/wp\/v2\/tags?post=25235"}],"curies":[{"name":"wp","href":"https:\/\/api.w.org\/{rel}","templated":true}]}}