{"id":25238,"date":"2024-03-19T08:46:36","date_gmt":"2024-03-19T08:46:36","guid":{"rendered":"https:\/\/www.slineamt.ro\/apostolul\/?p=25238"},"modified":"2024-03-19T08:46:36","modified_gmt":"2024-03-19T08:46:36","slug":"conferintele-cmnn-instantanee-ale-exilului-romanesc-parizian-surprinse-in-arhivele-franceze-si-radio-europa-libera-1970-1980","status":"publish","type":"post","link":"http:\/\/www.slineamt.ro\/apostolul\/lectia-de-istorie\/conferintele-cmnn-instantanee-ale-exilului-romanesc-parizian-surprinse-in-arhivele-franceze-si-radio-europa-libera-1970-1980\/","title":{"rendered":"Conferin\u021bele CMNN: Instantanee ale exilului rom\u00e2nesc parizian surprinse \u00een arhivele franceze \u015fi Radio Europa Liber\u0103 (1970-1980)"},"content":{"rendered":"\n<p><\/p>\n\n\n\n<p>Complexul Muzeal Na\u0163ional Neam\u0163 a reluat pe 29 februarie 2024, la sediul Muzeul de Art\u0103, seria conferin\u0163elor din cadrul proiectului cultural-\u015ftiin\u0163ific \u201eConferin\u0163ele CMNN\u201d, un proiect care \u00ee\u015fi propune s\u0103 aduc\u0103 \u00een fa\u0163a publicului nem\u0163ean excelen\u0163a, pasiunea \u015fi valoarea prin intermediul unor reprezentan\u0163i de marc\u0103 din varii domenii ale vie\u0163ii cultural-\u015ftiin\u0163ifice.<\/p>\n\n\n\n<p>Prima conferin\u0163\u0103 a anului 2024 ne-a oferit prilejul \u00eent\u00e2lnirii cu istoria recent\u0103, av\u00e2nd-o ca invitat\u0103 pe doamna Dr. Ana-Maria C\u0103t\u0103nu\u015f, cercet\u0103tor \u015ftiin\u0163ific II \u00een cadrul Institutului Na\u0163ional pentru Studiul Totalitarismului\/Academia Rom\u00e2n\u0103. Istoric, cercet\u0103tor, distinsa invitat\u0103 este specializat\u0103 \u00een istoria contemporan\u0103 a Rom\u00e2niei \u015fi universal\u0103, studiind cu prec\u0103dere istoria regimurilor totalitare \u00een Rom\u00e2nia, Europa de Est \u015fi URSS, precum \u015fi istoria opozi\u0163iei anticomuniste. Este organizatoare a unor manifest\u0103ri \u015ftiin\u0163ifice de prestigiu. De\u0163ine Premiul \u201eNicolae B\u0103lcescu\u201d al Academiei Rom\u00e2ne (2016).<\/p>\n\n\n\n<p>Tema conferin\u0163ei pune \u00een valoare rezultatele studiului ini\u0163iat \u00een anul <strong>2022<\/strong> cu ocazia unui stagiu de documentare la Paris, ob\u0163inut \u00een urma c\u00e2\u015ftig\u0103rii unei burse de cercetare \u00een cadrul programului \u201e<strong>Directeurs d\u2019\u00e9tudes associ\u00e9s<\/strong>\u201d, cel mai vechi program de mobilit\u0103\u0163i interna\u0163ionale, creat \u00een 1975 de Fernand Braudel, al Fondation Maison des Sciences de l\u2019Homme (1963).<\/p>\n\n\n\n<p><em>Al\u0103turi de postul de radio<\/em> Europa Liber\u0103, Liga pentru Ap\u0103rarea Drepturilor Omului din Rom\u00e2nia <em>a fost organiza\u0163ia care s-a bucurat de cea mai mare credibilitate \u00een exilul parizian. De ce am ales instantanee? Pentru c\u0103 n-am putea s\u0103 realiz\u0103m \u00eentr-o conferin\u0163\u0103 o istorie exhaustiv\u0103 a exilului rom\u00e2nesc de la Paris. A\u015fadar, pentru c\u0103 nu mi-am propus aceast\u0103 tratare exhaustiv\u0103, am mers pe ideea de instantanee. Sunt lucruri importante legate de momente ale exilului \u015fi, mai mult dec\u00e2t at\u00e2t, de oameni exilului \u2013 Mihnea Berindei, Maria Br\u0103tianu, Monica Lovinescu, Gheorghe Calciu-Dumitreasa, Sanda Stolojan \u2013, pentru c\u0103 ei au fost cei care au coagulat aceste ac\u0163iuni. Ei sunt cei care, \u00een ultim\u0103 instan\u0163\u0103, pentru o perioad\u0103, \u015fi-au pus via\u0163a \u00eentre paranteze, dup\u0103 cum spunea Monica Lovinescu, \u00een slujba unui ideal care poate pentru mul\u0163i la acel moment p\u0103rea un pic rupt de realitate<\/em>, a argumentat dr. Ana-Maria C\u0103t\u0103nu\u015f.<\/p>\n\n\n\n<p><strong><em>Lucian U\u021a\u0102<\/em><\/strong><\/p>\n","protected":false},"excerpt":{"rendered":"<p>Complexul Muzeal Na\u0163ional Neam\u0163 a reluat pe 29 februarie 2024, la sediul Muzeul de Art\u0103, seria conferin\u0163elor din cadrul proiectului cultural-\u015ftiin\u0163ific \u201eConferin\u0163ele CMNN\u201d, un proiect care \u00ee\u015fi propune s\u0103 aduc\u0103 \u00een fa\u0163a publicului nem\u0163ean excelen\u0163a, pasiunea \u015fi valoarea prin intermediul&hellip;<\/p>\n<p class=\"more-link-p\"><a class=\"more-link\" href=\"http:\/\/www.slineamt.ro\/apostolul\/lectia-de-istorie\/conferintele-cmnn-instantanee-ale-exilului-romanesc-parizian-surprinse-in-arhivele-franceze-si-radio-europa-libera-1970-1980\/\">Read more &rarr;<\/a><\/p>\n","protected":false},"author":1,"featured_media":0,"comment_status":"open","ping_status":"closed","sticky":false,"template":"","format":"standard","meta":{"footnotes":""},"categories":[6,480],"tags":[],"class_list":["post-25238","post","type-post","status-publish","format-standard","hentry","category-lectia-de-istorie","category-numarul-270"],"_links":{"self":[{"href":"http:\/\/www.slineamt.ro\/apostolul\/wp-json\/wp\/v2\/posts\/25238","targetHints":{"allow":["GET"]}}],"collection":[{"href":"http:\/\/www.slineamt.ro\/apostolul\/wp-json\/wp\/v2\/posts"}],"about":[{"href":"http:\/\/www.slineamt.ro\/apostolul\/wp-json\/wp\/v2\/types\/post"}],"author":[{"embeddable":true,"href":"http:\/\/www.slineamt.ro\/apostolul\/wp-json\/wp\/v2\/users\/1"}],"replies":[{"embeddable":true,"href":"http:\/\/www.slineamt.ro\/apostolul\/wp-json\/wp\/v2\/comments?post=25238"}],"version-history":[{"count":1,"href":"http:\/\/www.slineamt.ro\/apostolul\/wp-json\/wp\/v2\/posts\/25238\/revisions"}],"predecessor-version":[{"id":25239,"href":"http:\/\/www.slineamt.ro\/apostolul\/wp-json\/wp\/v2\/posts\/25238\/revisions\/25239"}],"wp:attachment":[{"href":"http:\/\/www.slineamt.ro\/apostolul\/wp-json\/wp\/v2\/media?parent=25238"}],"wp:term":[{"taxonomy":"category","embeddable":true,"href":"http:\/\/www.slineamt.ro\/apostolul\/wp-json\/wp\/v2\/categories?post=25238"},{"taxonomy":"post_tag","embeddable":true,"href":"http:\/\/www.slineamt.ro\/apostolul\/wp-json\/wp\/v2\/tags?post=25238"}],"curies":[{"name":"wp","href":"https:\/\/api.w.org\/{rel}","templated":true}]}}