{"id":25303,"date":"2024-03-19T10:04:15","date_gmt":"2024-03-19T10:04:15","guid":{"rendered":"https:\/\/www.slineamt.ro\/apostolul\/?p=25303"},"modified":"2024-03-19T10:04:15","modified_gmt":"2024-03-19T10:04:15","slug":"scrisori-din-basarabia-dorinta-forta-motrice-a-unirii","status":"publish","type":"post","link":"http:\/\/www.slineamt.ro\/apostolul\/lectia-de-istorie\/scrisori-din-basarabia-dorinta-forta-motrice-a-unirii\/","title":{"rendered":"Scrisori din Basarabia: DORIN\u0162A \u2013 for\u0163a motrice a UNIRII"},"content":{"rendered":"<div class=\"wp-block-image\">\n<figure class=\"alignleft size-full is-resized\"><a href=\"http:\/\/www.slineamt.ro\/apostolul\/wp-content\/uploads\/2024\/03\/27-ap270-foto1.jpg\"><img loading=\"lazy\" decoding=\"async\" width=\"378\" height=\"454\" src=\"http:\/\/www.slineamt.ro\/apostolul\/wp-content\/uploads\/2024\/03\/27-ap270-foto1.jpg\" alt=\"\" class=\"wp-image-25304\" style=\"width:294px;height:auto\" srcset=\"http:\/\/www.slineamt.ro\/apostolul\/wp-content\/uploads\/2024\/03\/27-ap270-foto1.jpg 378w, http:\/\/www.slineamt.ro\/apostolul\/wp-content\/uploads\/2024\/03\/27-ap270-foto1-250x300.jpg 250w, http:\/\/www.slineamt.ro\/apostolul\/wp-content\/uploads\/2024\/03\/27-ap270-foto1-260x312.jpg 260w, http:\/\/www.slineamt.ro\/apostolul\/wp-content\/uploads\/2024\/03\/27-ap270-foto1-160x192.jpg 160w\" sizes=\"auto, (max-width: 378px) 100vw, 378px\" \/><\/a><\/figure>\n<\/div>\n\n\n<p>La 27 martie anul curent avem 106 ani de la istoricul act de unire a Basarabiei cu Rom\u00e2nia. Este un prilej de a medita asupra unor aspecte, care aduc \u00een scen\u0103 mai pu\u0163in ce s-a \u00eent\u00e2mplat \u00een 1812, sau cum a fost guvernat acest teritoriu, sau cum a fost construit procesul de rusificare, sau cum s-a promovat \u015fovinismul rus (\u00eendeosebi \u00een perioada sovietic\u0103)&#8230;<\/p>\n\n\n\n<p>Actualmente UNIREA este folosit\u0103 ca oportunitate istoric\u0103 dar \u015fi ca sperietoare &#8230;<\/p>\n\n\n\n<p>Consider c\u0103 dintre multele lucruri care determin\u0103 comportamentul nostru, DORIN\u0162EI \u00eei apar\u0163ine prioritatea: sunt condi\u0163ii, avem capacit\u0103\u0163i \u015fi numai dorin\u0163a este cea care ne-ar asigura un comportament centrat pe adev\u0103r, pe valori reale, umane, democratice.<\/p>\n\n\n\n<p>A\u015f porni de la o \u00eentrebare: care sunt lucrurile care-i fac pe o bun\u0103 parte dintre cet\u0103\u0163enii RM s\u0103 manifeste dorin\u0163a de a ne construi viitorul sub \u201eobl\u0103duirea fratelui mai mare\u201d?<\/p>\n\n\n\n<p>\u201e A\u015fa am \u00eenv\u0103\u0163at la \u015fcoal\u0103 &#8230;\u201d este unul dintre \u201eargumentele\u201d pe care-l po\u0163i auzi. Azi avem posibilitatea s\u0103 g\u0103sim r\u0103spunsuri la ceea ce am \u00eenv\u0103\u0163at la \u015fcoala sovietic\u0103: de ce lucrurile, ce \u0163in mai \u00eent\u00e2i de toate de istoria noastr\u0103, au fost falsificate? Cine avea nevoie de astfel de tratare a istoriei? De ce o f\u0103ceau cu mare grij\u0103 prin intermediul ins\u00adtitu\u0163iilor educa\u0163ionale? De ce ocupa\u0163ia a fost \u00eenlocuit\u0103 cu \u201eeliberarea\u201d? De ce limba rom\u00e2n\u0103 a fost \u00eenlocuit\u0103 cu \u201emoldoveneasc\u0103\u201d. De ce Sfatul \u0162\u0103rii a \u201ecomis\u201d un act de \u201etr\u0103dare\u201d \u015fi nu unul ce \u0163ine de adev\u0103r istoric?<\/p>\n\n\n\n<p>\u201eNoi am ales conduc\u0103torii \u015fi trebuie s\u0103-i ascult\u0103m &#8230;\u201d este o alt\u0103 op\u0163iune pentru unii cet\u0103\u0163eni. Dar este important \u00een acest caz s\u0103 putem deslu\u015fi: sunt conduc\u0103tori diferi\u0163i. Unii ajung la putere (inclusiv cu ajutorul nostru) \u015fi ne fur\u0103, ne mint, ne v\u00e2nd, ne \u00eenjosesc pentru a-\u015fi realiza scopuri personale, pentru a promova interesele altui stat. Pentru asta ne cump\u0103r\u0103 u\u015for, iar noi ne vindem ieftin, noi chiar ne bucur\u0103m c\u0103 din ceea ce fur\u0103 ne dau \u015fi nou\u0103&#8230; De ce nu-i \u00eentreb\u0103m pe cei ce \u201efac turism la Moscova\u201d \u015fi cu at\u00e2ta insisten\u0163\u0103 ne conving de beneficiile rela\u0163iilor cu Estul, c\u00e2te gr\u0103dini\u0163e \u015fi \u015fcoli au fost renovate de c\u0103tre Rusia? \u00cen c\u00e2te localit\u0103\u0163i a finan\u0163at Rusia proiecte pentru repara\u0163ia drumurilor, construc\u0163ia re\u0163elelor de asigurare cu ap\u0103 \u015fi canalizare, au reparat Case de Cultur\u0103, au deschis centre sociale pentru b\u0103tr\u00e2ni?&#8230; Or, de ce uit\u0103m c\u0103 pe timpul unor astfel de conduc\u0103tori Rusia ne \u015fantaja \u0162ara cu gazul, cu interzicerea exporturilor pe pia\u0163\u0103 \u015fi tot ei ne asigurau \u201eindependen\u0163a\u201d cu contingentul militar pe teritoriul RM? Din p\u0103cate nu am prea avut conduc\u0103tori s\u0103 se dedice \u0162\u0103rii \u015fi dac\u0103 acum guvernarea \u015fi, mai ales, Maia Sandu fac acest lucru, Rusia \u00eei tot invit\u0103 la Moscova pe fo\u015ftii conduc\u0103tori (reprezentan\u0163i ai KGB-ului) \u015fi elaboreaz\u0103 planuri pentru a deturna orientarea european\u0103 a Moldovei, pentru a destabiliza situa\u0163ia \u00een \u0162ar\u0103. Cum s\u0103 \u00een\u0163elegem afirmatia lor c\u0103 \u00een Republica Moldova este instaurat\u0103 dictatura, (iar \u00een Rusia ar \u00eenflori democra\u0163ia?!) c\u0103 Rusia va face totul pentru a ap\u0103ra cei aproximativ 200.000 de cet\u0103\u0163eni ai Rusiei din Transnistria?<\/p>\n\n\n\n<p>Pentru o parte a popula\u0163iei propaganda rus\u0103, falsurile acesteia, au efect: \u2013 mintea cade \u00een capcan\u0103. Nu con\u015ftientiz\u0103m c\u00e2t de valoros este s\u0103 cunoa\u015ftem informa\u0163ia din mai multe surse, s\u0103 facem compara\u0163ie, s\u0103 deslu\u015fim ce interese se promoveaz\u0103, ce scop se urm\u0103re\u015fte.<\/p>\n\n\n\n<p>Aceasta parte a popula\u0163iei noastre \u00eemp\u0103rt\u0103\u015fe\u015fte din start politica \u015fi ac\u0163iunile Rusiei, fiind de\u0163in\u0103tori ai cet\u0103\u0163eniei respective.<\/p>\n\n\n\n<p>Cel mai dureros este faptul c\u0103 ne lipse\u015fte, probabil, DORIN\u0162A de a avea demnitate: ca om, ca cet\u0103\u0163ean al propriei \u021b\u0103ri, ca subiect al societ\u0103\u0163ii contemporane.<\/p>\n\n\n\n<p>Dac\u0103 realmente DORIM UNIREA ea trebuie s\u0103 devin\u0103 pentru fiecare dintre noi un destin. Pentru aceasta ar trebui s\u0103 trecem peste sl\u0103biciunile noastre, s\u0103 cerem ceva mai mult de la sine dec\u00e2t de la al\u0163ii \u015fi prin perseveren\u0163\u0103, con\u015ftien\u021bi \u015fi cu demnitate, s\u0103 ne construim viitorul comun.<\/p>\n\n\n\n<p><strong><em>Victor S\u00c2NCHETRU, lider sindical FSES, raionul \u015etefan Vod\u0103<\/em><\/strong><\/p>\n","protected":false},"excerpt":{"rendered":"<p>La 27 martie anul curent avem 106 ani de la istoricul act de unire a Basarabiei cu Rom\u00e2nia. Este un prilej de a medita asupra unor aspecte, care aduc \u00een scen\u0103 mai pu\u0163in ce s-a \u00eent\u00e2mplat \u00een 1812, sau cum&hellip;<\/p>\n<p class=\"more-link-p\"><a class=\"more-link\" href=\"http:\/\/www.slineamt.ro\/apostolul\/lectia-de-istorie\/scrisori-din-basarabia-dorinta-forta-motrice-a-unirii\/\">Read more &rarr;<\/a><\/p>\n","protected":false},"author":1,"featured_media":0,"comment_status":"open","ping_status":"closed","sticky":false,"template":"","format":"standard","meta":{"footnotes":""},"categories":[6,480],"tags":[],"class_list":["post-25303","post","type-post","status-publish","format-standard","hentry","category-lectia-de-istorie","category-numarul-270"],"_links":{"self":[{"href":"http:\/\/www.slineamt.ro\/apostolul\/wp-json\/wp\/v2\/posts\/25303","targetHints":{"allow":["GET"]}}],"collection":[{"href":"http:\/\/www.slineamt.ro\/apostolul\/wp-json\/wp\/v2\/posts"}],"about":[{"href":"http:\/\/www.slineamt.ro\/apostolul\/wp-json\/wp\/v2\/types\/post"}],"author":[{"embeddable":true,"href":"http:\/\/www.slineamt.ro\/apostolul\/wp-json\/wp\/v2\/users\/1"}],"replies":[{"embeddable":true,"href":"http:\/\/www.slineamt.ro\/apostolul\/wp-json\/wp\/v2\/comments?post=25303"}],"version-history":[{"count":1,"href":"http:\/\/www.slineamt.ro\/apostolul\/wp-json\/wp\/v2\/posts\/25303\/revisions"}],"predecessor-version":[{"id":25305,"href":"http:\/\/www.slineamt.ro\/apostolul\/wp-json\/wp\/v2\/posts\/25303\/revisions\/25305"}],"wp:attachment":[{"href":"http:\/\/www.slineamt.ro\/apostolul\/wp-json\/wp\/v2\/media?parent=25303"}],"wp:term":[{"taxonomy":"category","embeddable":true,"href":"http:\/\/www.slineamt.ro\/apostolul\/wp-json\/wp\/v2\/categories?post=25303"},{"taxonomy":"post_tag","embeddable":true,"href":"http:\/\/www.slineamt.ro\/apostolul\/wp-json\/wp\/v2\/tags?post=25303"}],"curies":[{"name":"wp","href":"https:\/\/api.w.org\/{rel}","templated":true}]}}