{"id":25387,"date":"2024-03-19T11:20:12","date_gmt":"2024-03-19T11:20:12","guid":{"rendered":"https:\/\/www.slineamt.ro\/apostolul\/?p=25387"},"modified":"2024-03-19T11:20:12","modified_gmt":"2024-03-19T11:20:12","slug":"o-caseta-tehnica-de-prim-rang","status":"publish","type":"post","link":"http:\/\/www.slineamt.ro\/apostolul\/eveniment\/o-caseta-tehnica-de-prim-rang\/","title":{"rendered":"O caset\u0103 tehnic\u0103 de prim rang"},"content":{"rendered":"<div class=\"wp-block-image\">\n<figure class=\"aligncenter size-full\"><a href=\"http:\/\/www.slineamt.ro\/apostolul\/wp-content\/uploads\/2024\/03\/05-ap270-foto1.jpg\"><img loading=\"lazy\" decoding=\"async\" width=\"605\" height=\"416\" src=\"http:\/\/www.slineamt.ro\/apostolul\/wp-content\/uploads\/2024\/03\/05-ap270-foto1.jpg\" alt=\"\" class=\"wp-image-25388\" srcset=\"http:\/\/www.slineamt.ro\/apostolul\/wp-content\/uploads\/2024\/03\/05-ap270-foto1.jpg 605w, http:\/\/www.slineamt.ro\/apostolul\/wp-content\/uploads\/2024\/03\/05-ap270-foto1-300x206.jpg 300w, http:\/\/www.slineamt.ro\/apostolul\/wp-content\/uploads\/2024\/03\/05-ap270-foto1-560x385.jpg 560w, http:\/\/www.slineamt.ro\/apostolul\/wp-content\/uploads\/2024\/03\/05-ap270-foto1-260x179.jpg 260w, http:\/\/www.slineamt.ro\/apostolul\/wp-content\/uploads\/2024\/03\/05-ap270-foto1-160x110.jpg 160w\" sizes=\"auto, (max-width: 605px) 100vw, 605px\" \/><\/a><\/figure>\n<\/div>\n\n\n<p>Dup\u0103 25 de ani, m\u0103 \u00eencearc\u0103 o melanholie grea \u2013 vorba princepelui lui Jenic\u0103 Barbu \u2013 \u015fi-un dor \u015fi mai greu de prieteni cu care am f\u0103cut aceast\u0103 foaie: Florin Florescu, Eduard Covali, Constantin Tom\u015fa&#8230;<\/p>\n\n\n\n<p>Dup\u0103 25 de ani, tot g\u00e2ndin\u00addu-m\u0103 la \u00eenceputurile Revistei, v\u0103z c\u0103 n-am fost niciodat\u0103 prea entuziasmat c\u00e2nd am pornit pe acest drum; Florin Florescu \u015fi Lucian Corneanu, de\u015fi o \u0163\u00e2r\u0103 mai coptu\u0163i dec\u00e2t mine, aveau dreptul s\u0103 fie exuberan\u0163i \u015fi incon\u015ftien\u0163i, eu \u00eens\u0103 \u015ftiam c\u0103-mi bag capul sub t\u0103ietor. \u015ei, dincolo de implicarea deplin\u0103 a boierului Gabriel Plosc\u0103, am ajuns p\u00e2n\u0103 aici \u015fi datorit\u0103 caracterului meu de taur: a\u015feza\u0163i-m\u0103 pe o brazd\u0103 \u015fi o ar p\u00e2n\u0103 la cap\u0103t, ad\u00e2nc, \u00een timpul sorocit.<\/p>\n\n\n\n<p>Dup\u0103 25 de ani, privesc \u00een jur \u015fi pot raporta o Caset\u0103 tehnic\u0103 de prim rang; mai mult de jum\u0103tate dintre \u00eempricina\u0163i sunt membri ai Uniunii Ziari\u015ftilor Profesioni\u015fti din Rom\u00e2nia, inclusiv tehnoredactorul Dorian Radu, c\u00e2\u0163iva au doctorate \u015fi masterate (pe bune), to\u0163i sunt alfabetiza\u0163i \u015fi unul n-ar pune virgul\u0103 \u00eentre subiect \u015fi predicat, nici s\u0103-l pici cu cear\u0103. Colectivul de redac\u0163ie a adunat cam mereu doar o m\u00e2n\u0103 de oameni, o echip\u0103 re\u00eemprosp\u0103tat\u0103 \u00een timp cu personaje care chiar \u015ftiu ce treab\u0103 au, \u015fi \u015fi-o fac bine. Se intr\u0103 \u00een aceast\u0103 redac\u0163ie (deocamdat\u0103) aproape la fel de cum se intra la \u201eMedicin\u0103\u201d, acu\u2019 vreo juma\u2019 de secol.<\/p>\n\n\n\n<p>Dup\u0103 25 de ani, r\u0103sfoiesc sumarul num\u0103rului aniversar \u2013 un fel de raport de r\u0103zboi pe arii tematice \u2013, \u015fi observ prezen\u0163a valoroas\u0103 a unor personalit\u0103\u0163i care au semnat \u015fi \u00een primul num\u0103r: Adrian Alui Gheorghe, Constantin Bostan, Stelu\u0163a C\u0103lin, Adrian Romil\u0103, Dumitri\u0163a Vasilca; a altora cu state vechi de seviciu: Monica Cristea, Lucian Strochi, Daniel Dieaconu, Gheorghe Br\u00e2nzei sau a unor condeieri afla\u0163i vremelnic (?) \u00een neagra str\u0103in\u0103tate: Stelu\u0163a C\u0103lin (Canada), Niculina Ni\u0163\u0103 \u015fi Mihai-Emilian Manca\u015f (Fran\u0163a), Adriana-Z\u00e2na Ioni\u0163\u0103 (Irlanda). \u0218i s\u0103 n-o uit\u0103m pe Angelina Begu, m\u00e2na mea dreapt\u0103 la Chi\u0219in\u0103u.<\/p>\n\n\n\n<p>Le mul\u0163umesc tuturor \u015fi nu \u00eenchei f\u0103r\u0103 a remarca scriitura unor nume mai proaspete, care ne fac s\u0103 privim viitorul cu \u00eendrept\u0103\u0163it\u0103 speran\u0163\u0103: Ramona-Mihaela Ro\u015fu, Roxana-Elena Irina, Claudia-Manuela Barnea.<\/p>\n\n\n\n<p>Dixi et salvavi animam meam! (Iezechiel, III, 19.)<\/p>\n\n\n\n<p><strong><em>Mircea ZAHARIA, redactor-\u015fef<\/em><\/strong><\/p>\n","protected":false},"excerpt":{"rendered":"<p>Dup\u0103 25 de ani, m\u0103 \u00eencearc\u0103 o melanholie grea \u2013 vorba princepelui lui Jenic\u0103 Barbu \u2013 \u015fi-un dor \u015fi mai greu de prieteni cu care am f\u0103cut aceast\u0103 foaie: Florin Florescu, Eduard Covali, Constantin Tom\u015fa&#8230; Dup\u0103 25 de ani, tot&hellip;<\/p>\n<p class=\"more-link-p\"><a class=\"more-link\" href=\"http:\/\/www.slineamt.ro\/apostolul\/eveniment\/o-caseta-tehnica-de-prim-rang\/\">Read more &rarr;<\/a><\/p>\n","protected":false},"author":1,"featured_media":0,"comment_status":"open","ping_status":"closed","sticky":false,"template":"","format":"standard","meta":{"footnotes":""},"categories":[18,480],"tags":[],"class_list":["post-25387","post","type-post","status-publish","format-standard","hentry","category-eveniment","category-numarul-270"],"_links":{"self":[{"href":"http:\/\/www.slineamt.ro\/apostolul\/wp-json\/wp\/v2\/posts\/25387","targetHints":{"allow":["GET"]}}],"collection":[{"href":"http:\/\/www.slineamt.ro\/apostolul\/wp-json\/wp\/v2\/posts"}],"about":[{"href":"http:\/\/www.slineamt.ro\/apostolul\/wp-json\/wp\/v2\/types\/post"}],"author":[{"embeddable":true,"href":"http:\/\/www.slineamt.ro\/apostolul\/wp-json\/wp\/v2\/users\/1"}],"replies":[{"embeddable":true,"href":"http:\/\/www.slineamt.ro\/apostolul\/wp-json\/wp\/v2\/comments?post=25387"}],"version-history":[{"count":1,"href":"http:\/\/www.slineamt.ro\/apostolul\/wp-json\/wp\/v2\/posts\/25387\/revisions"}],"predecessor-version":[{"id":25389,"href":"http:\/\/www.slineamt.ro\/apostolul\/wp-json\/wp\/v2\/posts\/25387\/revisions\/25389"}],"wp:attachment":[{"href":"http:\/\/www.slineamt.ro\/apostolul\/wp-json\/wp\/v2\/media?parent=25387"}],"wp:term":[{"taxonomy":"category","embeddable":true,"href":"http:\/\/www.slineamt.ro\/apostolul\/wp-json\/wp\/v2\/categories?post=25387"},{"taxonomy":"post_tag","embeddable":true,"href":"http:\/\/www.slineamt.ro\/apostolul\/wp-json\/wp\/v2\/tags?post=25387"}],"curies":[{"name":"wp","href":"https:\/\/api.w.org\/{rel}","templated":true}]}}