{"id":25391,"date":"2024-03-19T11:23:04","date_gmt":"2024-03-19T11:23:04","guid":{"rendered":"https:\/\/www.slineamt.ro\/apostolul\/?p=25391"},"modified":"2024-03-19T11:23:04","modified_gmt":"2024-03-19T11:23:04","slug":"revista-apostolul-povestea-merge-mai-departe","status":"publish","type":"post","link":"http:\/\/www.slineamt.ro\/apostolul\/eveniment\/revista-apostolul-povestea-merge-mai-departe\/","title":{"rendered":"Revista Apostolul \u2013 povestea merge mai departe!"},"content":{"rendered":"<div class=\"wp-block-image\">\n<figure class=\"alignleft size-full\"><a href=\"http:\/\/www.slineamt.ro\/apostolul\/wp-content\/uploads\/2024\/03\/04-ap270-foto1.jpg\"><img loading=\"lazy\" decoding=\"async\" width=\"270\" height=\"378\" src=\"http:\/\/www.slineamt.ro\/apostolul\/wp-content\/uploads\/2024\/03\/04-ap270-foto1.jpg\" alt=\"\" class=\"wp-image-25392\" srcset=\"http:\/\/www.slineamt.ro\/apostolul\/wp-content\/uploads\/2024\/03\/04-ap270-foto1.jpg 270w, http:\/\/www.slineamt.ro\/apostolul\/wp-content\/uploads\/2024\/03\/04-ap270-foto1-214x300.jpg 214w, http:\/\/www.slineamt.ro\/apostolul\/wp-content\/uploads\/2024\/03\/04-ap270-foto1-260x364.jpg 260w, http:\/\/www.slineamt.ro\/apostolul\/wp-content\/uploads\/2024\/03\/04-ap270-foto1-160x224.jpg 160w\" sizes=\"auto, (max-width: 270px) 100vw, 270px\" \/><\/a><\/figure>\n<\/div>\n\n\n<p>\u00cen urm\u0103 cu ceva ani, cam nou\u0103zeci la num\u0103r, dasc\u0103li lumina\u0163i \u015fi oameni cu suflet, adev\u0103ra\u0163i apostoli, au considerat c\u0103 to\u021bi cei care ostenesc pentru a da \u00eenv\u0103\u0163\u0103tur\u0103 \u015fi educa\u0163ie copiilor din \u015fcolile primare nem\u0163ene, au nevoie s\u0103 comunice mai cu folos, s\u0103 schimbe \u00eentre ei experien\u0163e pedagogice, dar \u015fi s\u0103 fac\u0103 cunoscute mai marilor vremii neajunsurile din \u00eenv\u0103\u0163\u0103m\u00e2ntul rom\u00e2nesc. Toate aceste erau posibile prin apari\u0163ia unei publica\u0163ii oneste \u015fi devotate cauzei. A\u015fa a \u00eenceput povestea revistei <em>Apostolul<\/em>.<\/p>\n\n\n\n<p>&nbsp;Dup\u0103 un \u00eenceput mai timid, revista \u00ee\u015fi va \u00eembog\u0103\u0163i con\u0163inutul cu teme culturale, sociale sau legate de solidaritatea breslei. Din p\u0103cate, greut\u0103\u0163ile tragice legate de cel de al doilea r\u0103zboi mondial au \u00eentrerupt apari\u0163ia revistei.<\/p>\n\n\n\n<p>&nbsp;Dup\u0103 mul\u0163i ani \u015fi multe \u00eent\u00e2mpl\u0103ri istorice, al\u0163i dasc\u0103li lumina\u0163i \u015fi oameni cu suflet, al\u0163i apostoli \u015fi-au unit eforturile \u015fi, \u00een urm\u0103 cu un sfert de secol, revista <em>Apostolul<\/em> \u015fi-a reluat povestea, desigur, adapt\u00e2ndu-se la realit\u0103\u0163ile vremii \u015fi ale unui sistem de \u00eenv\u0103\u0163\u0103m\u00e2nt aflat \u00eentr-o permanent\u0103 reform\u0103, niciodat\u0103 dus\u0103 p\u00e2n\u0103 la cap\u0103t.<\/p>\n\n\n\n<p>&nbsp;De acum \u00eens\u0103, revista <em>Apostolul<\/em>, pe l\u00e2ng\u0103 generoasele abord\u0103ri pedagogice, culturale, prezentarea unor evenimente istorice, prezentarea unor personalit\u0103\u0163i locale \u015fi universale g\u0103zduie\u015fte \u015fi curajoase teme sociale, \u00eendeosebi legate de statutul \u015fi condi\u0163ia dasc\u0103lului rom\u00e2n, \u00eentotdeauna neglijat \u015fi chiar umilit de puternicii vremii, ca de fapt \u00eentregul sistem de \u00eenv\u0103\u0163\u0103m\u00e2nt din Rom\u00e2nia, ceea ce era o obi\u015fnuin\u0163\u0103 \u015fi \u00een alte perioade. Spun acest lucru deoarece multe dintre cerin\u0163ele oamenilor din \u00eenv\u0103\u0163\u0103m\u00e2nt \u2013 respect pentru \u015fcoal\u0103 \u015fi cadrele didactice, o politic\u0103 educa\u0163ional\u0103 coerent\u0103, buget suficient pentru o baz\u0103 material\u0103 pe m\u0103sura exigen\u0163ei timpurilor \u015fi pentru salarii decente, neimplicarea politicului \u00een desemnarea conducerilor unit\u0103\u0163ilor de \u00eenv\u0103\u0163\u0103m\u00e2nt \u2013 sunt actuale \u015fi ast\u0103zi.<\/p>\n\n\n\n<p>&nbsp;Astfel, revista <em>Apostolul<\/em> a devenit \u015fi o tribun\u0103 de la care cei care lucreaz\u0103 \u00een \u015fcolile din Rom\u00e2nia, organiza\u0163i \u00een sindicate puternice, \u00ee\u015fi spun r\u0103spicat necazurile \u015fi \u00ee\u015fi cer cu fermitate drepturile cuvenite.<\/p>\n\n\n\n<p>&nbsp;Neap\u0103rat trebuie vorbit \u015fi despre faptul c\u0103, prin \u00eenfiin\u0163area unei subredac\u0163ii la Chi\u015fin\u0103u, <em>Apostolul<\/em> a devenit o revist\u0103 f\u0103r\u0103 hotare a dasc\u0103lilor de dincolo \u015fi de dincoace de Prut, a\u015fa cum se cuvine \u00eentre fra\u0163i.<\/p>\n\n\n\n<p>&nbsp;Ast\u0103zi, o spun cu \u00eendrept\u0103\u0163it\u0103 m\u00e2ndrie, revista <em>Apostolul<\/em> este apreciat\u0103 pentru \u0163inut\u0103, decen\u0163\u0103 curaj, calitatea con\u0163inuturilor, corectitudinea informa\u0163iilor \u015fi pentru utilitate. Desigur, nu se putea ajunge aici f\u0103r\u0103 profesionalismul \u015fi devotamentul oamenilor din redac\u0163ia revistei, dar nu trebuie uita\u0163i nici cei care au asigurat, uneori \u00een perioade dificile, minimul de condi\u0163ii materiale care au permis continuitatea apari\u0163iilor.<\/p>\n\n\n\n<p>&nbsp;Cred cu t\u0103rie, c\u0103 oamenii de acum \u015fi din viitor, de\u015fi vremelnici, vor reu\u015fi prin implicare \u015fi dragoste de frumos s\u0103 asigure nemurirea revistei <em>Apostolul<\/em>, iar povestea va merge mai departe.<\/p>\n\n\n\n<p>La mul\u0163i ani, revista <em>Apostolul<\/em>!<\/p>\n\n\n\n<p>La mul\u0163i ani, Oameni ai revistei <em>Apostolul<\/em>!<\/p>\n\n\n\n<p><strong><em>Prof. Gabriel PLOSC\u0102, Pre\u015fedinte de onoare al Sindicatului din \u00cenv\u0103\u0163\u0103m\u00e2nt Neam\u0163<\/em><\/strong><\/p>\n","protected":false},"excerpt":{"rendered":"<p>\u00cen urm\u0103 cu ceva ani, cam nou\u0103zeci la num\u0103r, dasc\u0103li lumina\u0163i \u015fi oameni cu suflet, adev\u0103ra\u0163i apostoli, au considerat c\u0103 to\u021bi cei care ostenesc pentru a da \u00eenv\u0103\u0163\u0103tur\u0103 \u015fi educa\u0163ie copiilor din \u015fcolile primare nem\u0163ene, au nevoie s\u0103 comunice mai&hellip;<\/p>\n<p class=\"more-link-p\"><a class=\"more-link\" href=\"http:\/\/www.slineamt.ro\/apostolul\/eveniment\/revista-apostolul-povestea-merge-mai-departe\/\">Read more &rarr;<\/a><\/p>\n","protected":false},"author":1,"featured_media":0,"comment_status":"open","ping_status":"closed","sticky":false,"template":"","format":"standard","meta":{"footnotes":""},"categories":[18,480],"tags":[],"class_list":["post-25391","post","type-post","status-publish","format-standard","hentry","category-eveniment","category-numarul-270"],"_links":{"self":[{"href":"http:\/\/www.slineamt.ro\/apostolul\/wp-json\/wp\/v2\/posts\/25391","targetHints":{"allow":["GET"]}}],"collection":[{"href":"http:\/\/www.slineamt.ro\/apostolul\/wp-json\/wp\/v2\/posts"}],"about":[{"href":"http:\/\/www.slineamt.ro\/apostolul\/wp-json\/wp\/v2\/types\/post"}],"author":[{"embeddable":true,"href":"http:\/\/www.slineamt.ro\/apostolul\/wp-json\/wp\/v2\/users\/1"}],"replies":[{"embeddable":true,"href":"http:\/\/www.slineamt.ro\/apostolul\/wp-json\/wp\/v2\/comments?post=25391"}],"version-history":[{"count":1,"href":"http:\/\/www.slineamt.ro\/apostolul\/wp-json\/wp\/v2\/posts\/25391\/revisions"}],"predecessor-version":[{"id":25393,"href":"http:\/\/www.slineamt.ro\/apostolul\/wp-json\/wp\/v2\/posts\/25391\/revisions\/25393"}],"wp:attachment":[{"href":"http:\/\/www.slineamt.ro\/apostolul\/wp-json\/wp\/v2\/media?parent=25391"}],"wp:term":[{"taxonomy":"category","embeddable":true,"href":"http:\/\/www.slineamt.ro\/apostolul\/wp-json\/wp\/v2\/categories?post=25391"},{"taxonomy":"post_tag","embeddable":true,"href":"http:\/\/www.slineamt.ro\/apostolul\/wp-json\/wp\/v2\/tags?post=25391"}],"curies":[{"name":"wp","href":"https:\/\/api.w.org\/{rel}","templated":true}]}}