{"id":25683,"date":"2024-05-27T18:04:09","date_gmt":"2024-05-27T18:04:09","guid":{"rendered":"https:\/\/www.slineamt.ro\/apostolul\/?p=25683"},"modified":"2024-05-27T18:04:09","modified_gmt":"2024-05-27T18:04:09","slug":"centenar-alexei-marinat","status":"publish","type":"post","link":"http:\/\/www.slineamt.ro\/apostolul\/lectia-de-istorie\/centenar-alexei-marinat\/","title":{"rendered":"CENTENAR Alexei MARINAT"},"content":{"rendered":"<div class=\"wp-block-image\">\n<figure class=\"alignleft size-full is-resized\"><a href=\"http:\/\/www.slineamt.ro\/apostolul\/wp-content\/uploads\/2024\/05\/10-ap272-foto1.jpg\"><img loading=\"lazy\" decoding=\"async\" width=\"209\" height=\"265\" src=\"http:\/\/www.slineamt.ro\/apostolul\/wp-content\/uploads\/2024\/05\/10-ap272-foto1.jpg\" alt=\"\" class=\"wp-image-25684\" style=\"width:254px;height:auto\" srcset=\"http:\/\/www.slineamt.ro\/apostolul\/wp-content\/uploads\/2024\/05\/10-ap272-foto1.jpg 209w, http:\/\/www.slineamt.ro\/apostolul\/wp-content\/uploads\/2024\/05\/10-ap272-foto1-160x203.jpg 160w\" sizes=\"auto, (max-width: 209px) 100vw, 209px\" \/><\/a><\/figure>\n<\/div>\n\n\n<p>Prozator, nuvelist, romancier, dramaturg \u015fi publicist, Alexei MARINAT a fost supranumit \u015fi \u201eSoljeni\u0163\u00e2n al Basarabiei\u201d.<\/p>\n\n\n\n<p>Familia sa a trecut prin suferin\u0163ele groaznice ale foametei organizate de la \u00eenceputul anilor 1930, atunci c\u00e2nd colectivizarea for\u0163at\u0103 i-a l\u0103sat f\u0103r\u0103 cas\u0103, \u00een plin\u0103 iarn\u0103, \u015fi mama scriitorului a fost nevoit\u0103 s\u0103 nasc\u0103 ultimul copil al familiei sub privirile celorlal\u0163i copii, \u00een frig, direct pe z\u0103pad\u0103. Tat\u0103l scriitorului a fost persecutat, arestat \u00een timpul marii terori din 1937, apoi eliberat \u015fi l\u0103sat s\u0103 se \u00eentoarc\u0103 acas\u0103 peste doi ani, f\u0103r\u0103 s\u0103 afle motivul pentru care a fost supus terorii autorit\u0103\u0163ilor bol\u015fevice.<\/p>\n\n\n\n<p>Alexei Marinat a luptat \u00een cel de-Al Doilea R\u0103zboi Mondial, a fost r\u0103nit \u015fi decorat cu patru distinc\u0163ii sovietice, printre care Ordinul \u201eSteaua Ro\u015fie\u201d, pentru vitejia de care a dat dovad\u0103 pe c\u00e2mpul de lupt\u0103. \u00cen 1946 se \u00eenscrie la Universitatea de Stat din Chi\u015fin\u0103u, la Facultatea de Filologie. Peste un an, \u00een 1947, este pus sub urm\u0103rire \u015fi, \u00een scurt timp, cu \u201eajutorul\u201d unor colegi de facultate, organele de represiune politic\u0103 afl\u0103 despre existen\u0163a unui jurnal secret, cu titlul \u201eEu \u015fi lumea\u201d, \u00een care Alexei Marinat \u00ee\u015fi exprim\u0103 liber g\u00e2ndurile \u015fi vorbe\u015fte despre nedrept\u0103\u0163ile regimului stalinist. Este exmatriculat imediat de la universitate, judecat \u015fi condamnat la zece ani de deten\u0163ie \u00een Gulag. O bun\u0103 parte din perioada sa de deten\u0163ie decurge \u00een lag\u0103rul special nr. 7 (nume de cod \u201eOzerlag\u201d), colonia nr. 3, la kilometrul 173 al c\u0103ii ferate Tai\u015fet\u2013Bratsk. Dup\u0103 \u015fapte ani \u015fi jum\u0103tate, este eliberat (\u00een noiembrie 1954). La 5 noiembrie 1955 este achitat de Tribunalul Militar din Odessa.<\/p>\n\n\n\n<p>Soarta lui Alexei Marinat are anumite similitudini cu cea a scriitorului rus Aleksandr Soljeni\u0163\u00e2n, condamnat \u015fi el la zece ani de Gulag.<\/p>\n\n\n<div class=\"wp-block-image\">\n<figure class=\"alignright size-full is-resized\"><a href=\"http:\/\/www.slineamt.ro\/apostolul\/wp-content\/uploads\/2024\/05\/10-ap272-foto2.jpg\"><img loading=\"lazy\" decoding=\"async\" width=\"454\" height=\"237\" src=\"http:\/\/www.slineamt.ro\/apostolul\/wp-content\/uploads\/2024\/05\/10-ap272-foto2.jpg\" alt=\"\" class=\"wp-image-25685\" style=\"width:378px;height:auto\" srcset=\"http:\/\/www.slineamt.ro\/apostolul\/wp-content\/uploads\/2024\/05\/10-ap272-foto2.jpg 454w, http:\/\/www.slineamt.ro\/apostolul\/wp-content\/uploads\/2024\/05\/10-ap272-foto2-300x157.jpg 300w, http:\/\/www.slineamt.ro\/apostolul\/wp-content\/uploads\/2024\/05\/10-ap272-foto2-260x136.jpg 260w, http:\/\/www.slineamt.ro\/apostolul\/wp-content\/uploads\/2024\/05\/10-ap272-foto2-160x84.jpg 160w\" sizes=\"auto, (max-width: 454px) 100vw, 454px\" \/><\/a><\/figure>\n<\/div>\n\n\n<p>Dup\u0103 ce este eliberat, \u00ee\u015fi reia studiile, \u00eenscriindu-se la Facultatea de Filologie a Institutului Pedagogic \u201eI. Creang\u0103\u201d din Chi\u015fin\u0103u, pe care o absolv\u0103 \u00een 1959. \u00cen aceea\u015fi perioad\u0103 este redactor la publica\u0163iile \u201eTinerimea Moldovei\u201d \u015fi \u201eChip\u0103ru\u015f\u201d. \u00centre anii 1971-1984 a fost consultant literar la Uniunea Scriitorilor din Moldova. De prin anii 1970, a colaborat cu Studioul \u201eMoldova-Film\u201d, apoi \u015fi cu televiziunea, cre\u00e2nd scenarii umoristice pentru mai multe emisiuni, printre care \u015fi emisiunea televizat\u0103 \u201eTeatrul de miniaturi\u201d.<\/p>\n\n\n\n<p>Public\u0103 pentru prima dat\u0103 \u00een 1991, fragmentar, din acel jurnal din 1944 pentru care a fost deportat, dar \u00eel redacteaz\u0103 av\u00e2nd deja o experien\u0163\u0103 vast\u0103 \u00een literatur\u0103 (volumul \u201eScrieri alese\u201d, ap\u0103rut la Editura \u201eHyperion\u201d). A fost sigurul jurnal de scriitor \u0163inut la zi \u00een acea perioad\u0103 de trist\u0103 pomin\u0103 a Basarabiei, reintrat\u0103 sub teroarea stalinist\u0103, c\u0103reia i se ad\u0103ug\u0103 o foamete cumplit\u0103 provocat\u0103 artificial de acela\u015fi regim. \u00cen volum, memoriile sale v\u0103d lumina tiparului abia \u00een 1999, la Editura Uniunii Scriitorilor. Ulterior, mai apar c\u00e2teva edi\u0163ii ale acestui jurnal, la diferite edituri, ultima dat\u00e2nd din 2023. Volumul \u201eC\u0103l\u0103torii \u00een jurul omului\u201d (2004) este o culegere de texte \u00een care Alexei Marinat contureaz\u0103 momente din perioada afl\u0103rii sale \u00een deten\u0163ie, dar \u015fi din cariera sa de publicist, prozator, critic literar.<\/p>\n\n\n\n<p>Pentru activitate literar\u0103, dar \u015fi pentru activism civic, Alexei Marinat a fost distins \u00een 1993 cu titlul onorific \u201eMaestru al literaturii\u201d. I se desemneaz\u0103 \u201eOrdinul Republicii\u201d \u00een 1996, iar \u00een 2000 Premiul Na\u0163ional \u00een domeniul literaturii \u015fi artei din Moldova \u015fi Ordinul Na\u021bional \u201eServiciul Credincios\u201d, acordat de pre\u015fedintele Rom\u00e2niei.<\/p>\n\n\n\n<p>(<strong>N. R.<\/strong> \u2013 Preluare din <strong>Biblioteca na\u0163ional\u0103 a R. Moldova<\/strong> \u2013 <em>Calendar na\u0163ional, 2024<\/em>)<\/p>\n\n\n\n<p><strong><em>Ana STRU\u0162\u0102<\/em><\/strong><\/p>\n","protected":false},"excerpt":{"rendered":"<p>Prozator, nuvelist, romancier, dramaturg \u015fi publicist, Alexei MARINAT a fost supranumit \u015fi \u201eSoljeni\u0163\u00e2n al Basarabiei\u201d. Familia sa a trecut prin suferin\u0163ele groaznice ale foametei organizate de la \u00eenceputul anilor 1930, atunci c\u00e2nd colectivizarea for\u0163at\u0103 i-a l\u0103sat f\u0103r\u0103 cas\u0103, \u00een plin\u0103&hellip;<\/p>\n<p class=\"more-link-p\"><a class=\"more-link\" href=\"http:\/\/www.slineamt.ro\/apostolul\/lectia-de-istorie\/centenar-alexei-marinat\/\">Read more &rarr;<\/a><\/p>\n","protected":false},"author":1,"featured_media":0,"comment_status":"open","ping_status":"closed","sticky":false,"template":"","format":"standard","meta":{"footnotes":""},"categories":[6,482],"tags":[],"class_list":["post-25683","post","type-post","status-publish","format-standard","hentry","category-lectia-de-istorie","category-numarul-272"],"_links":{"self":[{"href":"http:\/\/www.slineamt.ro\/apostolul\/wp-json\/wp\/v2\/posts\/25683","targetHints":{"allow":["GET"]}}],"collection":[{"href":"http:\/\/www.slineamt.ro\/apostolul\/wp-json\/wp\/v2\/posts"}],"about":[{"href":"http:\/\/www.slineamt.ro\/apostolul\/wp-json\/wp\/v2\/types\/post"}],"author":[{"embeddable":true,"href":"http:\/\/www.slineamt.ro\/apostolul\/wp-json\/wp\/v2\/users\/1"}],"replies":[{"embeddable":true,"href":"http:\/\/www.slineamt.ro\/apostolul\/wp-json\/wp\/v2\/comments?post=25683"}],"version-history":[{"count":1,"href":"http:\/\/www.slineamt.ro\/apostolul\/wp-json\/wp\/v2\/posts\/25683\/revisions"}],"predecessor-version":[{"id":25686,"href":"http:\/\/www.slineamt.ro\/apostolul\/wp-json\/wp\/v2\/posts\/25683\/revisions\/25686"}],"wp:attachment":[{"href":"http:\/\/www.slineamt.ro\/apostolul\/wp-json\/wp\/v2\/media?parent=25683"}],"wp:term":[{"taxonomy":"category","embeddable":true,"href":"http:\/\/www.slineamt.ro\/apostolul\/wp-json\/wp\/v2\/categories?post=25683"},{"taxonomy":"post_tag","embeddable":true,"href":"http:\/\/www.slineamt.ro\/apostolul\/wp-json\/wp\/v2\/tags?post=25683"}],"curies":[{"name":"wp","href":"https:\/\/api.w.org\/{rel}","templated":true}]}}