{"id":25757,"date":"2024-06-24T13:23:38","date_gmt":"2024-06-24T13:23:38","guid":{"rendered":"https:\/\/www.slineamt.ro\/apostolul\/?p=25757"},"modified":"2024-06-24T13:23:38","modified_gmt":"2024-06-24T13:23:38","slug":"rememorari-nemtene-luna-iunie-2024","status":"publish","type":"post","link":"http:\/\/www.slineamt.ro\/apostolul\/lectia-de-istorie\/rememorari-nemtene-luna-iunie-2024\/","title":{"rendered":"REMEMOR\u0102RI NEM\u021aENE \u2013 Luna iunie 2024"},"content":{"rendered":"\n<p><\/p>\n\n\n\n<p>\u25a0 iunie 1907 \u2013 d. <strong>Chiriac Nicolau<\/strong>, la M\u0103n\u0103stirea Neam\u0163 (n. 1839, Piatra-Neam\u0163), tat\u0103l, preot la Biserica \u201ePrecista\u201d din Piatra, l-a dus la M\u0103n\u0103stirea Secu pentru a \u00eenv\u0103\u0163a carte. A fost trimis la M\u0103n\u0103stirea Neam\u0163; a participat la R\u0103zboiul de Independen\u0163\u0103. Dup\u0103 r\u0103zboi, revizor al bisericilor din Dobrogea, a luptat pentru introducerea limbii rom\u00e2ne \u00een serviciul divin; pentru organizarea \u00eenv\u0103\u0163\u0103m\u00e2ntului laic, iar Regele Carol I l-a decorat cu \u201eSteaua Rom\u00e2niei\u201d. A ctitorit o nou\u0103 \u015fcoal\u0103 \u00een satul V\u00e2n\u0103tori-Neam\u0163. (8. 10. 1895) \u015fi a pus bazele primei biblioteci rurale din Jude\u0163ul Neam\u0163 (condus\u0103 de inimosul Constantin I. Oancea, din 13. 06. 1948 \u2013 p\u00e2n\u0103 la decesul s\u0103u).<\/p>\n\n\n\n<p>\u25a0 iunie 1934 \u2013 n. <strong>Constantin Avadanei<\/strong> la S\u0103rata, Dobreni, Neam\u0163 (d. 1994, Piatra-Neam\u0163), profesor. Cursurile primare \u015fi gimnaziale la Dobreni, \u015ecoala Pedagogic\u0103 de B\u0103ie\u0163i din Piatra-Neam\u0163, Facultatea de Matematic\u0103-Fizic\u0103 din Ia\u015fi. \u00cenv\u0103\u0163\u0103tor la D\u0103muc, apoi profesor la Liceul \u201ePetru Rare\u015f\u201d din Piatra-Neam\u0163. A fost pre\u015fedinte al filialei Neam\u0163 a S. \u015e. M. A publicat articole \u00een \u201eGazeta de matematic\u0103\u201d. Autor (colab.): \u201eDe la matematica elementar\u0103 spre matematica superioar\u0103\u201d, 1987.<\/p>\n\n\n\n<p>\u25a0 1\/1946 \u2013 n. <strong>Petru\u015f Andrei<\/strong>, la Go\u015fmani, Neam\u0163, profesor, scriitor. Absolvent al Liceului \u201ePetru Rare\u015f\u201d din Piatra-Neam\u0163 \u015fi al Facult\u0103\u0163ii de Filologie Ia\u015fi, a predat, p\u00e2n\u0103 la pensionare, la Liceul din Puie\u015fti, Vaslui. Redactor la mai multe publica\u0163ii (\u201eVis\u0103torii\u201d, \u201eAmurg sentimental\u201d, \u201eDor de dor\u201d). Colaborator la: \u201eDacia literar\u0103\u201d, \u201eConvorbiri literare\u201d, \u201eCronica\u201d, \u201eCuv\u00e2ntul adev\u0103rului\u201d (Canada). C\u0103r\u0163i: \u201eDesc\u00e2ntece de inim\u0103 rea\u201d, \u201eFloare de jar\u201d, \u201eFlac\u0103ra de veghe\u201d, \u201eC\u00e2ntecul toamnei\u201d, \u201eMierea din trestii de cuv\u00e2nt\u201d, \u201ePoeme t\u00e2rzii\u201d, \u201e101 sonete\u201d, \u201eCrepuscul de miere\u201d, \u201e\u00centr-un cr\u00e2ng de neuit\u0103ri\u201d \u015f. a. Numeroase premii na\u0163ionale \u015fi interna\u0163ionale. Cet\u0103\u0163ean de onoare al comunei Puie\u015fti.<\/p>\n\n\n\n<p>\u25a0 3. 06. 1899 \u2013 d. <strong>Constantin Gh. \u015eoarec<\/strong> (n 1837, Piatra), primar (1876), deputat \u015fi senator. A urmat cursurile \u015ecolii Domne\u015fti \u015fi ale Seminarului de la Socola. A fost unul dintre cei mai boga\u0163i oameni din Piatra-Neam\u0163, a sprijinit Unirea \u015fi reformele lui Alexandru Ioan Cuza; ca primar a contribuit la sus\u0163inerea R\u0103zboiului pentru Independen\u0163\u0103, iar despre activitatea sa s-a scris \u00een \u201eR\u0103zboiul\u201d \u015fi \u00een \u201eCoresponden\u0163ia provincial\u201d, au vorbit I. C, Br\u0103tianu \u015fi Mihail Kog\u0103lniceanu. Dup\u0103 mandatul de primar a fost ales deputat, apoi senator.<\/p>\n\n\n\n<p>\u25a0 3\/1943 \u2013 n. <strong>Vasile Vasile<\/strong>, la Borle\u015fti, Neam\u0163, profesor, dirijor, muzicolog. Absolvent al Seminarului Teologic de la M\u0103n\u0103stirea Neam\u0163, al Conservatorului de Muzic\u0103 \u201eGheorghe Dima\u201d din Cluj (1971) \u015fi al Facult\u0103\u0163ii de Filologie a Universit\u0103\u0163ii din Ia\u015fi (1974); doctor \u00een pedagogie (1993) \u015fi \u00een muzicologie (1994). Profesor \u00een Bac\u0103u \u015fi Piatra-Neam\u0163; fondator, director al \u015ecolii Populare din Piatra-Neam\u0163, cercet\u0103tor \u015ftiin\u0163ific la Institutul de \u015etiin\u0163e ale Educa\u0163iei, conferen\u0163iar la Universitatea Na\u0163ional\u0103 de Muzic\u0103, profesor la Facultatea de Teologie din Pite\u015fti. Scrieri: \u201eIubirea de mo\u015fie e un zid\u201d, \u201eProfiluri de muzicieni rom\u00e2ni, sec. XIX-XX, I\u201d, \u201eGavriil Galinescu \u2013 reprezentant de seam\u0103 al muzicii rom\u00e2ne\u015fti\u201d.<\/p>\n\n\n\n<p>\u25a0 <strong>Violeta-Simina MO\u015eU<\/strong> (n. 5 iunie 1974, Piatra-Neam\u0163). Facultatea de Educa\u0163ie Fizic\u0103 \u015fi Sport a Universit\u0103\u0163ii \u201eVasile Alecsandri\u201d, Bac\u0103u (2003). Master \u00een Cultur\u0103 \u015fi Literatur\u0103 Rom\u00e2n\u0103, Facultatea de Litere a Universit\u0103\u0163ii \u201eVasile Alecsandri\u201d, Bac\u0103u (2021). Membru al UZPR (Uniunea Ziari\u015ftilor Profesioni\u015fti din Rom\u00e2nia) din 2019. Declarat\u0103 ziaristul cultural al anului 2016, la <em>Gala Superlativele Culturii Nem\u0163ene<\/em>. Bibliotecar la Biblioteca Jude\u0163ean\u0103<em> G. T. Kirileanu Neam\u0163<\/em> (din septembrie 2017). Administreaz\u0103 din noiembrie 2017 publica\u0163ia on-line <em>Dor de Neam\u0163<\/em>. Redactor al revistei <em>Apostolul<\/em> (din 2017). C\u0103r\u0163i publicate: <em>Piatra-Neam\u0163, ieri<\/em>, Biblioteca Jude\u0163ean\u0103 <em>G.T. Kirileanu<\/em> Neam\u0163, 2020; <em>Festivalul de teatru Piatra-Neam\u0163, 1969-2019<\/em>, Editura Nona, 2021(coautoare).<\/p>\n\n\n\n<p>\u25a0 12. 06. 1962 \u2013 n. <strong>Petru Vamanu<\/strong>, la Negre\u015fti, Neam\u0163, artist plastic. A absolvit Liceul de Art\u0103 din Bac\u0103u. \u00centre 1981 \u015fi 2014, a participat la numeroase expozi\u0163ii de grup: Bac\u0103u (1981), Piatra-Neam\u0163 (1984, 1993), Boto\u015fani (1988), precum \u015fi la Taberele de crea\u0163ie de la Dumbrava, Neam\u0163 (1991) \u015fi Potoci, Neam\u0163 (1992, 1993). A pictat mai multe biserici.<\/p>\n\n\n\n<p>\u25a0 13\/1878 \u2013 n. <strong>Petru Gheorgheasa<\/strong>, la Cot\u00e2rga\u015fi, Bro\u015fteni, Neam\u0163 (d. 18. 11. 1944, \u00een refugiu, Port\u0103re\u015fti, Giurgiu), \u00eenv\u0103\u0163\u0103tor, folclorist. A absolvit \u015ecoala Normal\u0103 \u201eVasile Lupu\u201d, Ia\u015fi. A fost \u00eenv\u0103\u0163\u0103tor la mai multe \u015fcoli, revizor \u015fi inspector \u015fcolar. Colabor\u0103ri: \u201e\u015eez\u0103toarea\u201d, \u201eVremea nou\u0103\u201d, \u201eIon Creang\u0103\u201d, \u201eDe\u015fteptarea s\u0103tenilor\u201d, \u201eCalendarul s\u0103tenilor\u201d, \u201eRevista \u00eenv\u0103\u0163\u0103torilor\u201d, \u201eAlmanahul \u00eenv\u0103\u0163\u0103torilor\u201d. Autor de manuale \u015fcolare \u00een colaborare cu Mihail Sadoveanu, Constantin Stan, Simion T. Kirileanu. Volume de folclor: \u201eC\u00e2ntece populare potrivnice be\u0163iei\u201d, 1902, \u201eObiceiuri de Cr\u0103ciun \u015fi Anul Nou\u201d, 1928.<\/p>\n\n\n\n<p>\u25a0 13\/1949 \u2013 n. <strong>Eugen Ste\u0163cu<\/strong>, la Roman, poet format \u00een cenaclurile literare \u201eCezar Petrescu\u201d \u015fi \u201ePanait Mu\u015foiu\u201d din ora\u015ful natal. Este fiul cunoscutului profesor, istoric \u015fi criticul literar Neculai Gr. Ste\u0163cu. Debut (1996) cu placheta \u201eMitologii \u015fi sentimente\u201d, cu o prefa\u0163\u0103 de Eugen Simion, urmat\u0103 de \u201ePe vocala unui zeu\u201d, 2005 \u015fi \u201eP\u00e2nza mov a obsesiei\u201d, 2012.<\/p>\n\n\n\n<p>\u25a0 14\/1884 \u2013 n. <strong>Ioachim Botez<\/strong>, la Bistricioara, Neam\u0163 (d. 12. 06. 1956, Bucure\u015fti), profesor, prozator. \u015ecoala primar\u0103 \u00een satul natal, Liceul \u201eDimitrie Cantemir\u201d \u015fi Facultatea de Litere \u015fi Filosofie din Bucure\u015fti. A predat la Liceul \u201ePetru Rare\u015f\u201d din Piatra-Neam\u0163, apoi la o \u015fcoal\u0103 din Bucure\u015fti. Colabor\u0103ri: \u201eFoaia popular\u0103\u201d, \u201eAnuarul Liceului \u00abPetru Rare\u015f\u00bb\u201d, \u201eCurentul\u201d. Cartea sa \u201e\u00censemn\u0103rile unui belfer\u201d, ce re\u0163ine aten\u0163ia lui Pompiliu Constantinescu \u015fi Eugen Lovinescu, \u00eel anun\u0163\u0103 \u201eun mare prozator \u00een devenire\u201d. Volumele de dup\u0103 1944 pl\u0103tesc tribut sistemului politic al vremii: \u201eSchi\u0163e \u015fi \u00eensemn\u0103ri din \u015fcoala de ieri \u015fi de azi\u201d; \u201eDup\u0103 o jum\u0103tate de veac\u201d; \u201eDe azi \u015fi de demult\u201d; \u201ePrin Bucure\u015fti odinioar\u0103 \u015fi ast\u0103zi\u201d \u015f. a.<\/p>\n\n\n\n<p>\u25a0 14\/1961 \u2013 n. <strong>Radu Florescu<\/strong>, la Sabasa, Borca, Neam\u0163, poet. A absolvit Liceul \u201eMihail Sadoveanu\u201d din Borca. Debut \u00een Revista \u201eAmfiteatru\u201d (1982), dup\u0103 unele surse, \u00een \u201eAteneu\u201d (8\/1983), apoi \u00een volumul colectiv \u201ePoeme singure\u201d, 1989. Alte c\u0103r\u0163i de poezie: \u201eCamera liturgic\u0103\u201d; \u201eSatrapia\u201d, \u201eCasa din care ies\u201d; \u201eNegru transparent\u201d; \u201eR\u0103u de p\u0103m\u00e2nt\u201d; \u201eProb\u0103 de via\u0163\u0103\u201d; \u201ePoeme singure\u201d, antologie. Membru al U. S. Premiul Colocviilor de Poezie de la Neam\u0163, premiile revistelor: \u201eConvorbiri literare\u201d \u015fi \u201eHyperion\u201d, ale Festivalurilor de Poezie: \u201eMarin Sorescu\u201d \u015fi \u201eGeorge Co\u015fbuc\u201d, Premiul Uniunii Scriitorilor din Rom\u00e2nia, Filiala Ia\u015fi, 2008.<\/p>\n\n\n\n<p>\u25a0 15\/1903 \u2013 n. <strong>Victor Brauner<\/strong>, la Piatra-Neam\u0163 (d. 1966, Paris), artist plastic. Scurt timp a frecventat \u015ecoala de Belle Arte Bucure\u015fti. Debut: prima expozi\u0163ie personal\u0103 la Galeria \u201eMozart\u201d (1924). Particip\u0103 la editarea revistelor avangardiste \u201e75 H. P.\u201d \u015fi \u201eIntegral\u201d. \u00cen revista \u201eunu\u201d public\u0103 ilustra\u0163ii \u015focante. Se stabile\u015fte la Paris, ia contact cu avangarda (1930) \u015fi realizeaz\u0103 \u201eAutoportret f\u0103r\u0103 un ochi\u201d. Expune la Galeriile \u201ePierre\u201d, catalog prefa\u0163at de Andr\u00e9 Breton (1934). Membru al Partidului Comunist, \u00een ilegalitate (un an 1935). \u00cencepe seria picturilor somnambul-erotice (1938). Dup\u0103 un refugiu \u00een Pirinei \u015fi Alpi, \u00een 1945, revine la Paris, picteaz\u0103 cele \u015fapte p\u00e2nze ce vor fi nucleul expozi\u0163iei de la Galeria \u201ePiere Loeb\u201d, Paris. Va fi exclus din \u201eGrupul Suprarealist\u201d. \u00cen 1966, reprezint\u0103 Fran\u0163a la Bienala de la Vene\u0163ia. Multe lucr\u0103ri sunt la Muzeul de Art\u0103 Modern\u0103 din Paris.<\/p>\n\n\n\n<p>\u25a0 16\/1884 \u2013 n. <strong>Nicolae I. D\u0103sc\u0103lescu<\/strong>, la C\u0103ciule\u015fti, Neam\u0163 (d. 28. 09. 1969, Piatra-Neam\u0163), general de corp de armat\u0103. Absolvent al \u015ecolii de Ofi\u0163eri de Artilerie \u015fi Geniu, din Bucure\u015fti \u015fi al \u015ecolii Superioare de R\u0103zboi. S-a distins \u00een timpului Primului R\u0103zboi Mondial \u00een luptele de la Sl\u0103nic-Moldova \u015fi Cire\u015foaia. Particip\u0103 la Al Doilea R\u0103zboi Mondial pe diferite fronturi. \u00cen timpul regimului comunist, a fost arestat \u015fi umilit, drept pentru care, dup\u0103 eliberare, c\u00e2nd se va \u00eencerca reabilitarea sa, va refuza orice onoruri. Func\u0163ii: secretar general al Ministerului Ap\u0103r\u0103rii, comandant de divizie, de Corp de Armat\u0103, de Armat\u0103.<\/p>\n\n\n\n<p>\u25a0 18\/1938 \u2013 n. <strong>Paul Findrihan<\/strong> la Icu\u015fe\u015fti, Roman (d. 22. 07. 2004, Piatra-Neam\u0163), profesor, publicist. A absolvit Liceul \u201eRoman-Vod\u0103\u201d, Facultatea de Filologie- Istorie a Universit\u0103\u0163ii Bucure\u015fti (1960), profesor \u015fi director la S\u0103b\u0103oani, Neam\u0163, referent \u015fi secretar literar al T. T. din Piatra-Neam\u0163 (1966-1998). A editat \u2013 singur sau \u00een colaborare: Caietele-program ale spectacolelor TT, Revista \u201eZigzag\u201d (1984-1989). A participat la realizarea unor manifest\u0103rii cu public, \u201eAntologia Scriitorilor Rom\u00e2ni Contemporani\u201d \u015fi \u201eColocviile critice\u201d. Colabor\u0103ri: Ziarul \u201eCeahl\u0103ul\u201d, revistele \u201eAsachi\u201d \u015fi \u201eApostolul\u201d.<\/p>\n\n\n\n<p>\u25a0 21\/1884 \u2013 n. <strong>Gheorghe M\u0103c\u0103rescu<\/strong>, la Girov, Neam\u0163 (d. 21 dec. 1953) numele s\u0103u este legat de construirea unor cl\u0103diri: a \u015ecolii Normale, a \u015ecolii Nr. 1 (azi, Muzeul de Art\u0103), a Teatrului \u015f. a. Dup\u0103 1944, persecutat, arestat (1951). A decedat \u00een penitenciar.<\/p>\n\n\n\n<p>\u25a0 21\/1949 \u2013 n. <strong>Dan Cepoi<\/strong>, la T\u00e2rgu-Neam\u0163 (d. 2008, Piatra-Neam\u0163), pictor. Absolvent al Facult\u0103\u0163ii de Arte Plastice, Ia\u015fi. Membru al U. A. P. \u00cen paralel cu activitatea didactic\u0103 la Piatra-Neam\u0163, expune permanent, \u00een cadrul expozi\u0163iilor colective, ocazionale sau anuale, \u015fi particip\u0103 la Taberele de pictur\u0103: Alma\u015f, V\u0103ratec, Dur\u0103u, Dumbrava. Este prezent \u00een selec\u0163iile Filialei Neam\u0163 a U. A. P. pentru expozi\u0163iile deschise la Ia\u015fi (1985), T\u00e2rgu-Mure\u015f \u015fi Piatra-Neam\u0163 (1987), Bucure\u015fti (1986), Bienala \u201eLasc\u0103r Vorel\u201d, Piatra-Neam\u0163. Au publicat reproduceri dup\u0103 lucr\u0103rile sale revistele: \u201eArta\u201d, \u201eOrizonturi rom\u00e2ne\u015fti\u201d, \u201eVatra\u201d. Prezent \u00een numeroase colec\u0163ii particulare din \u0163ar\u0103 \u015fi de peste hotare.<\/p>\n\n\n\n<p>\u25a0 27\/1951 \u2013 n. <strong>Lauren\u0163iu Dumitra\u015fcu<\/strong>, la Moine\u015fti, Bac\u0103u, arhitect, stabilit cu p\u0103rin\u0163ii la Bicaz (1958), apoi \u00een Piatra-Neam\u0163. Absolvent al Institutului de Arhitectur\u0103 \u201eIon Mincu\u201d. Membru al U. A. P. (1990). Diverse \u015fi multiple proiecte de amenajare a unor zone (B\u0103l\u0163\u0103te\u015fti, Bicaz, C. F. S. S\u0103vine\u015fti \u015f. a.). Lucr\u0103ri de art\u0103 monumental\u0103 (\u201eAnamorfoze\u201d), lucr\u0103ri de scenografie (spectacole: la TT, Teatrul Na\u0163ional din Ia\u015fi, Teatrul \u201eMihai Eminescu\u201d din Boto\u015fani \u015f. a.), proiecte de cons\u00adtruc\u0163ii \u00een \u0163ar\u0103 \u015fi \u00een str\u0103in\u0103tate.<\/p>\n\n\n\n<p>\u25a0 28\/1912 \u2013 n. <strong>Sergiu Celibidache<\/strong>, la Roman (d. 14. 08. 1996, l\u00e2ng\u0103 Paris), muzician, compozitor, membru de onoare al Academiei Rom\u00e2ne. A absolvit liceul \u00een ora\u015ful natal, se consacr\u0103 muzicii. Pleac\u0103 la Berlin unde studiaz\u0103 la \u015ecoala de \u00cenalte Studii Muzicale (1936), unde va debuta (1945) la pupitrul Filarmonicii. Dirijeaz\u0103 cu regularitate renumite orchestre simfonice europene; \u0163ine cursuri de perfec\u0163ionare \u00een arta dirijoral\u0103 la Academia Musical\u0103 din Siena (1960-1962), iar mai t\u00e2rziu la Fontainebleau \u015fi la M\u00fcnchen pentru tineri dirijori. Autorul unui \u201eRequiem\u201d, a patru simfonii \u015fi al unui Concert pentru pian \u015fi orchestr\u0103, r\u0103mase \u00een cea mai mare parte inedite. A condus Orchestra Filarmonic\u0103 din Paris (din 1969), director al Filarmonicii din M\u00fcnchen (din 1979), pe care o va dirija \u015fi la Ateneul Rom\u00e2n (1978 \u015fi 1990).<\/p>\n\n\n\n<p>\u25a0 29\/1907 \u2013 n. <strong>Mihai Avadanei<\/strong>, la Dobreni, Neam\u0163 (d. 20. 08. 1977, Ia\u015fi), profesor universitar, doctor \u00een \u015ftiin\u0163e pedagogice (1969). \u00cen 1942, \u00eempreun\u0103 cu Mihail Madgearu, scoate ziarul \u201eCeahl\u0103ul\u201d. Fost elev al \u015ecolii Normale \u201eGheorghe Asachi\u201d din Piatra-Neam\u0163 (1924) va deveni \u00eenv\u0103\u0163\u0103tor (Magazia, Cr\u0103c\u0103oani; S\u0103rata, Dobreni \u015fi Piatra-Neam\u0163). Dup\u0103 absolvirea Facult\u0103\u0163ii de Filozofie, din Ia\u015fi (1946-1950), devine asistent (1950-1957), lector, conferen\u0163iar la Conservatorul \u201eGeorge Enescu\u201d \u015fi la Institutul Agronomic \u201eIon Ionescu dela Brad\u201d (1966-1974). Articole \u015fi studii \u00een \u201eRevista de pedagogie\u201d. Contribuie la elaborarea \u201eIstoriei pedagogiei rom\u00e2ne\u015fti\u201d.<\/p>\n\n\n\n<p>(<strong>N. R.<\/strong> \u2013 Prelucrare dup\u0103 <em>Personalit\u0103\u0163i ale culturii din jude\u0163ul Neam\u0163, un calendar alc\u0103tuit de Constantin Tom\u015fa<\/em>, Editura Crigarux&amp;Cetatea Doamnei, Piatra-Neam\u0163, 2014).<\/p>\n","protected":false},"excerpt":{"rendered":"<p>\u25a0 iunie 1907 \u2013 d. Chiriac Nicolau, la M\u0103n\u0103stirea Neam\u0163 (n. 1839, Piatra-Neam\u0163), tat\u0103l, preot la Biserica \u201ePrecista\u201d din Piatra, l-a dus la M\u0103n\u0103stirea Secu pentru a \u00eenv\u0103\u0163a carte. A fost trimis la M\u0103n\u0103stirea Neam\u0163; a participat la R\u0103zboiul de&hellip;<\/p>\n<p class=\"more-link-p\"><a class=\"more-link\" href=\"http:\/\/www.slineamt.ro\/apostolul\/lectia-de-istorie\/rememorari-nemtene-luna-iunie-2024\/\">Read more &rarr;<\/a><\/p>\n","protected":false},"author":1,"featured_media":0,"comment_status":"open","ping_status":"closed","sticky":false,"template":"","format":"standard","meta":{"footnotes":""},"categories":[6,483],"tags":[],"class_list":["post-25757","post","type-post","status-publish","format-standard","hentry","category-lectia-de-istorie","category-numarul-273"],"_links":{"self":[{"href":"http:\/\/www.slineamt.ro\/apostolul\/wp-json\/wp\/v2\/posts\/25757","targetHints":{"allow":["GET"]}}],"collection":[{"href":"http:\/\/www.slineamt.ro\/apostolul\/wp-json\/wp\/v2\/posts"}],"about":[{"href":"http:\/\/www.slineamt.ro\/apostolul\/wp-json\/wp\/v2\/types\/post"}],"author":[{"embeddable":true,"href":"http:\/\/www.slineamt.ro\/apostolul\/wp-json\/wp\/v2\/users\/1"}],"replies":[{"embeddable":true,"href":"http:\/\/www.slineamt.ro\/apostolul\/wp-json\/wp\/v2\/comments?post=25757"}],"version-history":[{"count":1,"href":"http:\/\/www.slineamt.ro\/apostolul\/wp-json\/wp\/v2\/posts\/25757\/revisions"}],"predecessor-version":[{"id":25758,"href":"http:\/\/www.slineamt.ro\/apostolul\/wp-json\/wp\/v2\/posts\/25757\/revisions\/25758"}],"wp:attachment":[{"href":"http:\/\/www.slineamt.ro\/apostolul\/wp-json\/wp\/v2\/media?parent=25757"}],"wp:term":[{"taxonomy":"category","embeddable":true,"href":"http:\/\/www.slineamt.ro\/apostolul\/wp-json\/wp\/v2\/categories?post=25757"},{"taxonomy":"post_tag","embeddable":true,"href":"http:\/\/www.slineamt.ro\/apostolul\/wp-json\/wp\/v2\/tags?post=25757"}],"curies":[{"name":"wp","href":"https:\/\/api.w.org\/{rel}","templated":true}]}}