{"id":25854,"date":"2024-06-24T15:10:56","date_gmt":"2024-06-24T15:10:56","guid":{"rendered":"https:\/\/www.slineamt.ro\/apostolul\/?p=25854"},"modified":"2024-06-24T15:10:56","modified_gmt":"2024-06-24T15:10:56","slug":"ziua-sindicalistului-in-republica-moldova","status":"publish","type":"post","link":"http:\/\/www.slineamt.ro\/apostolul\/eveniment\/ziua-sindicalistului-in-republica-moldova\/","title":{"rendered":"ZIUA SINDICALISTULUI \u00een Republica Moldova"},"content":{"rendered":"<div class=\"wp-block-image\">\n<figure class=\"alignleft size-full is-resized\"><a href=\"http:\/\/www.slineamt.ro\/apostolul\/wp-content\/uploads\/2024\/06\/09-ap273-foto1.jpg\"><img loading=\"lazy\" decoding=\"async\" width=\"454\" height=\"207\" src=\"http:\/\/www.slineamt.ro\/apostolul\/wp-content\/uploads\/2024\/06\/09-ap273-foto1.jpg\" alt=\"\" class=\"wp-image-25855\" style=\"width:467px;height:auto\" srcset=\"http:\/\/www.slineamt.ro\/apostolul\/wp-content\/uploads\/2024\/06\/09-ap273-foto1.jpg 454w, http:\/\/www.slineamt.ro\/apostolul\/wp-content\/uploads\/2024\/06\/09-ap273-foto1-300x137.jpg 300w, http:\/\/www.slineamt.ro\/apostolul\/wp-content\/uploads\/2024\/06\/09-ap273-foto1-260x119.jpg 260w, http:\/\/www.slineamt.ro\/apostolul\/wp-content\/uploads\/2024\/06\/09-ap273-foto1-160x73.jpg 160w\" sizes=\"auto, (max-width: 454px) 100vw, 454px\" \/><\/a><\/figure>\n<\/div>\n\n\n<p>Stima\u0163i sindicali\u015fti, dragi colegi,<\/p>\n\n\n\n<p>\u00cen numele Federa\u0163iei Sindicale a Educa\u0163iei \u015fi \u015etiin\u0163ei, v\u0103 adresez cele mai sincere felicit\u0103ri cu prilejul Zilei Sindicalistului, marcat\u0103 anual la 7 iunie. Cu acest prilej, aduc omagiu \u015fi sincere cuvinte de recuno\u015ftin\u0163\u0103, apreciere \u015fi de mul\u0163umiri tuturor celor care activeaz\u0103 \u00een cadrul structurilor sindicale, veteranilor mi\u015fc\u0103rii sindicale, celor care contribuie zi de zi, cu d\u0103ruire \u015fi dedica\u0163ie, la promovarea \u015fi ap\u0103rarea drepturilor \u015fi intereselor omului muncii. V\u0103 doresc mult\u0103 s\u0103n\u0103tate, bun\u0103stare, cer senin \u015fi armonie \u00een familiile dumneavoastr\u0103, respect, apreciere profesional\u0103 \u015fi noi realiz\u0103ri.<\/p>\n\n\n\n<p>Mi\u015fcarea sindical\u0103 are nevoie de solidaritate pentru ca \u00eempreun\u0103, cot la cot, s\u0103 concentr\u0103m eforturile pentru a ob\u0163ine salarii decente, securitate la locul de munc\u0103, pentru o lume mai echitabil\u0103, pentru o bun\u0103stare real\u0103 a lucr\u0103torilor, pentru demnitate \u015fi oportunit\u0103\u0163i egale la locurile de munc\u0103.<\/p>\n\n\n\n<p>Echipa FSE\u015e, al\u0103turi de Centrele Sindicatele Na\u0163ional Ramurale, membre ale CNSM, se afl\u0103 permanent \u00een avangarda luptei pentru protejarea drepturilor \u015fi libert\u0103\u0163ilor angaja\u0163ilor, membrilor de sindicat, reprezent\u00e2nd lucr\u0103torii \u00een procedura de negociere \u015fi semnare a Conven\u0163iilor, Contractelor Colective de munc\u0103, promov\u00e2nd dialogul social \u015fi ap\u0103r\u00e2nd drepturile \u015fi interesele profesionale, economice, de munc\u0103 \u015fi sociale ale salaria\u0163ilor.<\/p>\n\n\n\n<p>Uni\u0163i prin misiune, vom fi puternici \u00een ac\u0163iune!<\/p>\n\n\n\n<p>Cu respect,<\/p>\n\n\n\n<p><strong><em>Ghenadie DONOS, Pre\u015fedinte Federa\u0163ia Sindical\u0103 a Educa\u0163iei \u015fi \u015etiin\u0163ei<\/em><\/strong><\/p>\n","protected":false},"excerpt":{"rendered":"<p>Stima\u0163i sindicali\u015fti, dragi colegi, \u00cen numele Federa\u0163iei Sindicale a Educa\u0163iei \u015fi \u015etiin\u0163ei, v\u0103 adresez cele mai sincere felicit\u0103ri cu prilejul Zilei Sindicalistului, marcat\u0103 anual la 7 iunie. Cu acest prilej, aduc omagiu \u015fi sincere cuvinte de recuno\u015ftin\u0163\u0103, apreciere \u015fi de&hellip;<\/p>\n<p class=\"more-link-p\"><a class=\"more-link\" href=\"http:\/\/www.slineamt.ro\/apostolul\/eveniment\/ziua-sindicalistului-in-republica-moldova\/\">Read more &rarr;<\/a><\/p>\n","protected":false},"author":1,"featured_media":0,"comment_status":"open","ping_status":"closed","sticky":false,"template":"","format":"standard","meta":{"footnotes":""},"categories":[18,483],"tags":[],"class_list":["post-25854","post","type-post","status-publish","format-standard","hentry","category-eveniment","category-numarul-273"],"_links":{"self":[{"href":"http:\/\/www.slineamt.ro\/apostolul\/wp-json\/wp\/v2\/posts\/25854","targetHints":{"allow":["GET"]}}],"collection":[{"href":"http:\/\/www.slineamt.ro\/apostolul\/wp-json\/wp\/v2\/posts"}],"about":[{"href":"http:\/\/www.slineamt.ro\/apostolul\/wp-json\/wp\/v2\/types\/post"}],"author":[{"embeddable":true,"href":"http:\/\/www.slineamt.ro\/apostolul\/wp-json\/wp\/v2\/users\/1"}],"replies":[{"embeddable":true,"href":"http:\/\/www.slineamt.ro\/apostolul\/wp-json\/wp\/v2\/comments?post=25854"}],"version-history":[{"count":1,"href":"http:\/\/www.slineamt.ro\/apostolul\/wp-json\/wp\/v2\/posts\/25854\/revisions"}],"predecessor-version":[{"id":25856,"href":"http:\/\/www.slineamt.ro\/apostolul\/wp-json\/wp\/v2\/posts\/25854\/revisions\/25856"}],"wp:attachment":[{"href":"http:\/\/www.slineamt.ro\/apostolul\/wp-json\/wp\/v2\/media?parent=25854"}],"wp:term":[{"taxonomy":"category","embeddable":true,"href":"http:\/\/www.slineamt.ro\/apostolul\/wp-json\/wp\/v2\/categories?post=25854"},{"taxonomy":"post_tag","embeddable":true,"href":"http:\/\/www.slineamt.ro\/apostolul\/wp-json\/wp\/v2\/tags?post=25854"}],"curies":[{"name":"wp","href":"https:\/\/api.w.org\/{rel}","templated":true}]}}