{"id":25857,"date":"2024-06-24T15:14:10","date_gmt":"2024-06-24T15:14:10","guid":{"rendered":"https:\/\/www.slineamt.ro\/apostolul\/?p=25857"},"modified":"2024-06-24T15:14:10","modified_gmt":"2024-06-24T15:14:10","slug":"granada-o-oportunitate-in-pregatirea-viitorilor-asistenti-medicali","status":"publish","type":"post","link":"http:\/\/www.slineamt.ro\/apostolul\/pasi-spre-europa\/granada-o-oportunitate-in-pregatirea-viitorilor-asistenti-medicali\/","title":{"rendered":"Granada \u2013 o oportunitate \u00een preg\u0103tirea viitorilor asisten\u0163i medicali"},"content":{"rendered":"<div class=\"wp-block-image\">\n<figure class=\"alignleft size-full is-resized\"><a href=\"http:\/\/www.slineamt.ro\/apostolul\/wp-content\/uploads\/2024\/06\/08-ap273-foto1.jpg\"><img loading=\"lazy\" decoding=\"async\" width=\"529\" height=\"397\" src=\"http:\/\/www.slineamt.ro\/apostolul\/wp-content\/uploads\/2024\/06\/08-ap273-foto1.jpg\" alt=\"\" class=\"wp-image-25858\" style=\"width:405px;height:auto\" srcset=\"http:\/\/www.slineamt.ro\/apostolul\/wp-content\/uploads\/2024\/06\/08-ap273-foto1.jpg 529w, http:\/\/www.slineamt.ro\/apostolul\/wp-content\/uploads\/2024\/06\/08-ap273-foto1-300x225.jpg 300w, http:\/\/www.slineamt.ro\/apostolul\/wp-content\/uploads\/2024\/06\/08-ap273-foto1-260x195.jpg 260w, http:\/\/www.slineamt.ro\/apostolul\/wp-content\/uploads\/2024\/06\/08-ap273-foto1-160x120.jpg 160w\" sizes=\"auto, (max-width: 529px) 100vw, 529px\" \/><\/a><\/figure>\n<\/div>\n\n\n<p>Este cunoscut faptul c\u0103 Erasmus+ reprezint\u0103 un program al Uniunii Europene \u00een domeniile educa\u0163iei, form\u0103rii profesionale, tineretului \u015fi sportului. Pentru urm\u0103toarea perioad\u0103, educa\u0163ia, formarea socio-profesional\u0103, tineretul \u015fi sportul pot avea o contribu\u0163ie major\u0103 la abordarea schimb\u0103rilor socio-economice, principalele provoc\u0103ri cu care Europa se va confrunta p\u00e2n\u0103 la sf\u00e2r\u015fitul deceniului, \u015fi la punerea \u00een aplicare a Strategiei Europa 2030 pentru cre\u015ftere economic\u0103, crearea locurilor de munc\u0103, echitate social\u0103 \u015fi incluziune profesional\u0103. Programul Erasmus+ este conceput cu scopul de a sprijini eforturile \u0163\u0103rilor participante de a utiliza \u00een mod eficient talentul uman \u015fi capitalul social al Europei, confirm\u00e2nd \u00een acela\u015fi timp principiul \u00eenv\u0103\u0163\u0103rii pe tot parcursul vie\u0163ii prin corelarea sprijinului acordat \u00eenv\u0103\u0163\u0103rii formale, non-formale \u015fi informale \u00een domeniile educa\u0163iei \u015fi form\u0103rii. Pe l\u00e2ng\u0103 toate acestea, obiectivul general al programului contribuie la realizarea dezvolt\u0103rii durabile a \u0163\u0103rilor partenere \u00een domeniul \u00eenv\u0103\u0163\u0103m\u00e2ntului, la dezvoltarea dimensiunii europene \u00een sport \u015fi promov\u0103rii valorilor europene.<\/p>\n\n\n\n<p>Aceast\u0103 ac\u0163iune-cheie sprijin\u0103 mobilitatea cursan\u0163ilor oferind oportunit\u0103\u0163i de \u00eenv\u0103\u0163are \u015fi\/sau experien\u0163\u0103 profesional\u0103 \u00een alte \u0163\u0103ri pentru elevi, studen\u0163i, stagiari, voluntari, cadre didactice universitare, formatori, lucr\u0103tori cu tineretul, personalul din institu\u0163iile de \u00eenv\u0103\u0163\u0103m\u00e2nt preuniversitar \u015fi organiza\u0163ii ale societ\u0103\u0163ii civile.<\/p>\n\n\n\n<p>\u00cen acest context, 16 elevi din anii I \u015fi II, specializ\u0103rile <em>asistent medical generalist<\/em> (12 elevi) \u015fi <em>asistent medical de farmacie<\/em> (4 elevi), de la \u015ecoala Postliceal\u0103 Sanitar\u0103 Piatra-Neam\u0163, au desf\u0103\u015furat un stagiu clinic de specialitate (preg\u0103tire practic\u0103 \u00een domeniul medical) \u00een perioada 23 aprilie \u2013 26 mai 2024, la 5 unit\u0103\u0163i din Granada (Spania). Este vorba de implementarea, de c\u0103tre unitatea \u015fcolar\u0103, \u00een calitate de beneficiar \u015fi coordonator, a proiectului Erasmus+ 2023-1-R001-KA121-VET-000128115, desf\u0103\u015furat \u00een perioada 1 iunie 2023 &#8211; 31 august 2024. Pe l\u00e2ng\u0103 cele 16 mobilit\u0103\u0163i ale elevilor, proiectul mai prevede participarea la cursuri de formare profesional\u0103 a 6 cadre didactice (diverse specialit\u0103\u0163i \u015fi management) \u015fi a 2 cadre didactice la activit\u0103\u0163i de mobilitate Job Shadowing. Acestea din urm\u0103 au avut loc \u00een intervalul 23-30 aprilie 2024, respectiv 14-21 mai 2024, la care au participat doi mai\u015ftri instructori de specialitate <em>Preg\u0103tire instruire practic\u0103 \u2013 asisten\u0163\u0103 medical\u0103 general\u0103<\/em>.<\/p>\n\n\n<div class=\"wp-block-image\">\n<figure class=\"alignright size-full is-resized\"><a href=\"http:\/\/www.slineamt.ro\/apostolul\/wp-content\/uploads\/2024\/06\/08-ap273-foto2.jpg\"><img loading=\"lazy\" decoding=\"async\" width=\"529\" height=\"397\" src=\"http:\/\/www.slineamt.ro\/apostolul\/wp-content\/uploads\/2024\/06\/08-ap273-foto2.jpg\" alt=\"\" class=\"wp-image-25859\" style=\"width:367px;height:auto\" srcset=\"http:\/\/www.slineamt.ro\/apostolul\/wp-content\/uploads\/2024\/06\/08-ap273-foto2.jpg 529w, http:\/\/www.slineamt.ro\/apostolul\/wp-content\/uploads\/2024\/06\/08-ap273-foto2-300x225.jpg 300w, http:\/\/www.slineamt.ro\/apostolul\/wp-content\/uploads\/2024\/06\/08-ap273-foto2-260x195.jpg 260w, http:\/\/www.slineamt.ro\/apostolul\/wp-content\/uploads\/2024\/06\/08-ap273-foto2-160x120.jpg 160w\" sizes=\"auto, (max-width: 529px) 100vw, 529px\" \/><\/a><\/figure>\n<\/div>\n\n\n<p>Pe sectorul de activitate Cuidado de Mayores\/Enfermeria, at\u00e2t elevii, c\u00e2t \u015fi cele dou\u0103 cadre didactice au desf\u0103\u015furat activit\u0103\u0163ile \u00een cadrul urm\u0103toarelor organiza\u0163ii: UED Ancha de Capuchinos, Centro de D\u00eda Mediterr\u00e1neo Maracena, Vitalia RGA Granada, Centro de d\u00eda Antares Hu\u00e9tor Vega, Asociaci\u00f3n de ayda para familiares y adultos con dependencia (AFAD) din Granada.<\/p>\n\n\n\n<p>Voi exemplifica doar prin c\u00e2teva impresii ale unora dintre participan\u0163i.<\/p>\n\n\n\n<p>&nbsp;<em>Acest stagiu clinic \u00een str\u0103in\u0103tate mi-a oferit \u015fansa de a primi o formare la nivelul standardelor europene a competen\u0163elor mele dar \u015fi \u00een domeniul de \u00eengrijire a persoanelor aflate \u00een dificultate. Mi-a oferit \u015fansa de a comunica cu persoane apar\u0163in\u00e2nd altor culturi, \u00eentruc\u00e2t \u00een ziua de ast\u0103zi perspectiva inter-cultural\u0103 este o condi\u0163ie a abord\u0103rilor profesionale \u00een \u00eengrijirile de nursing&#8230; Lucruri de care am r\u0103mas impresionat\u0103 \u015fi pe care nu le-am v\u0103zut \u00een Rom\u00e2nia, au fost activit\u0103\u0163ile pe care le f\u0103cea terapeutul ocupa\u0163ional cu b\u0103tr\u00e2nii de acolo (\u00eei punea s\u0103 efectueze diverse calcule, s\u0103 deseneze, s\u0103 practice jocuri educative). Cititul ziarului \u015fi gimnastica erau prezente la ordinea zilei. &#8230;Consider c\u0103 oric\u0103rui elev i-ar fi benefic un stagiu clinic \u00een str\u0103in\u0103tate, pentru c\u0103 ar avea multe de \u00eenv\u0103\u0163at \u015fi ar r\u0103m\u00e2ne profund impresionat de abord\u0103rile de acolo dar \u015fi de atitudinea prietenoas\u0103 \u015fi empatic\u0103 a personalului<\/em>, a men\u0163ionat Ionela-Antonia Popoaia, din anul II, care a mai participat la astfel de experien\u0163e \u00een cadrul \u015fcolii.<\/p>\n\n\n<div class=\"wp-block-image\">\n<figure class=\"alignleft size-full is-resized\"><a href=\"http:\/\/www.slineamt.ro\/apostolul\/wp-content\/uploads\/2024\/06\/08-ap273-foto3.jpg\"><img loading=\"lazy\" decoding=\"async\" width=\"491\" height=\"333\" src=\"http:\/\/www.slineamt.ro\/apostolul\/wp-content\/uploads\/2024\/06\/08-ap273-foto3.jpg\" alt=\"\" class=\"wp-image-25860\" style=\"width:408px;height:auto\" srcset=\"http:\/\/www.slineamt.ro\/apostolul\/wp-content\/uploads\/2024\/06\/08-ap273-foto3.jpg 491w, http:\/\/www.slineamt.ro\/apostolul\/wp-content\/uploads\/2024\/06\/08-ap273-foto3-300x203.jpg 300w, http:\/\/www.slineamt.ro\/apostolul\/wp-content\/uploads\/2024\/06\/08-ap273-foto3-260x176.jpg 260w, http:\/\/www.slineamt.ro\/apostolul\/wp-content\/uploads\/2024\/06\/08-ap273-foto3-160x109.jpg 160w\" sizes=\"auto, (max-width: 491px) 100vw, 491px\" \/><\/a><\/figure>\n<\/div>\n\n\n<p>&nbsp; Eleva Ana Ghimciuc, din anul I, descrie experin\u0163a \u00een felul urm\u0103tor: <em>Personalul medical din centrul unde am desf\u0103\u015furat activitatea m-a impresionat prin devotamentul \u015fi d\u0103ruirea \u00een activit\u0103\u0163ile zilnice&#8230; Am avut ocazia de a coopera\/ lucra \u00een grup, am \u00eenv\u0103\u0163at s\u0103 folosesc \u015fi alte tipuri de tehnic\u0103 medical\u0103, m-am interesat de diverse afec\u0163iuni ale pacien\u0163ilor \u015fi am r\u0103mas pl\u0103cut surprins\u0103 de felul \u00een care explica asistenta medical\u0103, care m-a ajutat s\u0103 observ cum se poate aborda un caz cu seriozitate \u015fi tratarea lui at\u00e2t medical c\u00e2t \u015fi prin sprijin moral. Bine\u00een\u0163eles c\u0103 toate informa\u0163iile acumulate \u015fi experien\u0163a \u00eemi vor fi de mare ajutor \u00een formarea mea pe parcursul studiilor \u015fi abia a\u015ftept, c\u00e2nd voi avea ocazia, s\u0103 aplic bagajul de cuno\u0219tin\u0163e optim \u00een calitate de viitor asistent medical. Pot spune c\u0103 am avut parte de un schimb de experien\u0163\u0103 unic \u015fi sunt foarte \u00eenc\u00e2ntat\u0103 de aceast\u0103 oportunitate oferit\u0103<\/em>.<\/p>\n\n\n\n<p>La fel de frumos ne-a vorbit \u015fi Fabio Antonello Cre\u0163u, din anul II: <em>Una dintre cele mai mari provoc\u0103ri a fost bariera lingvistic\u0103. De\u015fi aveam cuno\u015ftin\u0163e de baz\u0103 de spaniol\u0103, a trebuit s\u0103 \u00eemi \u00eembun\u0103t\u0103\u0163esc rapid abilit\u0103\u0163ile lingvistice pentru a comunica eficient cu pacien\u0163ii \u015fi colegii. Acest proces a fost accelerat prin cursuri intensive de limb\u0103 oferite de spital \u015fi prin interac\u0163iuni zilnice. Am descoperit c\u0103 empatia \u015fi limbajul corporal pot compensa uneori lipsurile lingvistice&#8230; Participarea la programul Erasmus \u00een Granada a fost o experien\u0163\u0103 transformatoare. Am \u00eenv\u0103\u0163at nu doar despre medicina practic\u0103, ci \u015fi despre importan\u0163a comunic\u0103rii interculturale \u015fi a empatiei. Am descoperit o cultur\u0103 bogat\u0103 \u015fi divers\u0103 \u015fi mi-am f\u0103cut prieteni din diferite col\u0163uri ale lumii. Aceast\u0103 experien\u0163\u0103 mi-a l\u0103rgit orizonturile \u015fi mi-a oferit o perspectiv\u0103 global\u0103 asupra profesiei de asistent medical<\/em>.<\/p>\n\n\n\n<p>Beneficiile personale \u015fi profesionale \u00een urma particip\u0103rii la un astfel de stagiu, at\u00e2t pentru cadrele didactice, c\u00e2t \u015fi pentru elevi, sunt nenum\u0103rate: cunoa\u015fterea diverselor sisteme de educa\u0163ie europene; stabilirea unor rela\u0163ii profesionale cu persoane din alte \u0163\u0103ri, colegi participan\u0163i la curs; realizarea unor schimburi de experien\u0163\u0103; \u00eenv\u0103\u0163area prin colaborare \u015fi \u00eenv\u0103\u0163area creativ\u0103; \u00eembun\u0103t\u0103\u0163irea competen\u0163elor de utilizare a limbii engleze; completarea cuno\u015ftin\u0163elor referitoare la cultura altor state etc.<\/p>\n\n\n\n<p><strong><em>Prof. dr. Mihai FLOROAIA<\/em><\/strong><\/p>\n","protected":false},"excerpt":{"rendered":"<p>Este cunoscut faptul c\u0103 Erasmus+ reprezint\u0103 un program al Uniunii Europene \u00een domeniile educa\u0163iei, form\u0103rii profesionale, tineretului \u015fi sportului. Pentru urm\u0103toarea perioad\u0103, educa\u0163ia, formarea socio-profesional\u0103, tineretul \u015fi sportul pot avea o contribu\u0163ie major\u0103 la abordarea schimb\u0103rilor socio-economice, principalele provoc\u0103ri cu&hellip;<\/p>\n<p class=\"more-link-p\"><a class=\"more-link\" href=\"http:\/\/www.slineamt.ro\/apostolul\/pasi-spre-europa\/granada-o-oportunitate-in-pregatirea-viitorilor-asistenti-medicali\/\">Read more &rarr;<\/a><\/p>\n","protected":false},"author":1,"featured_media":0,"comment_status":"open","ping_status":"closed","sticky":false,"template":"","format":"standard","meta":{"footnotes":""},"categories":[9,483],"tags":[],"class_list":["post-25857","post","type-post","status-publish","format-standard","hentry","category-pasi-spre-europa","category-numarul-273"],"_links":{"self":[{"href":"http:\/\/www.slineamt.ro\/apostolul\/wp-json\/wp\/v2\/posts\/25857","targetHints":{"allow":["GET"]}}],"collection":[{"href":"http:\/\/www.slineamt.ro\/apostolul\/wp-json\/wp\/v2\/posts"}],"about":[{"href":"http:\/\/www.slineamt.ro\/apostolul\/wp-json\/wp\/v2\/types\/post"}],"author":[{"embeddable":true,"href":"http:\/\/www.slineamt.ro\/apostolul\/wp-json\/wp\/v2\/users\/1"}],"replies":[{"embeddable":true,"href":"http:\/\/www.slineamt.ro\/apostolul\/wp-json\/wp\/v2\/comments?post=25857"}],"version-history":[{"count":1,"href":"http:\/\/www.slineamt.ro\/apostolul\/wp-json\/wp\/v2\/posts\/25857\/revisions"}],"predecessor-version":[{"id":25861,"href":"http:\/\/www.slineamt.ro\/apostolul\/wp-json\/wp\/v2\/posts\/25857\/revisions\/25861"}],"wp:attachment":[{"href":"http:\/\/www.slineamt.ro\/apostolul\/wp-json\/wp\/v2\/media?parent=25857"}],"wp:term":[{"taxonomy":"category","embeddable":true,"href":"http:\/\/www.slineamt.ro\/apostolul\/wp-json\/wp\/v2\/categories?post=25857"},{"taxonomy":"post_tag","embeddable":true,"href":"http:\/\/www.slineamt.ro\/apostolul\/wp-json\/wp\/v2\/tags?post=25857"}],"curies":[{"name":"wp","href":"https:\/\/api.w.org\/{rel}","templated":true}]}}