{"id":25868,"date":"2024-06-24T15:18:54","date_gmt":"2024-06-24T15:18:54","guid":{"rendered":"https:\/\/www.slineamt.ro\/apostolul\/?p=25868"},"modified":"2024-06-24T15:18:54","modified_gmt":"2024-06-24T15:18:54","slug":"nu-nu-este-bine","status":"publish","type":"post","link":"http:\/\/www.slineamt.ro\/apostolul\/scoala-nemteana-la-zi\/nu-nu-este-bine\/","title":{"rendered":"Nu. Nu este bine!"},"content":{"rendered":"<div class=\"wp-block-image\">\n<figure class=\"alignleft size-full is-resized\"><a href=\"http:\/\/www.slineamt.ro\/apostolul\/wp-content\/uploads\/2024\/06\/06-ap273-foto1.jpg\"><img loading=\"lazy\" decoding=\"async\" width=\"270\" height=\"340\" src=\"http:\/\/www.slineamt.ro\/apostolul\/wp-content\/uploads\/2024\/06\/06-ap273-foto1.jpg\" alt=\"\" class=\"wp-image-25869\" style=\"width:283px;height:auto\" srcset=\"http:\/\/www.slineamt.ro\/apostolul\/wp-content\/uploads\/2024\/06\/06-ap273-foto1.jpg 270w, http:\/\/www.slineamt.ro\/apostolul\/wp-content\/uploads\/2024\/06\/06-ap273-foto1-238x300.jpg 238w, http:\/\/www.slineamt.ro\/apostolul\/wp-content\/uploads\/2024\/06\/06-ap273-foto1-260x327.jpg 260w, http:\/\/www.slineamt.ro\/apostolul\/wp-content\/uploads\/2024\/06\/06-ap273-foto1-160x201.jpg 160w\" sizes=\"auto, (max-width: 270px) 100vw, 270px\" \/><\/a><\/figure>\n<\/div>\n\n\n<p><em>Sunt TRIST. Mai merit\u0103 s\u0103 fii PROFESOR? Dup\u0103 mai bine de 25 de ani petrecu\u0163i \u00een sistemul de educa\u0163ie m\u0103 \u00eentreb tot mai serios dac\u0103 mai este cazul s\u0103 continui aici. De c\u00e2teva zile m\u0103 fr\u0103m\u00e2nt dac\u0103 s\u0103 scriu r\u00e2ndurile de mai jos. Am \u00eencercat s\u0103 m\u0103 men\u0163in departe de subiect. \u00cens\u0103 trebuie s\u0103 spun&#8230;<\/em><\/p>\n\n\n\n<p><em>\u00cen urm\u0103 cu mul\u0163i ani am intrat \u00een acest sistem convins c\u0103 am ceva de oferit. M-am preg\u0103tit asiduu pentru asta.<\/em><\/p>\n\n\n\n<p><em>A\u015f vrea s\u0103 cred c\u0103 nu am f\u0103cut inutil dou\u0103 facult\u0103\u0163i, ambele construite pe ideea de EDUCA\u0162IE. Apoi am finalizat un Master acordat de o Universitate extern\u0103. Tot \u00een EDUCA\u0162IE.<\/em><\/p>\n\n\n\n<p><em>Am socotit. Sunt 12 ani de studii universitare ce mi-au l\u0103rgit viziunea despre educa\u0163ie. Nici nu a\u015f vrea s\u0103 contabilizez sumele investite. Sunt mul\u0163i bani. Foarte mul\u0163i.<\/em><\/p>\n\n\n\n<p><em>Apoi multe cursuri de formare. Gradul Didactic I. Activit\u0103\u0163i \u00een parteneriate cu ONG-uri sau alte institu\u0163ii. Ini\u021biative \u015fi proiecte diverse \u00een zona educa\u0163iei extinse.<\/em><\/p>\n\n\n\n<p><em>Formator Acreditat. Cursuri de Coaching Educa\u0163ional. Mult\u0103 implicare voluntar\u0103. Experien\u0163\u0103 acu\u00admu\u00ad- lat\u0103. L\u0103rgirea unei filosofii de via\u0163\u0103.<\/em><\/p>\n\n\n\n<p><em>Am \u00eenv\u0103\u0163at permanent. \u015ei asta am \u00eencercat s\u0103 transmit elevilor mei. An dup\u0103 an. Cu pasiunea celui care \u015ftie c\u0103 poate influen\u0163a \u00een bine o \u00eentreag\u0103 genera\u0163ie.<\/em><\/p>\n\n\n\n<p><em>Acum m\u0103 doare s\u0103 v\u0103d p\u0103rin\u0163i a\u015feza\u0163i confortabil \u00een tab\u0103ra advers\u0103. O societate civil\u0103 care arunc\u0103 cu piatra f\u0103r\u0103 ezitare.<\/em><\/p>\n\n\n\n<p><em>C\u00e2ndva profesorii erau respecta\u0163i. Acum p\u0103rin\u0163ii \u00eei ceart\u0103. Iar elevii \u00eei \u00eenjur\u0103.<\/em><\/p>\n\n\n\n<p><em>Sunt lua\u0163i la rost cu privire la c\u00e2t muncesc. \u015ei ce anume muncesc.<\/em><\/p>\n\n\n\n<p><em>Oare de ce trebuie s\u0103 \u0163in\u0103 al\u0163ii contabilitatea?<\/em><\/p>\n\n\n\n<p><em>Num\u0103rul de ore conteaz\u0103 sau valoarea adus\u0103 \u00eentr-o or\u0103? Ani de zile am avut aceast\u0103 convingere: educa\u0163ia pe care mi-am format-o s\u0103 aduc\u0103 un plus de valoare pentru elevi.<\/em><\/p>\n\n\n\n<p><em>Copiii vor uita informa\u0163iile teoretice, dar vor r\u0103m\u00e2nea cu ceea ce au nevoie \u00een via\u0163\u0103. \u00cen via\u0163a real\u0103. \u201eE bine s\u0103 \u00eenve\u0163i copiii s\u0103 numere, dar cel mai bine e s\u0103 \u00eei \u00eenve\u0163i ce conteaz\u0103.\u201d (Bob Talbert). Acesta a fost crezul meu. \u015ei pentru asta mi-am format o filosofie de via\u0163\u0103 pe care s\u0103 o pot comunica cu u\u015furin\u0163\u0103.<\/em><\/p>\n\n\n\n<p><em>Acum \u00eens\u0103 nu mai am entuziasm. Nu mai am viziune \u00een acest sistem care m\u0103 las\u0103 tot mai rece.<\/em><\/p>\n\n\n\n<p><em>Ca s\u0103 supravie\u0163uiesc \u00eemi direc\u0163ionez timpul \u015fi energia spre al doilea job. Mi-am g\u0103sit \u00eemplinirea \u00een el. Dar oare a\u015fa ar trebui s\u0103 fie \u00een Rom\u00e2nia \u201elucrului bine f\u0103cut\u201d?<\/em><\/p>\n\n\n\n<p><em>Pre\u0163ul pe care acest sistem \u00eel pune pe presta\u0163ia mea este mult sub nivelul investi\u0163iilor pe care le-am f\u0103cut. Mi se cere s\u0103 m\u0103 v\u00e2nd pe \u201edoi argin\u0163i\u201d.<\/em><\/p>\n\n\n\n<p><em>Iar eu trebuie s\u0103 tr\u0103iesc! Vreau s\u0103 tr\u0103iesc f\u0103r\u0103 s\u0103 \u00eemi fie ru\u015fine de ceea ce am ales s\u0103 fiu! F\u0103r\u0103 s\u0103 regret anii petrecu\u0163i \u00een educarea mea \u015fi a altora.<\/em><\/p>\n\n\n\n<p><em>\u00cen fiecare lun\u0103 \u00eemi achizi\u0163ionez c\u0103r\u0163i. Din acei bani pu\u0163ini. Fiindc\u0103 \u00een\u0163eleg necesitatea educ\u0103rii continue. Din p\u0103cate, nu pricep \u015fi cei care consider\u0103 c\u0103 educa\u0163ia autentic\u0103 se poate face st\u00e2nd \u00een fa\u0163a elevilor pentru a le ar\u0103ta c\u00e2t de u\u015for te prefaci c\u0103 este bine atunci c\u00e2nd e\u015fti dispre\u0163uit.<\/em><\/p>\n\n\n\n<p><em>NU. NU ESTE BINE!<\/em><\/p>\n\n\n\n<p><strong><em>Profesor Florentin LEHACI<\/em><\/strong><\/p>\n","protected":false},"excerpt":{"rendered":"<p>Sunt TRIST. Mai merit\u0103 s\u0103 fii PROFESOR? Dup\u0103 mai bine de 25 de ani petrecu\u0163i \u00een sistemul de educa\u0163ie m\u0103 \u00eentreb tot mai serios dac\u0103 mai este cazul s\u0103 continui aici. De c\u00e2teva zile m\u0103 fr\u0103m\u00e2nt dac\u0103 s\u0103 scriu r\u00e2ndurile&hellip;<\/p>\n<p class=\"more-link-p\"><a class=\"more-link\" href=\"http:\/\/www.slineamt.ro\/apostolul\/scoala-nemteana-la-zi\/nu-nu-este-bine\/\">Read more &rarr;<\/a><\/p>\n","protected":false},"author":1,"featured_media":0,"comment_status":"open","ping_status":"closed","sticky":false,"template":"","format":"standard","meta":{"footnotes":""},"categories":[10,483],"tags":[],"class_list":["post-25868","post","type-post","status-publish","format-standard","hentry","category-scoala-nemteana-la-zi","category-numarul-273"],"_links":{"self":[{"href":"http:\/\/www.slineamt.ro\/apostolul\/wp-json\/wp\/v2\/posts\/25868","targetHints":{"allow":["GET"]}}],"collection":[{"href":"http:\/\/www.slineamt.ro\/apostolul\/wp-json\/wp\/v2\/posts"}],"about":[{"href":"http:\/\/www.slineamt.ro\/apostolul\/wp-json\/wp\/v2\/types\/post"}],"author":[{"embeddable":true,"href":"http:\/\/www.slineamt.ro\/apostolul\/wp-json\/wp\/v2\/users\/1"}],"replies":[{"embeddable":true,"href":"http:\/\/www.slineamt.ro\/apostolul\/wp-json\/wp\/v2\/comments?post=25868"}],"version-history":[{"count":1,"href":"http:\/\/www.slineamt.ro\/apostolul\/wp-json\/wp\/v2\/posts\/25868\/revisions"}],"predecessor-version":[{"id":25870,"href":"http:\/\/www.slineamt.ro\/apostolul\/wp-json\/wp\/v2\/posts\/25868\/revisions\/25870"}],"wp:attachment":[{"href":"http:\/\/www.slineamt.ro\/apostolul\/wp-json\/wp\/v2\/media?parent=25868"}],"wp:term":[{"taxonomy":"category","embeddable":true,"href":"http:\/\/www.slineamt.ro\/apostolul\/wp-json\/wp\/v2\/categories?post=25868"},{"taxonomy":"post_tag","embeddable":true,"href":"http:\/\/www.slineamt.ro\/apostolul\/wp-json\/wp\/v2\/tags?post=25868"}],"curies":[{"name":"wp","href":"https:\/\/api.w.org\/{rel}","templated":true}]}}