{"id":25874,"date":"2024-06-24T15:23:34","date_gmt":"2024-06-24T15:23:34","guid":{"rendered":"https:\/\/www.slineamt.ro\/apostolul\/?p=25874"},"modified":"2024-06-24T15:23:34","modified_gmt":"2024-06-24T15:23:34","slug":"acad-georgeta-filitti-istoria-trebuie-sa-ramana-mereu-prezenta-in-viata-noastra","status":"publish","type":"post","link":"http:\/\/www.slineamt.ro\/apostolul\/lectia-de-istorie\/acad-georgeta-filitti-istoria-trebuie-sa-ramana-mereu-prezenta-in-viata-noastra\/","title":{"rendered":"Acad. Georgeta Filitti: \u201eIstoria trebuie s\u0103 r\u0103m\u00e2n\u0103 mereu prezent\u0103 \u00een via\u0163a noastr\u0103\u201d"},"content":{"rendered":"<div class=\"wp-block-image\">\n<figure class=\"alignleft size-full is-resized\"><a href=\"http:\/\/www.slineamt.ro\/apostolul\/wp-content\/uploads\/2024\/06\/04-ap273-foto1.jpg\"><img loading=\"lazy\" decoding=\"async\" width=\"325\" height=\"416\" src=\"http:\/\/www.slineamt.ro\/apostolul\/wp-content\/uploads\/2024\/06\/04-ap273-foto1.jpg\" alt=\"\" class=\"wp-image-25875\" style=\"width:264px;height:auto\" srcset=\"http:\/\/www.slineamt.ro\/apostolul\/wp-content\/uploads\/2024\/06\/04-ap273-foto1.jpg 325w, http:\/\/www.slineamt.ro\/apostolul\/wp-content\/uploads\/2024\/06\/04-ap273-foto1-234x300.jpg 234w, http:\/\/www.slineamt.ro\/apostolul\/wp-content\/uploads\/2024\/06\/04-ap273-foto1-260x333.jpg 260w, http:\/\/www.slineamt.ro\/apostolul\/wp-content\/uploads\/2024\/06\/04-ap273-foto1-160x205.jpg 160w\" sizes=\"auto, (max-width: 325px) 100vw, 325px\" \/><\/a><\/figure>\n<\/div>\n\n\n<p>\u201eRom\u00e2nia regal\u0103\u201d, cea mai recent\u0103 conferin\u0163\u0103 sus\u0163inut\u0103 de academician Georgeta Filitti, valoros istoric preocupat de restituirea operei \u00eenainta\u015filor, la Muzeul de Art\u0103 din Piatra-Neam\u0163 (s\u00e2mb\u0103t\u0103, 18 mai 2024, cu ocazia Zilei Interna\u0163ionale a Muzeelor), a cuprins explica\u0163ii bogat documentate \u015fi atractiv expuse. Elaborate \u00een spiritul adev\u0103rului istoric, punctele de vedere au creat o imagine deosebit de elocvent\u0103 despre aceast\u0103 tem\u0103 interesant\u0103. Georgeta Filitti s-a aflat pentru a doua oar\u0103 la Piatra-Neam\u0163. La final, Garda Cur\u0163ii Domne\u015fti (prof. coordonatori: Elena Preda, Dorina-Lumini\u0163a Drexler, Cristiana \u015eoimaru) a prezentat onorul distinsei invitate. \u201ePiatra-Neam\u0163 este un loc care m\u0103 emo\u0163ioneaz\u0103, \u00eemi place teribil tot ce este aici \u015fi vin, de fiecare dat\u0103, cu o imens\u0103 pl\u0103cere. Sunt col\u0163uri de istorie a\u015fa de bine \u00eencadrate \u00een ora\u015ful modern \u015fi cred c\u0103 pot constitui un model \u015fi pentru alte localit\u0103\u0163i din Rom\u00e2nia. De ce? Pentru c\u0103 istoria trebuie s\u0103 r\u0103m\u00e2n\u0103 mereu prezent\u0103 \u00een via\u0163\u0103 noastr\u0103\u201d, a spus Georgeta Filitti.<\/p>\n\n\n\n<p>\u201eDoamna academician Georgeta Filitti este unul dintre cei mai \u00eendr\u0103gi\u0163i istorici rom\u00e2ni, gra\u0163ie preg\u0103tirii excep\u0163ionale, a farmecului personal, a \u00abdimensiunii ludice\u00bb a discursului \u015fi, nu \u00een ultimul r\u00e2nd, a originalit\u0103\u0163ii Domniei sale \u00een abordarea temelor istorice. Institu\u0163ia noastr\u0103 a primit un cadou cum nu se poate mai frumos\u201d, a subliniat Mihaela-Cristina Verzea, directorul adjunct \u015ftiin\u0163ific al Complexului Muzeal Na\u0163ional Neam\u0163.<\/p>\n\n\n\n<p>\u201eCeea ce a creat omul, inteligen\u0163a artificial\u0103 nu cred c\u0103 poate dep\u0103\u015fi\u201d<\/p>\n\n\n<div class=\"wp-block-image\">\n<figure class=\"alignright size-full is-resized\"><a href=\"http:\/\/www.slineamt.ro\/apostolul\/wp-content\/uploads\/2024\/06\/04-ap273-foto2.jpg\"><img loading=\"lazy\" decoding=\"async\" width=\"491\" height=\"368\" src=\"http:\/\/www.slineamt.ro\/apostolul\/wp-content\/uploads\/2024\/06\/04-ap273-foto2.jpg\" alt=\"\" class=\"wp-image-25876\" style=\"width:390px;height:auto\" srcset=\"http:\/\/www.slineamt.ro\/apostolul\/wp-content\/uploads\/2024\/06\/04-ap273-foto2.jpg 491w, http:\/\/www.slineamt.ro\/apostolul\/wp-content\/uploads\/2024\/06\/04-ap273-foto2-300x225.jpg 300w, http:\/\/www.slineamt.ro\/apostolul\/wp-content\/uploads\/2024\/06\/04-ap273-foto2-260x195.jpg 260w, http:\/\/www.slineamt.ro\/apostolul\/wp-content\/uploads\/2024\/06\/04-ap273-foto2-160x120.jpg 160w\" sizes=\"auto, (max-width: 491px) 100vw, 491px\" \/><\/a><\/figure>\n<\/div>\n\n\n<p><em>\u2013 De ce este istoria cel mai frumos lucru pe lume?<\/em><\/p>\n\n\n\n<p>\u2013 \u015eti\u0163i de ce? Pentru c\u0103 se constituie \u00eentr-o zestre spiritual\u0103 care ne d\u0103 o for\u0163\u0103 moral\u0103. Sigur, nu trebuie s\u0103 ne imagin\u0103m acum c\u0103 to\u0163i putem s\u0103 devenim \u015etefan cel Mare. Pentru c\u0103 am fost un popor reprezentativ \u00een Europa \u015fi o dovedim cu fapte, acesta este un motiv de m\u00e2ndrie. Apoi, omul a\u015fa-i f\u0103cut, s\u0103 fie curios. Ori, aceast\u0103 curiozitate luminat\u0103, dac\u0103 ne-o satisfacem, s\u0103 \u015fti\u0163i c\u0103, \u00eencet, \u00eencet, devenim oameni cultiva\u0163i, devenim oameni \u015ftiutori, oameni care ne \u00een\u0163elegem \u015fi propria condi\u0163ie actual\u0103, ceea ce este foarte important.<\/p>\n\n\n\n<p><em>\u2013 V\u0103 place tehnologia?<\/em><\/p>\n\n\n\n<p>\u2013 Nu vreau s\u0103 v\u0103 par conservatoare, dar e o lips\u0103 de m\u0103sur\u0103 \u00een aceast\u0103 privin\u0163\u0103. \u015ei atunci, aceast\u0103 discrepan\u0163\u0103 \u00eentre dezvoltarea noastr\u0103 biologic\u0103 \u015fi dezvoltarea tehnicii, apari\u0163ia inteligen\u0163ei artificiale, iat\u0103, creeaz\u0103 un dezechilibru \u00een fiin\u0163a uman\u0103, pentru c\u0103 nu fiecare dintre noi are capacitatea de a \u015fti ce este esen\u0163ial, ce trebuie s\u0103 iei, care sunt stimulii externi la care merit\u0103 s\u0103 r\u0103spunzi. \u015ei nenorocirea face ca tineretul s\u0103-\u015fi piard\u0103 efectiv vremea, s\u0103 stea cu aceste aparate \u00een m\u00e2n\u0103, c\u0103-i un telefon, c\u0103-i o tablet\u0103, ca s\u0103 aib\u0103 o \u015ftire pe TikTok sau pe alt\u0103 platform\u0103 de propagand\u0103. Este o propagand\u0103 a faptului m\u0103runt, care este profund inutil\u0103. \u00ce\u0163i m\u0103n\u00e2nc\u0103 timpul, ai aflat c\u0103 o r\u0103\u0163u\u015fc\u0103 se pup\u0103 cu o pisic\u0103 sau cutare actri\u0163\u0103 sufer\u0103 de o boal\u0103 neiert\u0103toare, astea sunt elemente neesen\u0163iale, dar care ne m\u0103n\u00e2nc\u0103 timp. \u015ei cred c\u0103 ne consum\u0103 \u015fi energia. Vreau s\u0103 r\u0103spund foarte clar \u015fi f\u0103r\u0103 echivoc: nu-mi place toat\u0103 tehnica asta care ne \u00eenconjoar\u0103. \u00cen acela\u015fi timp, \u00eens\u0103, \u00eemi dau seama c\u0103 este un fenomen care nu poate fi stopat \u015fi atunci \u0163ine de fiecare dintre noi s\u0103 primim cu m\u0103sur\u0103 totul. M\u0103sura \u00een toate este absolut salutar\u0103. Informa\u0163iile trebuie s\u0103 fie miezoase. Ce faci, \u00ee\u0163i pierzi timpul cu prostioare transmise de TikTok? Nu mai spun c\u0103 foarte multe dintre ele sunt false.<\/p>\n\n\n\n<p><em>\u2013 Omul va putea fi \u00eenlocuit de ni\u015fte \u201efiin\u0163e\u201d de metal?<\/em><\/p>\n\n\n<div class=\"wp-block-image\">\n<figure class=\"alignleft size-full is-resized\"><a href=\"http:\/\/www.slineamt.ro\/apostolul\/wp-content\/uploads\/2024\/06\/04-ap273-foto3.jpg\"><img loading=\"lazy\" decoding=\"async\" width=\"345\" height=\"454\" src=\"http:\/\/www.slineamt.ro\/apostolul\/wp-content\/uploads\/2024\/06\/04-ap273-foto3.jpg\" alt=\"\" class=\"wp-image-25877\" style=\"width:310px;height:auto\" srcset=\"http:\/\/www.slineamt.ro\/apostolul\/wp-content\/uploads\/2024\/06\/04-ap273-foto3.jpg 345w, http:\/\/www.slineamt.ro\/apostolul\/wp-content\/uploads\/2024\/06\/04-ap273-foto3-228x300.jpg 228w, http:\/\/www.slineamt.ro\/apostolul\/wp-content\/uploads\/2024\/06\/04-ap273-foto3-260x342.jpg 260w, http:\/\/www.slineamt.ro\/apostolul\/wp-content\/uploads\/2024\/06\/04-ap273-foto3-160x211.jpg 160w\" sizes=\"auto, (max-width: 345px) 100vw, 345px\" \/><\/a><\/figure>\n<\/div>\n\n\n<p>\u2013 Ceea ce a creat omul, inteligen\u0163a artificial\u0103 nu cred c\u0103 poate dep\u0103\u015fi sau, dac\u0103 se va \u00eent\u00e2mpla, \u00eenseamn\u0103 c\u0103 civiliza\u0163ia uman\u0103 pe care noi o tr\u0103im \u00een clipa de fa\u0163\u0103 va disp\u0103rea. Dar eu nu cred. Merg mai departe \u015fi cred c\u0103, de fapt, e o mod\u0103. \u00cencet, \u00eencet, va disp\u0103rea. Iat\u0103, La belle \u00e9poque s-a caracterizat printr-o mod\u0103 asortat\u0103, frumoas\u0103, gra\u0163ioas\u0103, armonioas\u0103. \u00cen ultimii 30-40 de ani a venit ceva postmodern, a venit ceva de ne\u00een\u0163eles. O mod\u0103 de o ur\u00e2\u0163enie nemai\u00eent\u00e2lnit\u0103, piciorul femeii, care-i foarte frumos, \u00een loc s\u0103-i pui un pantof cochet, \u00eei pui o gheat\u0103 oribil\u0103, cu o talp\u0103 groas\u0103. Sunt ni\u015fte lucruri de ne\u00een\u0163eles. Prin extensie, de exemplu, se monteaz\u0103 Caragiale, absolut aiurea, cu o gestic\u0103, de foarte multe ori, obscen\u0103, cu replici schimbate, cu schimb\u0103ri de \u00een\u0163eles a unor \u00eentregi scene. Shakespeare se monteaz\u0103 schimbat. \u015ei, \u00een momentul \u00een care obiectezi, \u0163i se spune c\u0103 e\u015fti dep\u0103\u015fit. Aceast\u0103 aducere \u00een actualitate cu orice pre\u0163 a unor subiecte e ceva for\u0163at, \u015fi aceast\u0103 for\u0163are se refer\u0103 \u015fi la teatru \u015fi la mod\u0103 \u015fi la neglijen\u0163a fa\u0163\u0103 de propria noastr\u0103 limb\u0103 pe care o \u00eemp\u0103n\u0103m cu ni\u015fte onomatopee mai ales din englez\u0103. Nu \u015ftiu care este c\u00e2\u015ftigul. Eu \u00eencerc s\u0103 r\u0103m\u00e2n optimist\u0103. La sf\u00e2r\u015fitul unei epoci, faci un bilan\u0163 \u015fi sunt multe lucruri bune, dar, eu, acum, tot mai greu z\u0103resc aceste lucruri bune. Care este profitul? O st\u00e2lcire, o ur\u00e2\u0163ire, o neglijare a limbii? La schimbul acesta de mesaje, de e-mail-uri, cum e cu putin\u0163\u0103 s\u0103 ignori ortografia. \u201e\u015eti\u0163i, m-am gr\u0103bit\u201d. Aceasta este o necuviin\u0163\u0103. E o necuviin\u0163\u0103 \u015fi fa\u0163\u0103 de tine care scrii \u015fi o lips\u0103 de respect fa\u0163\u0103 de cel c\u0103ruia \u00eei adresezi mesajul. \u015ei aceast\u0103 neglijen\u0163\u0103 \u00een \u00eembr\u0103c\u0103minte, \u00een scriere, \u00een faptul c\u0103 e\u015fti \u00eentr-un cerc de prieteni \u015fi vorbe\u015fti tare, \u0163ipi, duce la o sl\u0103bire moral\u0103 a oamenilor. Nu \u015ftiu ce-i de f\u0103cut. \u015ei hai s\u0103 privim \u015fi din alt punct de vedere, poate c\u0103 acesta-i mersul societ\u0103\u0163ii, poate c\u0103 nu avem ce face. Asta ne e dat, s\u0103 ne resemn\u0103m.<\/p>\n\n\n\n<p><em>\u2013 Cum mai vede\u0163i ast\u0103zi rela\u0163ia maestru-ucenic, de care depinde transmiterea, transferul de valori de la o genera\u0163ie la cealalt\u0103?<\/em><\/p>\n\n\n\n<p>\u2013 S\u0103 \u015fti\u0163i c\u0103 e o rela\u0163ie tot mai rar \u00eent\u00e2lnit\u0103. A\u015fa-zi\u015fi emuli, a\u015fa-zi\u015fi urma\u015fi nu se \u00eenghesuie. Toat\u0103 via\u0163a am fost obsedat\u0103 de g\u0103sirea \u015fi darea la iveal\u0103 pentru marele public a documentelor de arhiv\u0103. Nu este un lucru u\u015for, pentru c\u0103, de multe ori, documentele de arhiv\u0103 sunt \u00eentr-o limb\u0103 str\u0103in\u0103, sunt \u00eentr-o limb\u0103 veche, ai nevoie de cuno\u015ftin\u0163e de latin\u0103, de greac\u0103, de slavon\u0103, de scriere chirilic\u0103. E o munc\u0103 \u00eentreag\u0103. Pe mine m-a pasionat, dar nu sunt prea mul\u0163i cei din jurul meu care s\u0103 m\u0103 urmeze. \u015ei atunci, ne r\u0103m\u00e2ne un \u00eentreg univers tainic \u015fi nu-i bine. Sunt foarte mul\u0163i tineri care vor s\u0103 ia o tem\u0103 de cercetare oarecare \u015fi sunt surprin\u015fi s\u0103 afle c\u0103 nu toate documentele de arhiv\u0103 sunt digitizate. Cred c\u0103 \u0163ine foarte mult \u015fi de persuasiunea pe care trebuie s\u0103 o manifeste profesorii \u00een facultate. Poate exista sau nu.<\/p>\n\n\n\n<p><em>A consemnat Violeta MO\u015eU<\/em><\/p>\n","protected":false},"excerpt":{"rendered":"<p>\u201eRom\u00e2nia regal\u0103\u201d, cea mai recent\u0103 conferin\u0163\u0103 sus\u0163inut\u0103 de academician Georgeta Filitti, valoros istoric preocupat de restituirea operei \u00eenainta\u015filor, la Muzeul de Art\u0103 din Piatra-Neam\u0163 (s\u00e2mb\u0103t\u0103, 18 mai 2024, cu ocazia Zilei Interna\u0163ionale a Muzeelor), a cuprins explica\u0163ii bogat documentate \u015fi&hellip;<\/p>\n<p class=\"more-link-p\"><a class=\"more-link\" href=\"http:\/\/www.slineamt.ro\/apostolul\/lectia-de-istorie\/acad-georgeta-filitti-istoria-trebuie-sa-ramana-mereu-prezenta-in-viata-noastra\/\">Read more &rarr;<\/a><\/p>\n","protected":false},"author":1,"featured_media":0,"comment_status":"open","ping_status":"closed","sticky":false,"template":"","format":"standard","meta":{"footnotes":""},"categories":[6,483],"tags":[],"class_list":["post-25874","post","type-post","status-publish","format-standard","hentry","category-lectia-de-istorie","category-numarul-273"],"_links":{"self":[{"href":"http:\/\/www.slineamt.ro\/apostolul\/wp-json\/wp\/v2\/posts\/25874","targetHints":{"allow":["GET"]}}],"collection":[{"href":"http:\/\/www.slineamt.ro\/apostolul\/wp-json\/wp\/v2\/posts"}],"about":[{"href":"http:\/\/www.slineamt.ro\/apostolul\/wp-json\/wp\/v2\/types\/post"}],"author":[{"embeddable":true,"href":"http:\/\/www.slineamt.ro\/apostolul\/wp-json\/wp\/v2\/users\/1"}],"replies":[{"embeddable":true,"href":"http:\/\/www.slineamt.ro\/apostolul\/wp-json\/wp\/v2\/comments?post=25874"}],"version-history":[{"count":1,"href":"http:\/\/www.slineamt.ro\/apostolul\/wp-json\/wp\/v2\/posts\/25874\/revisions"}],"predecessor-version":[{"id":25878,"href":"http:\/\/www.slineamt.ro\/apostolul\/wp-json\/wp\/v2\/posts\/25874\/revisions\/25878"}],"wp:attachment":[{"href":"http:\/\/www.slineamt.ro\/apostolul\/wp-json\/wp\/v2\/media?parent=25874"}],"wp:term":[{"taxonomy":"category","embeddable":true,"href":"http:\/\/www.slineamt.ro\/apostolul\/wp-json\/wp\/v2\/categories?post=25874"},{"taxonomy":"post_tag","embeddable":true,"href":"http:\/\/www.slineamt.ro\/apostolul\/wp-json\/wp\/v2\/tags?post=25874"}],"curies":[{"name":"wp","href":"https:\/\/api.w.org\/{rel}","templated":true}]}}