{"id":25887,"date":"2024-06-24T15:32:20","date_gmt":"2024-06-24T15:32:20","guid":{"rendered":"https:\/\/www.slineamt.ro\/apostolul\/?p=25887"},"modified":"2024-06-24T15:32:20","modified_gmt":"2024-06-24T15:32:20","slug":"semnale-pozitive-dar-si-neimpliniri","status":"publish","type":"post","link":"http:\/\/www.slineamt.ro\/apostolul\/viata-sindicala-imperative\/semnale-pozitive-dar-si-neimpliniri\/","title":{"rendered":"Semnale pozitive\u2026 dar \u015fi ne\u00eempliniri!"},"content":{"rendered":"\n<p><\/p>\n\n\n\n<p>Interviu cu dl. Ionel Hociung, pre\u015fedinte al Sindicatului din \u00cenv\u0103\u0163\u0103m\u00e2nt Neam\u0163<\/p>\n\n\n\n<p><em>\u2013 Domnule Ionel Hociung, \u00eencep prin a v\u0103 \u00eentreba dac\u0103 exist\u0103 nout\u0103\u0163i pe plan sindical de la ultima noastr\u0103 \u00eent\u00e2lnire \u015fi p\u00e2n\u0103 acum, cu rug\u0103mintea de a prezenta mai \u00eent\u00e2i aspectele pozitive.<\/em><\/p>\n\n\n\n<p>\u2013 Desigur exist\u0103 c\u00e2teva chestiuni pe marginea c\u0103rora am putea face o discu\u0163ie \u015fi multe lucruri pozitive care s-au \u00eent\u00e2mplat \u00een perioada scurs\u0103 de la ultimul interviu cu dumneavoastr\u0103, la care \u015fi SLLICS Neam\u0163 \u015fi-a adus contribu\u0163ia, pe alocuri \u00een mod esen\u0163ial.<\/p>\n\n\n\n<p>Astfel, trebuie amintit faptul c\u0103, o dat\u0103 cu drepturile salariale ale lunii aprilie 2024 (primite \u00een data de 14 mai 2024) s-a pl\u0103tit \u015fi a treia tran\u015f\u0103 a sumelor reprezent\u00e2nd diferen\u0163ele salariale cuvenite prin aplicarea hot\u0103r\u00e2rilor judec\u0103tore\u015fti, respectiv din aplicarea OUG nr. 48\/ 2024.<\/p>\n\n\n\n<p>De asemenea, un alt fapt pozitiv este acela c\u0103 au \u00eenceput s\u0103 fie \u00eenc\u0103rcate cardurile beneficiarilor cu sumele care reprezint\u0103 voucherul de vacan\u0163\u0103 aferent anului 2024, acum valor\u00e2nd 1600,00 lei, dar la care, \u00een premier\u0103, pe l\u00e2ng\u0103 impozitul de 10%, sunt re\u0163inute \u015fi contribu\u0163iile pentru asigur\u0103rile de s\u0103n\u0103tate, \u00een procent de 10%. Per total, fa\u0163\u0103 de anii anteriori c\u00e2nd suma alocat\u0103 pentru aceste vouchere era de 1450,00 lei, acum, odat\u0103 cu majorarea ei la 1600,00 lei \u015fi aplic\u00e2nd impozitul \u015fi contribu\u0163iile, dezavantajul financiar al fiec\u0103rui beneficiar este mai mare cu 25,00 de lei&#8230; tipic rom\u00e2ne\u015fte! A\u015fadar, \u00een momentul \u00een care se trage linie, se constat\u0103 c\u0103, de\u015fi se tr\u00e2mbi\u0163eaz\u0103 cre\u015fterea valorii voucherului de vacan\u0163\u0103, lucrurile nu stau chiar a\u015fa cum se prezint\u0103.<\/p>\n\n\n\n<p><em>\u2013 Suntem cu to\u0163ii curio\u015fi s\u0103 afl\u0103m dac\u0103 se va respecta cre\u015fterea salarial\u0103 anun\u0163at\u0103 pentru 1 iunie&#8230;<\/em><\/p>\n\n\n\n<p>\u2013 Acesta era urm\u0103torul aspect favorabil pe care doream s\u0103-l aduc \u00een discu\u0163ie, \u015fi anume, faptul c\u0103, \u00eencep\u00e2nd din data de 01.06.2024, potrivit OUG nr. 128\/2023, valoarea salariilor de baz\u0103 pentru personalul didactic \u015fi didactic auxiliar din \u00eenv\u0103\u0163\u0103m\u00e2ntul preuniversitar este majorat\u0103 cu 7%. Astfel, \u00eencep\u00e2nd cu 01.06.2024, repet, un profesor debutant cu studii superioare va beneficia de un salariu de baz\u0103 brut de 6.446,00 lei, \u00een timp ce un profesor cu studii superioare, gradul didactic I \u015fi vechime mai mare de 25 ani \u00een \u00eenv\u0103\u0163\u0103m\u00e2nt va avea un salariu de baz\u0103 brut de 10.232,00 lei. Exemplific cu aceste dou\u0103 func\u0163ii pentru c\u0103 acestea au fost de referin\u0163\u0103 la negocierile pentru stabilirea salariz\u0103rii \u00een \u00eenv\u0103\u0163\u0103m\u00e2nt, adic\u0103 \u201eintrarea\u201d \u015fi \u201eie\u015firea\u201d din sistemul de educa\u0163ie.<\/p>\n\n\n\n<p>Mai trebuie spus c\u0103, deocamdat\u0103, promisiunile referitoare la salarizare de partea guvernamental\u0103 \u015fi transpuse \u00een acte normative sunt respectate, urm\u00e2nd ca odat\u0103 cu intrarea \u00een vigoare a noii legi de salarizare \u00een sistemul bugetar, sau a altor acte normative s\u0103 fie reglementat\u0103 \u015fi salarizarea pentru anul 2025, astfel \u00eenc\u00e2t s\u0103 se ating\u0103 nivelul stabilit \u00een cadrul negocierilor \u015fi implicit a principiului c\u0103 salariul profesorului cu studii superioare debutant s\u0103 fie egal cu salariul mediu brut pe economie, iar salariul profesorului cu studii superioare, grad didactic I \u015fi vechime peste 25 de ani \u00een \u00eenv\u0103\u0163\u0103m\u00e2nt, s\u0103 fie situat la nivelul medicului specialist.<\/p>\n\n\n\n<p>De asemenea, conform aceleia\u015fi ordonan\u0163e, \u015fi salariile personalului administrativ (nedidactic) se majoreaz\u0103 cu 200,00 lei brut fa\u0163\u0103 de nivelul lunii decembrie 2023.<\/p>\n\n\n\n<p><em>\u2013 Dup\u0103 aceste ve\u015fti bune trebuie s\u0103 ne comunica\u0163i \u015fi ce ne\u00eempliniri ave\u0163i, \u00een ciuda eforturilor depuse de mi\u015fcarea sindical\u0103.<\/em><\/p>\n\n\n\n<p>\u2013 Trec\u00e2nd acum la chestiunile mai pu\u0163in pl\u0103cute, v\u0103 spun c\u0103 nu toate persoanele care aveau dreptul s\u0103 intre \u00een posesia cardului cu prima de carier\u0103 didactic\u0103\/ profesional\u0103 l-au primit. Trebuie amintit c\u0103 la nivelul jude\u0163ului Neam\u0163 exist\u0103 un num\u0103r de 369 de colegi, personal didactic, didactic auxiliar \u015fi administrativ care se afl\u0103 \u00een aceast\u0103 situa\u0163ie. \u00cen ciuda numeroaselor demersuri efectuate de FSLI, se pare c\u0103 situa\u0163ia este deocamdat\u0103 blocat\u0103, cu sau f\u0103r\u0103 inten\u0163ie, undeva \u00een Ministerul Educa\u0163iei \u015fi la Ministerul Investi\u0163iilor \u015fi Proiectelor Europene (MIPE). Cert este c\u0103 ISJ Neam\u0163 a centralizat \u015fi trimis \u00eenc\u0103 de la \u00eenceputul lunii aprilie baza de date a tuturor persoanelor omise, c\u0103tre MIPE, \u015fi\u2026nimic! Problema este cu at\u00e2t mai acut\u0103, cu c\u00e2t \u00eentreg personalul a trei unit\u0103\u0163i de \u00eenv\u0103\u0163\u0103m\u00e2nt din Neam\u0163 nu beneficiaz\u0103 deocamdat\u0103 de acest drept.<\/p>\n\n\n\n<p>O alt\u0103 nemul\u0163umire, \u00een special a colegilor cadre didactice, o reprezint\u0103 neacordarea indemniza\u0163iei de hran\u0103 \u015fi a voucherului de vacan\u0163\u0103, pentru persoanele care \u00eenregistreaz\u0103 un salariu net mai mare de 8.000,00 lei, aferent func\u0163iei de baz\u0103. \u015ei pentru aceste situa\u0163ii s-a insistat pentru modificarea actului normativ, \u00een sensul \u00een care salariul net s\u0103 fie considerat salariul de baz\u0103 (cel din gril\u0103) la care s\u0103 fie aplicate impozitul \u015fi contribu\u0163iile. La aceast\u0103 propunere a sindicatelor nu a fost formulat deocamdat\u0103 nici un r\u0103spuns, dar situa\u0163ia se afl\u0103 pe agenda noastr\u0103 \u015fi o vom sus\u0163ine \u00een \u00eent\u00e2lnirile cu factorii de decizie guvernamentali.<\/p>\n\n\n\n<p><em>\u2013 Ce se mai \u00eent\u00e2mpl\u0103 \u00een domeniul controversat al pl\u0103\u0163ii indemniza\u0163iei pentru titlul de doctor?<\/em><\/p>\n\n\n\n<p>\u2013 Aici s-a primit o lovitur\u0103 greu de trecut cu vederea \u015fi ne-am exprimat \u015fi continu\u0103m s\u0103 sus\u0163inem o opinie contrar\u0103 deciziei ISJ Neam\u0163 de a nu mai aproba acordarea indemniza\u0163iei pentru titlul de doctor directorilor de unit\u0103\u0163i \u015fcolare \u015fi inspectorilor \u015fcolari, dec\u00e2t dac\u0103 ace\u015ftia \u00eel de\u0163in \u00een domeniul managementului educa\u0163ional. Credem \u00een continuare c\u0103 este o decizie eronat\u0103 \u015fi avem o serie lung\u0103 de argumente \u00een aceast\u0103 sus\u0163inere. Cel mai probabil, la cererea colegilor no\u015ftri directori \u015fi inspectori, membri de sindicat, reglarea o vom c\u0103uta, din p\u0103cate, tot \u00een instan\u0163\u0103.<\/p>\n\n\n\n<p><em>\u2013 Mai exist\u0103 disfunc\u0163ionalit\u0103\u0163i care aduc prejudicii materiale colegilor no\u015ftri?<\/em><\/p>\n\n\n\n<p>\u2013 Mai pot semnala ceva \u00een activitatea unit\u0103\u0163ilor\/ institu\u0163iilor de \u00eenv\u0103\u0163\u0103m\u00e2nt conexe, c\u0103rora Ministerul Educa\u0163iei le-a comunicat fila de buget pentru anul 2024, iar \u00een dreptul cheltuielilor de navet\u0103 pentru personalul didactic suma era un mare 0. Situa\u0163ia a fost rezolvat\u0103 dup\u0103 interven\u0163ia noastr\u0103 prin intermediul FSLI, iar lucrurile intr\u0103 pe f\u0103ga\u015ful normal. Decontul cheltuielilor cu naveta pentru personalul didactic reprezint\u0103 un punct nevralgic pentru c\u00e2teva unit\u0103\u0163i administrativ teritoriale din jude\u0163ul Neam\u0163. Situa\u0163ia este de nerezolvat \u00een comuna V\u0103leni unde autoritatea local\u0103 ac\u0163ioneaz\u0103 discre\u0163ionar, \u00eempotriva tuturor discu\u0163iilor \u015fi interven\u0163iilor avute, v\u0103duvind personalul care se \u00eencadreaz\u0103 \u00een prevederile legale de a-\u015fi primi sumele aferente pentru navet\u0103 de foarte mult timp. Pe acela\u015fi subiect am intervenit \u015fi la Prim\u0103ria Municipiului Roman, unde am deblocat situa\u0163ia, iar colegii no\u015ftri \u00eencep s\u0103-\u015fi primeasc\u0103 sumele restante.<\/p>\n\n\n\n<p><strong><em>A consemnat Gianina BURUIAN\u0102<\/em><\/strong><\/p>\n","protected":false},"excerpt":{"rendered":"<p>Interviu cu dl. Ionel Hociung, pre\u015fedinte al Sindicatului din \u00cenv\u0103\u0163\u0103m\u00e2nt Neam\u0163 \u2013 Domnule Ionel Hociung, \u00eencep prin a v\u0103 \u00eentreba dac\u0103 exist\u0103 nout\u0103\u0163i pe plan sindical de la ultima noastr\u0103 \u00eent\u00e2lnire \u015fi p\u00e2n\u0103 acum, cu rug\u0103mintea de a prezenta mai&hellip;<\/p>\n<p class=\"more-link-p\"><a class=\"more-link\" href=\"http:\/\/www.slineamt.ro\/apostolul\/viata-sindicala-imperative\/semnale-pozitive-dar-si-neimpliniri\/\">Read more &rarr;<\/a><\/p>\n","protected":false},"author":1,"featured_media":0,"comment_status":"open","ping_status":"closed","sticky":false,"template":"","format":"standard","meta":{"footnotes":""},"categories":[11,483],"tags":[],"class_list":["post-25887","post","type-post","status-publish","format-standard","hentry","category-viata-sindicala-imperative","category-numarul-273"],"_links":{"self":[{"href":"http:\/\/www.slineamt.ro\/apostolul\/wp-json\/wp\/v2\/posts\/25887","targetHints":{"allow":["GET"]}}],"collection":[{"href":"http:\/\/www.slineamt.ro\/apostolul\/wp-json\/wp\/v2\/posts"}],"about":[{"href":"http:\/\/www.slineamt.ro\/apostolul\/wp-json\/wp\/v2\/types\/post"}],"author":[{"embeddable":true,"href":"http:\/\/www.slineamt.ro\/apostolul\/wp-json\/wp\/v2\/users\/1"}],"replies":[{"embeddable":true,"href":"http:\/\/www.slineamt.ro\/apostolul\/wp-json\/wp\/v2\/comments?post=25887"}],"version-history":[{"count":1,"href":"http:\/\/www.slineamt.ro\/apostolul\/wp-json\/wp\/v2\/posts\/25887\/revisions"}],"predecessor-version":[{"id":25888,"href":"http:\/\/www.slineamt.ro\/apostolul\/wp-json\/wp\/v2\/posts\/25887\/revisions\/25888"}],"wp:attachment":[{"href":"http:\/\/www.slineamt.ro\/apostolul\/wp-json\/wp\/v2\/media?parent=25887"}],"wp:term":[{"taxonomy":"category","embeddable":true,"href":"http:\/\/www.slineamt.ro\/apostolul\/wp-json\/wp\/v2\/categories?post=25887"},{"taxonomy":"post_tag","embeddable":true,"href":"http:\/\/www.slineamt.ro\/apostolul\/wp-json\/wp\/v2\/tags?post=25887"}],"curies":[{"name":"wp","href":"https:\/\/api.w.org\/{rel}","templated":true}]}}