{"id":25907,"date":"2024-07-22T12:20:18","date_gmt":"2024-07-22T12:20:18","guid":{"rendered":"https:\/\/www.slineamt.ro\/apostolul\/?p=25907"},"modified":"2024-07-22T12:25:23","modified_gmt":"2024-07-22T12:25:23","slug":"o-premiera-nemteana-cupa-sindicatului-la-pescuit-sportiv","status":"publish","type":"post","link":"http:\/\/www.slineamt.ro\/apostolul\/lectia-de-istorie\/o-premiera-nemteana-cupa-sindicatului-la-pescuit-sportiv\/","title":{"rendered":"O premier\u0103 nem\u0163ean\u0103: \u201eCupa Sindicatului\u201d la pescuit sportiv!"},"content":{"rendered":"<div class=\"wp-block-image\">\n<figure class=\"alignleft size-full\"><a href=\"http:\/\/www.slineamt.ro\/apostolul\/wp-content\/uploads\/2024\/07\/30-ap274-foto1.jpg\"><img loading=\"lazy\" decoding=\"async\" width=\"454\" height=\"313\" src=\"http:\/\/www.slineamt.ro\/apostolul\/wp-content\/uploads\/2024\/07\/30-ap274-foto1.jpg\" alt=\"\" class=\"wp-image-25910\" srcset=\"http:\/\/www.slineamt.ro\/apostolul\/wp-content\/uploads\/2024\/07\/30-ap274-foto1.jpg 454w, http:\/\/www.slineamt.ro\/apostolul\/wp-content\/uploads\/2024\/07\/30-ap274-foto1-300x207.jpg 300w, http:\/\/www.slineamt.ro\/apostolul\/wp-content\/uploads\/2024\/07\/30-ap274-foto1-260x179.jpg 260w, http:\/\/www.slineamt.ro\/apostolul\/wp-content\/uploads\/2024\/07\/30-ap274-foto1-160x110.jpg 160w\" sizes=\"auto, (max-width: 454px) 100vw, 454px\" \/><\/a><\/figure>\n<\/div>\n\n\n<p>Dup\u0103 trei sau patru zile de vreme mohor\u00e2t\u0103, cu ploi abundente, vijelii cu grindin\u0103 \u015fi toate cele descurajante, s\u00e2mb\u0103t\u0103, 15 iunie 2024, iese soarele \u015fi pe strada noastr\u0103, \u015fi avem o zi minunat\u0103 de mers la balt\u0103 \u2013 o minune aproape nesperat\u0103 de organizatorii concursului de pescuit sportiv la Piatra-Neam\u0163.<\/p>\n\n\n\n<p>Organizat de Sindicatul din \u00cenv\u0103\u0163\u0103m\u00e2nt Neam\u0163 \u2013 care, pe l\u00e2ng\u0103 \u00eendatoririle legate de ap\u0103rarea \u015fi promovarea drepturilor \u015fi intereselor profesionale ale membrilor de sindicat, are \u00een vedere, conform statutului, \u015fi ac\u0163iuni sociale, culturale \u015fi sportive \u2013 concursul de pescuit sportiv \u201eCupa Sindicatului\u201d a reunit pe malul b\u0103l\u0163ii lui \u201enea Iulian\u201d un num\u0103r de opt participan\u0163i echipa\u0163i p\u00e2n\u0103-n din\u0163i cu cele mai moderne \u015fi sofisticate scule de pescuit. <\/p>\n\n\n<div class=\"wp-block-image\">\n<figure class=\"alignright size-full is-resized\"><a href=\"http:\/\/www.slineamt.ro\/apostolul\/wp-content\/uploads\/2024\/07\/30-ap274-foto2.jpg\"><img loading=\"lazy\" decoding=\"async\" width=\"416\" height=\"307\" src=\"http:\/\/www.slineamt.ro\/apostolul\/wp-content\/uploads\/2024\/07\/30-ap274-foto2.jpg\" alt=\"\" class=\"wp-image-25911\" style=\"width:392px;height:auto\" srcset=\"http:\/\/www.slineamt.ro\/apostolul\/wp-content\/uploads\/2024\/07\/30-ap274-foto2.jpg 416w, http:\/\/www.slineamt.ro\/apostolul\/wp-content\/uploads\/2024\/07\/30-ap274-foto2-300x221.jpg 300w, http:\/\/www.slineamt.ro\/apostolul\/wp-content\/uploads\/2024\/07\/30-ap274-foto2-260x192.jpg 260w, http:\/\/www.slineamt.ro\/apostolul\/wp-content\/uploads\/2024\/07\/30-ap274-foto2-160x118.jpg 160w\" sizes=\"auto, (max-width: 416px) 100vw, 416px\" \/><\/a><\/figure>\n<\/div>\n\n\n<p>Programul zilei a \u00eenceput cu o scurt\u0103 \u015fedin\u0163\u0103 tehnic\u0103 \u00een care s-au adus la cuno\u015ftin\u0163a pescarilor chestiuni legate de regulament \u015fi, dup\u0103 lansarea nadei, la ora 9,00, a \u00eenceput concursul propriu-zis. Dac\u0103 \u00een prima parte a programului, p\u00e2n\u0103 la ora 13,00, capturile au lipsit cu des\u0103v\u00e2r\u015fire \u2013 to\u0163i concuren\u0163ii situ\u00e2ndu-se pe locul \u00eent\u00e2i \u2013 dup\u0103 pauza de amiaz\u0103, lucrurile s-au schimbat. Apetitul urm\u0103ri\u0163ilor de serviciu a \u00eenceput s\u0103 fie mai concludent, astfel c\u0103 dup\u0103 ce unii participan\u0163i au \u00eenceput s\u0103 aib\u0103 capturi, starea de optimism \u015fi voie bun\u0103 s-a instalat pe \u00eentreaga balt\u0103.<\/p>\n\n\n\n<p>La finalul concursului, la ora 17,00 c\u00e2nd s-au scos din ap\u0103 toate \u201ebe\u0163ele\u201d, am fost pu\u015fi \u00een ginga\u015fa situa\u0163ie de a c\u00e2nt\u0103ri \u015fi contabiliza \u00een mod realist capturile. (\u00cen juvelnic, to\u0163i pe\u015ftii p\u0103reau mai burduh\u0103no\u015fi!)<\/p>\n\n\n<div class=\"wp-block-image\">\n<figure class=\"alignleft size-full\"><a href=\"http:\/\/www.slineamt.ro\/apostolul\/wp-content\/uploads\/2024\/07\/30-ap274-foto3.jpg\"><img loading=\"lazy\" decoding=\"async\" width=\"378\" height=\"388\" src=\"http:\/\/www.slineamt.ro\/apostolul\/wp-content\/uploads\/2024\/07\/30-ap274-foto3.jpg\" alt=\"\" class=\"wp-image-25912\" srcset=\"http:\/\/www.slineamt.ro\/apostolul\/wp-content\/uploads\/2024\/07\/30-ap274-foto3.jpg 378w, http:\/\/www.slineamt.ro\/apostolul\/wp-content\/uploads\/2024\/07\/30-ap274-foto3-292x300.jpg 292w, http:\/\/www.slineamt.ro\/apostolul\/wp-content\/uploads\/2024\/07\/30-ap274-foto3-260x267.jpg 260w, http:\/\/www.slineamt.ro\/apostolul\/wp-content\/uploads\/2024\/07\/30-ap274-foto3-160x164.jpg 160w\" sizes=\"auto, (max-width: 378px) 100vw, 378px\" \/><\/a><\/figure>\n<\/div>\n\n\n<p>Pe locul \u00eent\u00e2i, cu capturi totaliz\u00e2nd 6,425 kg, s-a situat domnul <strong>Cre\u0163ulescu Bogdan Ionu\u0163<\/strong>, pe al doilea loc s-a plasat domnul <strong>Purice Victor<\/strong> cu o captur\u0103 de 1.785 kg, iar pe al treilea loc s-a situat domnul <strong>S\u00e2rghi Ovidiu Eduard<\/strong> cu o captur\u0103 de 1,425 kg.<\/p>\n\n\n\n<p>C\u00e2\u015ftig\u0103torilor li s-au decernat trofee \u015fi diplome, iar c\u0103tre sear\u0103 ne-am desp\u0103r\u0163it cu satisfac\u0163ia petrecerii unei zile minunate, \u00eentr-un cadru natural deosebit, cu bucuria consolid\u0103rii unor leg\u0103turi de prietenie \u015fi cu promisiunea conducerii sindicatului c\u0103 vor mai avea loc astfel de evenimente.<\/p>\n\n\n\n<p>Nu putem \u00eencheia f\u0103r\u0103 a-i mul\u0163umi domnului Iulian Andro\u015fc\u0103, administratorul loca\u0163iei, pentru bun\u0103voin\u0163a de a g\u0103zdui evenimentul, precum \u015fi conducerii SLLICS Neam\u0163 pentru ini\u0163iativ\u0103.<\/p>\n\n\n\n<p><strong><em>Red.<\/em><\/strong><\/p>\n","protected":false},"excerpt":{"rendered":"<p>Dup\u0103 trei sau patru zile de vreme mohor\u00e2t\u0103, cu ploi abundente, vijelii cu grindin\u0103 \u015fi toate cele descurajante, s\u00e2mb\u0103t\u0103, 15 iunie 2024, iese soarele \u015fi pe strada noastr\u0103, \u015fi avem o zi minunat\u0103 de mers la balt\u0103 \u2013 o minune&hellip;<\/p>\n<p class=\"more-link-p\"><a class=\"more-link\" href=\"http:\/\/www.slineamt.ro\/apostolul\/lectia-de-istorie\/o-premiera-nemteana-cupa-sindicatului-la-pescuit-sportiv\/\">Read more &rarr;<\/a><\/p>\n","protected":false},"author":1,"featured_media":0,"comment_status":"open","ping_status":"closed","sticky":false,"template":"","format":"standard","meta":{"footnotes":""},"categories":[6,484],"tags":[],"class_list":["post-25907","post","type-post","status-publish","format-standard","hentry","category-lectia-de-istorie","category-numarul-274"],"_links":{"self":[{"href":"http:\/\/www.slineamt.ro\/apostolul\/wp-json\/wp\/v2\/posts\/25907","targetHints":{"allow":["GET"]}}],"collection":[{"href":"http:\/\/www.slineamt.ro\/apostolul\/wp-json\/wp\/v2\/posts"}],"about":[{"href":"http:\/\/www.slineamt.ro\/apostolul\/wp-json\/wp\/v2\/types\/post"}],"author":[{"embeddable":true,"href":"http:\/\/www.slineamt.ro\/apostolul\/wp-json\/wp\/v2\/users\/1"}],"replies":[{"embeddable":true,"href":"http:\/\/www.slineamt.ro\/apostolul\/wp-json\/wp\/v2\/comments?post=25907"}],"version-history":[{"count":4,"href":"http:\/\/www.slineamt.ro\/apostolul\/wp-json\/wp\/v2\/posts\/25907\/revisions"}],"predecessor-version":[{"id":25915,"href":"http:\/\/www.slineamt.ro\/apostolul\/wp-json\/wp\/v2\/posts\/25907\/revisions\/25915"}],"wp:attachment":[{"href":"http:\/\/www.slineamt.ro\/apostolul\/wp-json\/wp\/v2\/media?parent=25907"}],"wp:term":[{"taxonomy":"category","embeddable":true,"href":"http:\/\/www.slineamt.ro\/apostolul\/wp-json\/wp\/v2\/categories?post=25907"},{"taxonomy":"post_tag","embeddable":true,"href":"http:\/\/www.slineamt.ro\/apostolul\/wp-json\/wp\/v2\/tags?post=25907"}],"curies":[{"name":"wp","href":"https:\/\/api.w.org\/{rel}","templated":true}]}}