{"id":25916,"date":"2024-07-22T12:26:50","date_gmt":"2024-07-22T12:26:50","guid":{"rendered":"https:\/\/www.slineamt.ro\/apostolul\/?p=25916"},"modified":"2024-07-22T12:26:50","modified_gmt":"2024-07-22T12:26:50","slug":"calendar-septembrie-2024","status":"publish","type":"post","link":"http:\/\/www.slineamt.ro\/apostolul\/lectia-de-istorie\/calendar-septembrie-2024\/","title":{"rendered":"CALENDAR \u2013 septembrie 2024"},"content":{"rendered":"\n<p><\/p>\n\n\n\n<p>01. <strong>REBREANU, Liviu<\/strong> (27 nov. 1885 \u2013 1 sept. 1944) \u2013 <strong>80<\/strong> de ani de la moartea prozatorului;<\/p>\n\n\n\n<p>03. <strong>DR\u00c2MBA, Ovidiu<\/strong> (3 sept. 1919 \u2013 29 aprilie 2015) \u2013 <strong>105<\/strong> de ani de la na\u015fterea istoricului literar;<\/p>\n\n\n\n<p>05. <strong>VLAHU\u0162\u0102,&nbsp; Alexandru<\/strong> (5 sept. 1859 \u2013 19 nov. 1919) \u2013 <strong>165<\/strong> de ani de la na\u015fterea scriitorului;<\/p>\n\n\n\n<p>06. <strong>FILIMON, Nicolae<\/strong> (6 sept. 1819 \u2013 19 mart. 1865) \u2013 <strong>205<\/strong> de ani de la na\u015fterea prozatorului;<\/p>\n\n\n\n<p>07. <strong>KAZAN, Elia<\/strong> (7 sept. 1909 \u2013 28 sept. 2003) \u2013 <strong>115<\/strong> ani de la na\u015fterea regizorului american de origine greac\u0103;<\/p>\n\n\n\n<p>07. <strong>PACEA, Ion<\/strong> (7 sept. 1924 \u2013 13 aug. 1999) \u2013 <strong>100<\/strong> de ani de la na\u015fterea pictorului;<\/p>\n\n\n\n<p>10. <strong>CANTEMIR, Antioh<\/strong> (10 sept. 1709 \u2013 11 apr. 1744) \u2013 <strong>315<\/strong> ani de la na\u015fterea c\u0103rturarului;<\/p>\n\n\n\n<p>11. <strong>RONSARD, Pierre de<\/strong> (11 sept. 1524 \u2013 27 dec. 1585) \u2013 <strong>500<\/strong> de ani de la na\u015fterea poetului;<\/p>\n\n\n\n<p>14. <strong>CONTA, Iosf<\/strong> (14 sept. 1924 \u2013 7 nov. 2006) \u2013 <strong>100<\/strong> de ani de la na\u015fterea dirijorului;<\/p>\n\n\n\n<p>15. <strong>BIOY CASARES, Adolfo<\/strong> (15 sept. 1914 \u2013 8 martie 1999) \u2013 <strong>110<\/strong> ani de la na\u015fterea scriitorului argentinian;<\/p>\n\n\n\n<p>15. <strong>COOPER, James Fenimore<\/strong> (15 sept. 1794 \u2013 14 sept. 1851) \u2013 <strong>230<\/strong> de ani de la na\u015fterea scriitorului american;<\/p>\n\n\n\n<p>17. <strong>S\u00c2RBU, Ion D.<\/strong> (28 iun.1919 \u2013 17 sept.1989) \u2013 <strong>35<\/strong> de ani de la moartea scriitorului;<\/p>\n\n\n\n<p>21. <strong>V\u0102C\u0102RESCU, Elena<\/strong> (21 sept. 1864 \u2013 17 feb. 1947) \u2013 <strong>160<\/strong> de ani de la na\u015fterea scriitoarei;<\/p>\n\n\n\n<p>24. <strong>FREUD, Sigmund<\/strong> (6 mai 1856 \u2013 24 sept. 1939) \u2013 <strong>85<\/strong> de ani de la moartea psihanalistului austriac;<\/p>\n\n\n\n<p>26. <strong>HEIDEGGER, Martin<\/strong> (26 sept. 1889 \u2013 26 mai 1976) \u2013 <strong>135<\/strong> de ani de la na\u015fterea filozofului german.<\/p>\n\n\n\n<p><strong><em>Red.<\/em><\/strong><\/p>\n","protected":false},"excerpt":{"rendered":"<p>01. REBREANU, Liviu (27 nov. 1885 \u2013 1 sept. 1944) \u2013 80 de ani de la moartea prozatorului; 03. DR\u00c2MBA, Ovidiu (3 sept. 1919 \u2013 29 aprilie 2015) \u2013 105 de ani de la na\u015fterea istoricului literar; 05. VLAHU\u0162\u0102,&nbsp; Alexandru&hellip;<\/p>\n<p class=\"more-link-p\"><a class=\"more-link\" href=\"http:\/\/www.slineamt.ro\/apostolul\/lectia-de-istorie\/calendar-septembrie-2024\/\">Read more &rarr;<\/a><\/p>\n","protected":false},"author":1,"featured_media":0,"comment_status":"open","ping_status":"closed","sticky":false,"template":"","format":"standard","meta":{"footnotes":""},"categories":[6,484],"tags":[],"class_list":["post-25916","post","type-post","status-publish","format-standard","hentry","category-lectia-de-istorie","category-numarul-274"],"_links":{"self":[{"href":"http:\/\/www.slineamt.ro\/apostolul\/wp-json\/wp\/v2\/posts\/25916","targetHints":{"allow":["GET"]}}],"collection":[{"href":"http:\/\/www.slineamt.ro\/apostolul\/wp-json\/wp\/v2\/posts"}],"about":[{"href":"http:\/\/www.slineamt.ro\/apostolul\/wp-json\/wp\/v2\/types\/post"}],"author":[{"embeddable":true,"href":"http:\/\/www.slineamt.ro\/apostolul\/wp-json\/wp\/v2\/users\/1"}],"replies":[{"embeddable":true,"href":"http:\/\/www.slineamt.ro\/apostolul\/wp-json\/wp\/v2\/comments?post=25916"}],"version-history":[{"count":1,"href":"http:\/\/www.slineamt.ro\/apostolul\/wp-json\/wp\/v2\/posts\/25916\/revisions"}],"predecessor-version":[{"id":25917,"href":"http:\/\/www.slineamt.ro\/apostolul\/wp-json\/wp\/v2\/posts\/25916\/revisions\/25917"}],"wp:attachment":[{"href":"http:\/\/www.slineamt.ro\/apostolul\/wp-json\/wp\/v2\/media?parent=25916"}],"wp:term":[{"taxonomy":"category","embeddable":true,"href":"http:\/\/www.slineamt.ro\/apostolul\/wp-json\/wp\/v2\/categories?post=25916"},{"taxonomy":"post_tag","embeddable":true,"href":"http:\/\/www.slineamt.ro\/apostolul\/wp-json\/wp\/v2\/tags?post=25916"}],"curies":[{"name":"wp","href":"https:\/\/api.w.org\/{rel}","templated":true}]}}