{"id":25923,"date":"2024-07-22T12:31:10","date_gmt":"2024-07-22T12:31:10","guid":{"rendered":"https:\/\/www.slineamt.ro\/apostolul\/?p=25923"},"modified":"2024-07-22T12:31:10","modified_gmt":"2024-07-22T12:31:10","slug":"rememorari-nemtene-august-2024","status":"publish","type":"post","link":"http:\/\/www.slineamt.ro\/apostolul\/lectia-de-istorie\/rememorari-nemtene-august-2024\/","title":{"rendered":"REMEMOR\u0102RI NEM\u021aENE \u2013 august 2024"},"content":{"rendered":"\n<p>\u25a0 2\/1891 \u2013 n. <strong>Mihail Jora<\/strong>, la Roman (d. 10. 05. 1971, Bucure\u015fti), compozitor, dirijor, membru al Academiei Rom\u00e2ne (1955). A absolvit Conservatorul \u015fi Facultatea de Drept, Ia\u015fi, Conservatorul din Leipzig. A fost: director muzical (Radiodifuziunea Rom\u00e2n\u0103), consilier artistic (Filarmonica \u015fi Opera Rom\u00e2n\u0103), rector al Conservatorului, dirijor, pianist. Fondator al Societ\u0103\u0163ii Compozitorilor Rom\u00e2ni; membru al Institutului \u201eMax Reger\u201d din Bonn (1948). Crea\u0163ia: balete (\u201eCurtea veche\u201d, \u201eLa pia\u0163\u0103\u201d, \u201eC\u00e2nd strugurii se coc\u201d \u015f. a.), suita simfonic\u0103 \u201ePriveli\u015fti moldovene\u015fti\u201d (\u015fi un motiv melodic din folclor: \u201ePe malul Tazl\u0103ului\u201d), poeme simfonice (\u201ePoveste indic\u0103\u201d, \u201eBurlesc\u0103\u201d), \u201eSimfonia \u00een do\u201d, \u201eBalada pentru bariton \u015fi orchestr\u0103\u201d, muzic\u0103 de camer\u0103 (\u201eCvartetul de coarde\u201d), lieduri, pe versuri ale poe\u0163ilor rom\u00e2ni \u015f. a.<\/p>\n\n\n\n<p>\u25a0 08\/1957 \u2013 n. <strong>Gheorghe Br\u00e2nzei<\/strong>, la Piatra-Neam\u0163, profesor la Colegiul Na\u0163ional <em>Calistrat Hoga\u015f<\/em>; doctor \u00een Filologie; inspector \u015fcolar la ISJ Neam\u0163; director al Colegiului Tehnic Forestier; membru \u00een Comisia na\u0163ional\u0103 de limba \u015fi literatura rom\u00e2n\u0103 la Ministerul Educa\u0163iei; fondator \u015fi coordonator al revistei <em>Adobiografiin\u0163a<\/em>, autor al volumelor: <em>Literatura contemporan\u0103 \u00een \u015fcoal\u0103<\/em>, <em>Despre poezie<\/em>, <em>Despre cuv\u00e2ntul rom\u00e2nesc etc.; coordonator \u015fi coautor: Limba \u015fi literatura rom\u00e2n\u0103 \u00een gimnaziu, Limba \u015fi literatura rom\u00e2n\u0103 \u00een liceu<\/em>, <em>Lec\u0163ia de limba \u015fi literatura rom\u00e2n\u0103<\/em>, <em>Ghid metodologic pentru \u00eenv\u0103\u0163\u0103m\u00e2ntul primar, gimnazial \u015fi liceal, <\/em>ghiduri de preg\u0103tire pentru: Evaluare Na\u0163ional\u0103, BAC, olimpiade \u015fi concursuri \u015fcolare, culegeri de teste pentru clasele V-XII, sinteze diverse; colaborator al revistelor: <em>Asachi<\/em>, <em>Apostolul<\/em>, <em>Convorbiri didactice<\/em>; autor de studii \u015fi articole pe teme de didactic\u0103; organizator de olimpiade \u015fi concursuri \u015fcolare de crea\u0163ie; participant la proiecte educa\u0163ionale na\u0163ionale \u015fi interna\u0163ionale (Rom\u00e2nia \u2013 <em>Olimpiada interna\u0163ional\u0103 de limba \u015fi literatura rom\u00e2n\u0103<\/em>, 2011, Fran\u0163a, Spania, Anglia, Italia, Portugalia).<\/p>\n\n\n\n<p>\u25a0 8\/1907 \u2013 n. <strong>Gheorghe I. Cartianu<\/strong>, la Borca, Neam\u0163 (d. 26. 06. 1982, Bucure\u015fti), inginer, profesor universitar doctor docent (1970), membru corespondent al Academiei (1964). Absolvent al \u015ecolii Politehnice, Bucure\u015fti, asistent la \u015ecoala Politehnic\u0103 (1934), la Societatea de Radiodifuziune pentru Studioul Bucure\u015fti. Primele instala\u0163ii rom\u00e2ne\u015fti de emisie de radio cu modula\u0163ie de frecven\u0163\u0103, pe unde metrice, \u00een Rom\u00e2nia (1947); primul releu pe unde metrice (1952) dispecer radiotelefonic pentru galerii de min\u0103 (1966), sisteme de transmitere a orei exacte. C\u0103r\u0163i: \u201eModula\u0163ia de frecven\u0163\u0103\u201d; \u201eBazele radiotehnicei\u201d.&nbsp; Colabor\u0103ri: \u201eTelecomunica\u0163ii\u201d, \u201eBuletinul Institutului Politehnic din Bucure\u015fti\u201d, \u201eMemorii \u015fi Monografii\u201d ale Academiei Rom\u00e2ne.<\/p>\n\n\n\n<p>\u25a0 16\/1950 \u2013 n. <strong>Mircea-Titus Romanescu<\/strong>, la Piatra-Neam\u0163, pictor, a absolvit Institutul Politehnic Bucure\u015fti \u015fi Universitatea de Arte. Master \u00een \u201emanagement \u015fi impresariat \u00een arte vizuale\u201d. Membru al U. A. P. din Rom\u00e2nia, al Asocia\u0163iei Interna\u0163ionale a Arti\u015ftilor Plastici UNESCO \u015fi ARIPA din Torino. Expozi\u0163ii: Bac\u0103u, B\u00e2rlad, Bucure\u015fti, Chi\u015fin\u0103u, Piatra-Neam\u0163, Timi\u015foara, Bruxelles, Vene\u0163ia, Austria, Cehia, Olanda, Germania. Premiul I la Festivalul Na\u0163ional \u015fi c\u00e2\u015ftig\u0103tor al Concursului Cooymans-Covalenco.<\/p>\n\n\n\n<p>\u25a0 19\/1879 \u2013 n. <strong>Lasc\u0103r L. Vorel<\/strong>, la Copou, Ia\u015fi (d. februarie 1918, M\u00fcnchen, Germania), pictor postimpresionist. \u015ei-a petrecut prima parte a vie\u0163ii la Piatra-Neam\u0163. Dup\u0103 studiile liceale \u015fi \u015ecoala de Arte Frumoase din Ia\u015fi, a continuat studiile \u00een Germania, unde s-a stabilit \u00een 1899, petrec\u00e2ndu-\u0219i apoi o mare parte din via\u0163\u0103. \u00censcris la Akademie der Bildenden K\u00fcnste M\u00fcnchen (1900). Colabor\u0103ri: \u201eNea Ghi\u0163\u0103\u201d. Expune uleiuri \u015fi gua\u015fe \u00een cadrul Societ\u0103\u0163ii Tinerimea Artistic\u0103. Singura expozi\u0163ie personal\u0103 Galeria \u201eGolz\u201d din M\u00fcnchen (1931). \u00cen prezent, Muzeul de Art\u0103 din Piatra-Neam\u0163 de\u0163ine o parte a lucr\u0103rilor reprezentative din crea\u0163ia lui Lasc\u0103r Vorel, aduse \u00een \u0163ar\u0103, dup\u0103 moartea artistului (1918). A fost re\u00eenhumat \u00een Cimitirul \u201eEternitatea\u201d din Piatra-Neam\u0163, ora\u015f unde se organizeaz\u0103 Bienala de Pictur\u0103 \u201eLasc\u0103r Vorel\u201d.<\/p>\n\n\n\n<p>\u25a0 20. 08. 1944 &#8211; n. <strong>Parasca Agape<\/strong> (n. Boca), \u00een satul R\u0103chi\u0163i, Boto\u0219ani, (d. 06 iunie 2023, Piatra-Neam\u021b). A absolvit: \u015fcoala elementar\u0103 la Boto\u015fana, o \u015fcoal\u0103 de surori, a lucrat \u00een domeniul sanitar, apoi Institutul de Arte Plastice \u201eNicolae Grigorescu\u201d Bucure\u015fti, (1975). A predat desenul la \u015fcoli din Neam\u0163. Prima personal\u0103, la Galeria \u201eAlfa\u201d Piatra-Neam\u0163 (1981). A expus pictur\u0103 \u015fi grafic\u0103 \u00een expozi\u0163ii personale (design vestimentar la Bicaz \u015fi Piatra-Neam\u0163), \u00eempreun\u0103 cu Mihai Agape \u015fi \u00een expozi\u0163ii colective organizate de Filialele Bac\u0103u \u015fi Neam\u0163 ale U. A. P. (1975-2014). A participat la Bienala \u201eLasc\u0103r Vorel\u201d, la \u201eVorone\u0163iana\u201d din Suceava, la mai multe tabere de crea\u0163ie. Lucr\u0103ri \u00een colec\u0163ii din \u0163ar\u0103 \u015fi din: S.U.A., Germania, Italia, Spania, Anglia.<\/p>\n\n\n\n<p>\u25a0 20\/1975 \u2013 n. <strong>Lucian Gogu-Craiu<\/strong>, la Piatra-Neam\u0163, artist plastic, absolvent al Liceului de Art\u0103 din Piatra-Neam\u0163 \u015fi al Academiei de Arte Vizuale \u201eGeor\u00adge Enescu\u201d din Ia\u015fi (1999). Din 2002, membru al U. A. P. din Rom\u00e2nia. Personale, la Piatra-Neam\u0163. Colective \u015fi de grup: Piatra-Neam\u0163, T\u00e2rgu-Neam\u0163, Ia\u015fi, Bicaz, Bucure\u015fti, World Art Media, Contemporary Istambul Art Fair \u2013 Turcia, CIGE \u2013 China International Gallery Expozition, ART Basel, Miami Beach, Salon Art Shopping 25 &amp; 26 Octobre 2008 \u2013 Carrousel du Louvre. Realizeaz\u0103 grafic\u0103 de carte \u015fi de pres\u0103. Lucr\u0103ri \u00een colec\u0163ii din \u0163ar\u0103 \u015fi str\u0103in\u0103tate.<\/p>\n\n\n\n<p>\u25a0 26\/1925 \u2013 n. <strong>Ion Coman<\/strong>, la Pocreaca, Ia\u015fi (d. 5. 09. 1970, Constan\u0163a), primul director al T. T. din Piatra-Neam\u0163. De\u015fi a absolvit studii sumare, s-a dovedit a fi un bun organizator. Func\u0163ii: director al teatrelor din Bac\u0103u \u015fi \u201eConstantin T\u0103nase\u201d; Sec\u0163ia din Piatra-Neam\u0163 a Teatrului de Stat Bac\u0103u (1959), T. T. din Piatra-Neam\u0163, unde se va dovedi un priceput \u00een aducerea tinerilor actori (\u201egenera\u0163ia de aur\u201d a T. T.), regizori, scenografi \u015fi dramaturgi; a organizat prima edi\u0163ie a Festivalului de Teatru pentru Copii \u015fi Tineret (1969) \u015fi primele deplas\u0103ri peste grani\u021be: R. F. Germania, Italia, San Marino.<\/p>\n\n\n\n<p>\u25a0 30\/1942 \u2013 n. <strong>\u015etefan CORNEANU<\/strong>, la \u015etef\u0103ne\u015fti pe Prut, jude\u0163ul Boto\u015fani (d. 29 iulie 2014, Piatra-Neam\u0163).&nbsp; \u015ecoala medie mixt\u0103 Bicaz (1956-1960), Facultatea de filologie, Universitatea \u201eAl. I. Cuza\u201d \u2013 Ia\u015fi (1960-1965). Profesor la \u015fcolile generale din Cuejdi \u015fi Stejaru, director adjunct la Liceul Industrial Bicaz (1970-1980), inspector \u015fcolar (1980-1990) \u2013 vice \u015fi pre\u015fedinte al Filialei Neam\u0163 a Societ\u0103\u0163ii de \u015etiin\u0163e Filologice, profesor la Colegiul Na\u0163ional \u201eCalistrat Hoga\u015f\u201d, Piatra-Neam\u0163 (1990-2005). Lucr\u0103ri: \u201eLucia Demetrius \u2013 schi\u0163\u0103 monografic\u0103\u201d (licen\u0163\u0103), \u201eMihai Eminescu \u00een programele \u015fi manualele \u015fcolare\u201d (grad I). \u00cenfiin\u0163eaz\u0103 Sindicatul Liber al Inspectoratului \u015ecolar (dec. 1989 \u2013 ian. 1990), fiind \u015fi primul lider care ader\u0103 la&nbsp; SLLICS&nbsp; Neam\u0163. Membru al Consiliului Jude\u0163ean Neam\u0163 \u015fi al Biroului Executiv, av\u00e2nd \u015fi func\u0163ia de secretar executiv al SLLICS, p\u00e2n\u0103 \u00een 2008. Unul dintre membri fondatori ai seriei noi a revistei \u201eApostolul\u201d, redactor-\u015fef adjunct (1999-2014).<\/p>\n\n\n\n<p>\u25a0 30\/1960 \u2013 n. <strong>\u015etefan Potop<\/strong>, la Tazl\u0103u, Neam\u0163, profesor, artist plastic. Absolvent al Academiei de Arte \u201eGeorge Enescu\u201d, Ia\u015fi (1987). Este profesor la Liceul de Art\u0103 \u201eVictor Brauner\u201d din Piatra-Neam\u0163 \u015fi de\u0163ine func\u0163ia de pre\u015fedinte al Filialei Neam\u0163 a U. A. P. din Rom\u00e2nia. Expozi\u0163ii: Bac\u0103u, Baia Mare, Bucure\u015fti, Buz\u0103u, Gura Humorului, Ia\u015fi, Piatra-Neam\u0163, T\u00e2rgu-Mure\u015f, Vene\u0163ia, Praga. Tabere de crea\u0163ie: Ardelu\u0163a, Brate\u015f, Vii\u015foara, Borca, Dumbrava, Potoci, Dur\u0103u, V\u0103ratic, Tarc\u0103u, Tazl\u0103u.<\/p>\n\n\n\n<p><strong><em>Constantin TOM\u0218A<\/em><\/strong><\/p>\n\n\n\n<p>(<strong>N. R.<\/strong> \u2013 Prelucrare dup\u0103 <em>Personalit\u0103\u0163i ale culturii din jude\u0163ul Neam\u0163, un calendar alc\u0103tuit de Constantin Tom\u015fa<\/em>, Editura Crigarux&amp;Cetatea Doamnei, Piatra-Neam\u0163, 2014).<\/p>\n","protected":false},"excerpt":{"rendered":"<p>\u25a0 2\/1891 \u2013 n. Mihail Jora, la Roman (d. 10. 05. 1971, Bucure\u015fti), compozitor, dirijor, membru al Academiei Rom\u00e2ne (1955). A absolvit Conservatorul \u015fi Facultatea de Drept, Ia\u015fi, Conservatorul din Leipzig. A fost: director muzical (Radiodifuziunea Rom\u00e2n\u0103), consilier artistic (Filarmonica&hellip;<\/p>\n<p class=\"more-link-p\"><a class=\"more-link\" href=\"http:\/\/www.slineamt.ro\/apostolul\/lectia-de-istorie\/rememorari-nemtene-august-2024\/\">Read more &rarr;<\/a><\/p>\n","protected":false},"author":1,"featured_media":0,"comment_status":"open","ping_status":"closed","sticky":false,"template":"","format":"standard","meta":{"footnotes":""},"categories":[6,484],"tags":[],"class_list":["post-25923","post","type-post","status-publish","format-standard","hentry","category-lectia-de-istorie","category-numarul-274"],"_links":{"self":[{"href":"http:\/\/www.slineamt.ro\/apostolul\/wp-json\/wp\/v2\/posts\/25923","targetHints":{"allow":["GET"]}}],"collection":[{"href":"http:\/\/www.slineamt.ro\/apostolul\/wp-json\/wp\/v2\/posts"}],"about":[{"href":"http:\/\/www.slineamt.ro\/apostolul\/wp-json\/wp\/v2\/types\/post"}],"author":[{"embeddable":true,"href":"http:\/\/www.slineamt.ro\/apostolul\/wp-json\/wp\/v2\/users\/1"}],"replies":[{"embeddable":true,"href":"http:\/\/www.slineamt.ro\/apostolul\/wp-json\/wp\/v2\/comments?post=25923"}],"version-history":[{"count":1,"href":"http:\/\/www.slineamt.ro\/apostolul\/wp-json\/wp\/v2\/posts\/25923\/revisions"}],"predecessor-version":[{"id":25924,"href":"http:\/\/www.slineamt.ro\/apostolul\/wp-json\/wp\/v2\/posts\/25923\/revisions\/25924"}],"wp:attachment":[{"href":"http:\/\/www.slineamt.ro\/apostolul\/wp-json\/wp\/v2\/media?parent=25923"}],"wp:term":[{"taxonomy":"category","embeddable":true,"href":"http:\/\/www.slineamt.ro\/apostolul\/wp-json\/wp\/v2\/categories?post=25923"},{"taxonomy":"post_tag","embeddable":true,"href":"http:\/\/www.slineamt.ro\/apostolul\/wp-json\/wp\/v2\/tags?post=25923"}],"curies":[{"name":"wp","href":"https:\/\/api.w.org\/{rel}","templated":true}]}}