{"id":25925,"date":"2024-07-22T12:32:54","date_gmt":"2024-07-22T12:32:54","guid":{"rendered":"https:\/\/www.slineamt.ro\/apostolul\/?p=25925"},"modified":"2024-07-22T12:32:54","modified_gmt":"2024-07-22T12:32:54","slug":"rememorari-nemtene-iulie-2024","status":"publish","type":"post","link":"http:\/\/www.slineamt.ro\/apostolul\/lectia-de-istorie\/rememorari-nemtene-iulie-2024\/","title":{"rendered":"REMEMOR\u0102RI NEM\u021aENE \u2013 iulie 2024"},"content":{"rendered":"\n<p>\u25a0 2\/1933 \u2013 n. <strong>Alexandrina-Camelia Al. Manca\u015f<\/strong>, la Chilia, Talpa, Neam\u0163 (d. 28 mai 2022, Nevers, Fran\u0163a) profesoar\u0103, prozatoare, memorialist\u0103. A urmat Liceul \u201ePetru Rare\u015f\u201d din Piatra-Neam\u0163 \u015fi Facultatea de Educa\u0163ie Fizic\u0103 \u015fi Sport din Bucure\u015fti. Cariera didactic\u0103: la Liceul Teoretic din Bicaz \u015fi la Liceul \u201ePetru Rare\u015f\u201d. A debutat editorial cu romanul \u201eEternitate de trei ani\u201d, prefa\u0163at de Dumitru Alma\u015f. Alte c\u0103r\u0163i: \u201eIepurii de la Iepureni\u201d (colab.), 1997; \u201eAlb\u201d, versuri 1997; \u201e\u015eerbe\u015ftii lui Talp\u0103\u201d, monografie (colab.), 2004 \u015fi \u201eCovorul regal\u201d, 2017. Colabor\u0103ri: revista \u201e<strong>Apostolul<\/strong>\u201d, \u201eAsachi\u201d, \u201eAteneu\u201d, \u201eRevista de educa\u0163ie fizic\u0103 \u015fi sport\u201d \u015f. a.<\/p>\n\n\n\n<p>\u25a0 02\/2007 \u2013 d. <strong>Traian CICOARE<\/strong>, la Piatra-Neam\u0163, (n. \u2013 25.01.1925, V\u0103giule\u015fti, Jud. Mehedin\u0163i). Liceul \u201eTraian\u201d din Turnu-Severin (1944), Facultatea de Istorie din Cluj, 1968. Inspector la Comitetul de Cultur\u0103 \u015fi Art\u0103 Neam\u0163, profesor \u015fi director adj. la Liceul Pedagogic. Prezent la colocvii, simpozioane, vernisaje, lans\u0103ri de carte, festivaluri de teatru, manifest\u0103ri muzicale, frecventeaz\u0103 \u015fi Cenaclul <em>Petrodava<\/em>, iar din 2005, devine mentorul \u015fi sufletul grupului <em>Convorbiri Culturale Petrodava<\/em> \u015fi al <em>Funda\u0163iei Pro Basarabia \u015fi Bucovina<\/em>. Colaborator de baz\u0103 al revistei <em>Apostolul<\/em>, public\u0103 \u015fi \u00een ziarele locale, \u00een revistele <em>Asachi<\/em>, <em>Antiteze<\/em>, <em>\u0162ara Hangului<\/em>, <em>La Tazl\u0103u<\/em>, <em>Anotimpuri<\/em> etc.<\/p>\n\n\n\n<p>\u25a0 6\/1958 \u2013 n. <strong>Adrian Alui Gheorghe<\/strong>, la Topoli\u0163a, Neam\u0163, scriitor. Facultatea de Filologie, Ia\u015fi, dr. \u00een filologie. A condus Cercul Literar \u201eTinere\u0163e f\u0103r\u0103 b\u0103tr\u00e2ne\u0163e\u201d din Piatra-Neam\u0163, profesor, ziarist, director de muzeu, consilier, deputat, director al Direc\u0163iei pentru Cultur\u0103 Neam\u0163 \u015fi al Bibliotecii Jude\u0163ene \u201eG. T. Kirileanu\u201d. Colaboreaz\u0103 la cele mai importante reviste din \u0163ar\u0103. Ini\u0163iator al mai multor publica\u0163ii literare din Neam\u0163 (\u201eAntiteze\u201d, \u201eBiblioteca din Nord\u201d, \u201eCaietele de la Dur\u0103u\u201d, \u201eConta\u201d, \u201eIon Creang\u0103\u201d, \u201eMeridianul Ozana\u201d). Distins cu Premiul Na\u0163ional al U. S. \u015fi cu Ordinul Meritul Cultural, \u00een Grad de Cavaler \u015fi \u00een Grad de Ofi\u0163er. Fondator al Colocviilor Na\u0163ionale de Poezie. C\u0103r\u0163i: \u201dIntimitatea absen\u0163ei\u201d, \u201eC\u00e2ntece de \u00eengropat pe cei vii\u201d, \u201eFratele meu, str\u0103inul\u201d, \u201eSupravie\u0163uitorul \u015fi alte poeme\u201d, \u201eGoliath\u201d, \u201e\u00cengerul c\u0103zut\u201d, \u201eB\u0103tr\u00e2nul \u015fi Marta\u201d, \u201eP\u0103rintele Iustin P\u00e2rvu: o misiune rom\u00e2neasc\u0103 \u015fi cre\u015ftin\u0103\u201d, \u201eFrig\u201d. \u201eEpistolar (1978-1990)\u201d, \u201eO dram\u0103 la v\u00e2n\u0103toare\u201d, \u201ePaznicul ploii\u201d, \u201eContribu\u0163ii la estetica umbrei\u201d; \u201eUrma\u201d, \u201eLaika\u201d. A \u00eengrijit multe c\u0103r\u0163i din crea\u0163ia lui Aurel Dumitra\u015fcu.<\/p>\n\n\n\n<p>\u25a0 15. 07. 1976 \u2013 n. <strong>Daniel Dieaconu<\/strong>, la Piatra-Neam\u0163, profesor, istoric, eseist, documentarist. Dup\u0103 absolvirea Facult\u0103\u0163ii de Istorie din Bucure\u015fti, a ob\u0163inut catedra de specialitate la Grin\u0163ie\u015f. Este profesor mentor pentru istorie, doctor \u00een istorie (2007), membru al Consiliului \u015etiin\u0163ific al Parcului Na\u0163ional Ceahl\u0103u \u015f. a. C\u0103r\u0163i (\u00een nume propriu): \u201eLa poale de Ceahl\u0103u\u201d, \u201eCeahl\u0103ul, muntele legendelor sau legenda muntelui\u201d, \u201eLegendele Muntelui Ceahl\u0103u\u201d, \u201eEvreii din Moldova de Nord, cu privire special\u0103 asupra Jude\u0163ului Neam\u0163 \/ De la primele a\u015fez\u0103ri p\u00e2n\u0103 \u00een anul 1938\u201d, \u201eRealitatea unui mit: Corneliu Zelea Codreanu\u201d, \u201eMitologie \u015fi cre\u015ftinism la Muntele Ceahl\u0103u\u201d \u015f. a. Premiul revistei \u201eApostolul\u201d, edi\u0163ia I, Piatra-Neam\u0163, 2016.<\/p>\n\n\n\n<p>\u25a0 18\/1948 \u2013 n. <strong>Valerian PERC\u0102<\/strong>, la S\u0103boani (d. 06.12. 2010, Roman). Licen\u0163\u0103 \u00een filologie la Universitatea \u201eAl. I. Cuza\u201d din Ia\u015fi. Profesor la \u015ecoala general\u0103 din Muncelul de Sus, jude\u0163ul Ia\u015fi, profesor \u015fi director al Liceului din S\u0103boani, jude\u0163ul Neam\u0163. Colaborator al revistei noastre, apoi membru \u00een Consiliul de redac\u0163ie, a r\u0103spuns de prezentarea zonei Roman \u00een paginile <em>Apostolului<\/em> \u00een perioada decembrie 2002 \u2013 martie 2009. Se implic\u0103 \u00een mi\u015fcarea sindical\u0103, apoi \u00een cea politic\u0103, devenind \u00een 2009, vicepre\u015fedinte al C. J. Neam\u0163 \u015fi r\u0103spunz\u00e2nd demn \u015fi competent de cultura acestui spa\u0163iu.<\/p>\n\n\n\n<p>\u25a0 18\/1933 \u2013 n. <strong>Mihai-Emilian Manca\u015f<\/strong>, la Dobreni, Neam\u0163, profesor, poet, prozator, dramaturg, eseist. A absolvit Liceul \u201ePetru Rare\u015f\u201d, Piatra-Neam\u0163 \u015fi Facultatea de Litere a Universit\u0103\u0163ii \u201eC. I. Parhon\u201d, Bucure\u015fti. Profesor la Bicaz \u015fi Piatra-Neam\u0163. Deputat (1990). A debutat \u00een \u201eIa\u015ful nou\u201d. A colaborat la revistele: \u201eLuceaf\u0103rul\u201d,&nbsp; \u201eAsa\u00adchi\u201d, \u201eAteneu\u201d. Volume: \u201eFream\u0103tul luminii\u201d (colab. 1958); \u201eIepurii de la Iepureni\u201d (colab.); \u201eSine ira\u201d; \u201eBistri\u0163\u0103, ap\u0103 vioar\u0103\u201d, 2010; \u201eM\u0103m\u0103liga\u201d, 2011; \u201ePoezii din june\u0163e\u201d, 2012; \u201eTeatru\u201d, 2012; \u201eZilele: Lumea lui I\u0163\u0103, 2013; \u201eMoara lui Tudoran\u201d, 2014; \u201eV\u00e2nturile, valurile\u201d (2016); \u201eDidactica Parva\u201d (2021); \u201eDobreni \u2012 Neam\u0163, Vatr\u0103 de civiliza\u0163ie s\u0103teasc\u0103\u201d (2022).<\/p>\n\n\n\n<p>\u25a0 20\/1939 \u2013 n. <strong>Mihail Ap\u0103v\u0103loae<\/strong> la Avere\u015fti, comuna \u201eIon Creang\u0103\u201d, Neam\u0163. Absolvent al Facult\u0103\u0163ii de Biologie-Geografie din Ia\u015fi. Cadru didactic; cercet\u0103tor la Sta\u0163iunea \u201eStejarul\u201d din P\u00e2ng\u0103ra\u0163i, Piatra-Neam\u0163. A publicat \u00een reviste \u015fi tratate din \u0163ar\u0103 \u015fi din str\u0103in\u0103tate, peste 80 de lucr\u0103ri \u015ftiin\u0163ifice. C\u0103r\u0163i: \u201eGhid de practic\u0103 geologic\u0103, geografic\u0103 \u015fi biologic\u0103 \u00een partea central\u0103 a Carpa\u0163ilor Orientali\u201d (cap. Climatologie); \u201eGeografia Rom\u00e2niei, I, Geografia fizic\u0103\u201d (cap. Clima); mai multe studii monografie ale localit\u0103\u0163ilor Piatra-Neam\u0163, St\u0103ni\u0163a; P\u00e2ng\u0103ra\u0163i, Tarc\u0103u, despre biserici \u015fi Protopopiatul Piatra-Neam\u0163.<\/p>\n\n\n\n<p>\u25a0 21\/1959 \u2013 n. <strong>Dorin Ploscaru<\/strong>, la Podoleni, Neam\u0163, preot, poet. Facult\u0103\u0163ile de Teologie din Bucure\u015fti \u015fi Ia\u015fi (1993). Paroh la: Fundu-Her\u0163ei, Dorohoi, la Mirce\u015fti, Ia\u015fi, la Hl\u0103pe\u015fti, Neam\u0163, profesor, la Seminarul Teologic, Baia-Mare, inspector la Inspectoratul pentru Cultur\u0103 Neam\u0163, paroh la Parohia \u201eSf\u00e2nta Treime\u201d, Vaduri II. Colabor\u0103ri: \u201eLuceaf\u0103rul\u201d, \u201ePoesis\u201d, \u201eConvorbiri literare\u201d, \u201eDacia literar\u0103\u201d, \u201eCaiete boto\u015f\u0103nene\u201d, \u201eRom\u00e2nia literar\u0103\u201d, \u201eVatra\u201d. Debut editorial: \u201eS\u0103 mori prim\u0103vara\u201d, versuri. Au urmat \u201eS\u00e2mb\u0103ta lui Laz\u0103r\u201d, \u201eFla\u015fneta\u201d, \u201ePe\u015ftele pe uscat\u201d, \u201ePe\u015ftele albastru\u201d, \u201eAurora dreams\u201d.<\/p>\n\n\n\n<p>\u25a0 22\/1955 \u2013 n. <strong>Grigore Agache<\/strong>, la Gher\u0103e\u015fti, Neam\u0163, artist plastic. A absolvit Liceul de Muzic\u0103 \u015fi Arte Plastice \u201eOctav B\u0103ncil\u0103\u201d Ia\u015fi \u015fi Institutul de Arte Plastice \u201eIon Andreescu\u201d din Cluj-Napoca. Membru U. A. P. A debutat la Cluj-Napoca, la o expozi\u0163ie studen\u0163easc\u0103 (1979); numeroase expozi\u0163ii personale, colective la: Bucure\u015fti, Piatra-Neam\u0163, Bac\u0103u, Baia Mare; Italia; Chi\u015fin\u0103u; Budapesta; Bienalele \u201eLasc\u0103r Vorel\u201d; participant la Taberele de crea\u0163ie: Tescani, Bac\u0103u, din Neam\u0163: Dumbrava, Potoci, Dur\u0103u. Premiul special al juriului la Bienala \u201eLasc\u0103r Vorel\u201d. Premiul pentru pictur\u0103 \u2013 Bienala \u201eLasc\u0103r Vorel\u201d.<\/p>\n\n\n\n<p>\u25a0 23\/1913 \u2013 n. <strong>Ioan Iacob de la Neam\u0163<\/strong>, la Cr\u0103iniceni, Horodi\u015ftea, Boto\u015fani (d. 5. 08. 1960), a urmat, liceul, la Cozmeni-Cern\u0103u\u0163i \u015fi \u00een 1932, rudele vor s\u0103-l dea la Facultatea de Teologie din Cern\u0103u\u0163i, dar el a refuzat \u015fi dup\u0103 un an a intrat \u00een ob\u015ftea M\u0103n\u0103stirii Neam\u0163, ostenindu-se ca bibliotecar \u015fi \u00eengrijitor la bolni\u0163\u0103. Este tuns \u00een cinul c\u0103lug\u0103resc. Pleac\u0103 \u00een \u0162ara Sf\u00e2nt\u0103 la M\u0103n\u0103stirea Sf. Sava (paracliser, infirmier), se nevoie\u015fte \u00eentr-o pe\u015fter\u0103 aproape de Marea Moart\u0103 (1939-1940), \u00eentr-un lag\u0103r pe Muntele M\u0103slinilor (1940-1941), se \u00eentoarce la M\u0103n\u0103stirea Sf. Sava, e hirotonit diacon (1947), preot \u00een biserica Sf\u00e2ntului Morm\u00e2nt; \u00een ob\u015ftea M\u0103n\u0103stirii Sf. Gheorghe Hozevitul (1952), se retrage \u00een pe\u015ftera Chilia Sf. Ana, \u00een1953, timp de 7 ani. A trecut \u00een ve\u015fnicie, trupul s\u0103u, dup\u0103 20 de ani, a fost a\u015fezat \u00eentr-o racl\u0103 de chiparos \u015fi a fost trecut \u00een r\u00e2ndul sfin\u0163ilor (20-21. 06. 1992).<\/p>\n\n\n\n<p>\u25a0 24\/1921 \u2013 n. <strong>Teoctist Galinescu<\/strong>, la Hangu, Neam\u0163 (d, 10. 08. 2008, Chiri\u0163eni, Hangu), \u00eenv\u0103\u0163\u0103tor, publicist, absolvent al \u015ecolii Normale \u201eGheorghe Asachi\u201d din Piatra-Neam\u0163, de\u0163inut politic (1948-1953), a lucrat \u00een diferite domenii p\u00e2n\u0103 \u00een 1970, c\u00e2nd a fost reintegrat \u00een \u00eenv\u0103\u0163\u0103m\u00e2nt. Dup\u0103 1989, revine \u00een prim-planul vie\u0163ii sociale a comunei, fiind consilier local la Hangu, lider al organiza\u0163iei locale a veteranilor de r\u0103zboi, reactiveaz\u0103 tradi\u0163iile culturale ale comunei, prin scrieri de memorialistic\u0103, activit\u0103\u0163i artistice cu caracter folcloric \u015fi organizarea corului c\u0103minului cultural. El este cel care a pus bazele Funda\u0163iei Cultural\u0103 \u201eGavriil Galinescu\u201d \u015fi ale Revistei \u201e\u0162ara Hangului\u201d.<\/p>\n\n\n\n<p><strong><em>Constantin TOM\u0218A<\/em><\/strong><\/p>\n\n\n\n<p>(<strong>N. R.<\/strong> \u2013 Prelucrare dup\u0103 <em>Personalit\u0103\u0163i ale culturii din jude\u0163ul Neam\u0163, un calendar alc\u0103tuit de Constantin Tom\u015fa<\/em>, Editura Crigarux&amp;Cetatea Doamnei, Piatra-Neam\u0163, 2014).<\/p>\n","protected":false},"excerpt":{"rendered":"<p>\u25a0 2\/1933 \u2013 n. Alexandrina-Camelia Al. Manca\u015f, la Chilia, Talpa, Neam\u0163 (d. 28 mai 2022, Nevers, Fran\u0163a) profesoar\u0103, prozatoare, memorialist\u0103. A urmat Liceul \u201ePetru Rare\u015f\u201d din Piatra-Neam\u0163 \u015fi Facultatea de Educa\u0163ie Fizic\u0103 \u015fi Sport din Bucure\u015fti. Cariera didactic\u0103: la Liceul&hellip;<\/p>\n<p class=\"more-link-p\"><a class=\"more-link\" href=\"http:\/\/www.slineamt.ro\/apostolul\/lectia-de-istorie\/rememorari-nemtene-iulie-2024\/\">Read more &rarr;<\/a><\/p>\n","protected":false},"author":1,"featured_media":0,"comment_status":"open","ping_status":"closed","sticky":false,"template":"","format":"standard","meta":{"footnotes":""},"categories":[6,484],"tags":[],"class_list":["post-25925","post","type-post","status-publish","format-standard","hentry","category-lectia-de-istorie","category-numarul-274"],"_links":{"self":[{"href":"http:\/\/www.slineamt.ro\/apostolul\/wp-json\/wp\/v2\/posts\/25925","targetHints":{"allow":["GET"]}}],"collection":[{"href":"http:\/\/www.slineamt.ro\/apostolul\/wp-json\/wp\/v2\/posts"}],"about":[{"href":"http:\/\/www.slineamt.ro\/apostolul\/wp-json\/wp\/v2\/types\/post"}],"author":[{"embeddable":true,"href":"http:\/\/www.slineamt.ro\/apostolul\/wp-json\/wp\/v2\/users\/1"}],"replies":[{"embeddable":true,"href":"http:\/\/www.slineamt.ro\/apostolul\/wp-json\/wp\/v2\/comments?post=25925"}],"version-history":[{"count":1,"href":"http:\/\/www.slineamt.ro\/apostolul\/wp-json\/wp\/v2\/posts\/25925\/revisions"}],"predecessor-version":[{"id":25926,"href":"http:\/\/www.slineamt.ro\/apostolul\/wp-json\/wp\/v2\/posts\/25925\/revisions\/25926"}],"wp:attachment":[{"href":"http:\/\/www.slineamt.ro\/apostolul\/wp-json\/wp\/v2\/media?parent=25925"}],"wp:term":[{"taxonomy":"category","embeddable":true,"href":"http:\/\/www.slineamt.ro\/apostolul\/wp-json\/wp\/v2\/categories?post=25925"},{"taxonomy":"post_tag","embeddable":true,"href":"http:\/\/www.slineamt.ro\/apostolul\/wp-json\/wp\/v2\/tags?post=25925"}],"curies":[{"name":"wp","href":"https:\/\/api.w.org\/{rel}","templated":true}]}}