{"id":25929,"date":"2024-07-22T12:36:02","date_gmt":"2024-07-22T12:36:02","guid":{"rendered":"https:\/\/www.slineamt.ro\/apostolul\/?p=25929"},"modified":"2024-07-22T12:36:02","modified_gmt":"2024-07-22T12:36:02","slug":"simpozionul-national-petrodava-2","status":"publish","type":"post","link":"http:\/\/www.slineamt.ro\/apostolul\/lectia-de-istorie\/simpozionul-national-petrodava-2\/","title":{"rendered":"Simpozionul Na\u0163ional Petrodava"},"content":{"rendered":"<div class=\"wp-block-image\">\n<figure class=\"alignleft size-full is-resized\"><a href=\"http:\/\/www.slineamt.ro\/apostolul\/wp-content\/uploads\/2024\/07\/24-ap274-foto1.jpg\"><img loading=\"lazy\" decoding=\"async\" width=\"454\" height=\"323\" src=\"http:\/\/www.slineamt.ro\/apostolul\/wp-content\/uploads\/2024\/07\/24-ap274-foto1.jpg\" alt=\"\" class=\"wp-image-25930\" style=\"width:430px;height:auto\" srcset=\"http:\/\/www.slineamt.ro\/apostolul\/wp-content\/uploads\/2024\/07\/24-ap274-foto1.jpg 454w, http:\/\/www.slineamt.ro\/apostolul\/wp-content\/uploads\/2024\/07\/24-ap274-foto1-300x213.jpg 300w, http:\/\/www.slineamt.ro\/apostolul\/wp-content\/uploads\/2024\/07\/24-ap274-foto1-260x185.jpg 260w, http:\/\/www.slineamt.ro\/apostolul\/wp-content\/uploads\/2024\/07\/24-ap274-foto1-160x114.jpg 160w\" sizes=\"auto, (max-width: 454px) 100vw, 454px\" \/><\/a><\/figure>\n<\/div>\n\n\n<p>\u00cen perioada 26-28 iunie 2024 Complexul Muzeal Na\u0163ional Neam\u0163 a organizat cea de a V-a edi\u0163ie a manifest\u0103rii cultural-\u015ftiin\u0163ifice na\u0163ionale, cu participare interna\u0163ional\u0103 \u2013 Simpozionul Na\u0163ional \u201ePETRODAVA\u201d.<\/p>\n\n\n\n<p>Evenimentul s-a desf\u0103\u015furat la Piatra-Neam\u0163, \u00een cadrul Muzeului de Art\u0103 \u015fi a Muzeului de Art\u0103 Eneolitic\u0103 Cucuteni \u201eGheorghe Dumitroaia\u201d.<\/p>\n\n\n\n<p>Cele 100 de lucr\u0103ri ale simpozionului au avut o tematic\u0103 variat\u0103, fiind sus\u0163inute \u00een cadrul mai multor sec\u0163iuni, corespunz\u0103toare domeniilor de activitate ale institu\u0163iei organizatoare: \u015ftiin\u0163e naturale (geologie \u015fi biologie), arheologie, restaurare-conservare, art\u0103 \u015fi memorialistic\u0103.<\/p>\n\n\n\n<p>La manifestare au participat peste 170 de speciali\u015fti de la prestigioase institu\u0163ii muzeale, universitare \u015fi academice din <strong>Rom\u00e2nia<\/strong>, <strong>Republica Moldova<\/strong>, <strong>Germania<\/strong>, <strong>Norvegia<\/strong>, <strong>Ungaria<\/strong> \u015fi <strong>\u0162\u0103rile de Jos<\/strong>.<\/p>\n\n\n\n<p>\u00cen cadrul evenimentului au fost lansate ultimul num\u0103r al anuarului <strong>Memoria Antiquitatis<\/strong>, volumul <strong>The Bronze Age in Eastern Europe. Multidisciplinary approaches<\/strong> (editat de Vasile Diaconu \u015fi Alexandru Gafincu), precum \u015fi monografia <strong>Comunit\u0103\u0163i preistorice, antice \u015fi medievale de pe cursul mijlociu al Siretului. A\u015fez\u0103rile de la Filipe\u015fti \u015fi Alde\u015fti. Cercet\u0103rile arheologice din anii 1960-1962<\/strong> (av\u00e2ndu-i ca autori pe Vasile Ursachi, George-Dan H\u00e2nceanu, Vasile Diaconu \u015fi Andrei Baltag).<\/p>\n\n\n\n<p>Totodat\u0103, pe durata desf\u0103\u015fur\u0103rii simpozionului, invita\u0163ii au avut ocazia s\u0103 viziteze expozi\u0163iile permanente \u015fi temporare din cadrul unit\u0103\u0163ilor Complexului Muzeal Na\u0163ional Neam\u0163. (<strong>N. R.<\/strong> \u2013 prelucrare <em>Comunicat de pres\u0103<\/em>)<\/p>\n\n\n\n<p><strong><em>Red.<\/em><\/strong><\/p>\n","protected":false},"excerpt":{"rendered":"<p>\u00cen perioada 26-28 iunie 2024 Complexul Muzeal Na\u0163ional Neam\u0163 a organizat cea de a V-a edi\u0163ie a manifest\u0103rii cultural-\u015ftiin\u0163ifice na\u0163ionale, cu participare interna\u0163ional\u0103 \u2013 Simpozionul Na\u0163ional \u201ePETRODAVA\u201d. Evenimentul s-a desf\u0103\u015furat la Piatra-Neam\u0163, \u00een cadrul Muzeului de Art\u0103 \u015fi a Muzeului&hellip;<\/p>\n<p class=\"more-link-p\"><a class=\"more-link\" href=\"http:\/\/www.slineamt.ro\/apostolul\/lectia-de-istorie\/simpozionul-national-petrodava-2\/\">Read more &rarr;<\/a><\/p>\n","protected":false},"author":1,"featured_media":0,"comment_status":"open","ping_status":"closed","sticky":false,"template":"","format":"standard","meta":{"footnotes":""},"categories":[6,484],"tags":[],"class_list":["post-25929","post","type-post","status-publish","format-standard","hentry","category-lectia-de-istorie","category-numarul-274"],"_links":{"self":[{"href":"http:\/\/www.slineamt.ro\/apostolul\/wp-json\/wp\/v2\/posts\/25929","targetHints":{"allow":["GET"]}}],"collection":[{"href":"http:\/\/www.slineamt.ro\/apostolul\/wp-json\/wp\/v2\/posts"}],"about":[{"href":"http:\/\/www.slineamt.ro\/apostolul\/wp-json\/wp\/v2\/types\/post"}],"author":[{"embeddable":true,"href":"http:\/\/www.slineamt.ro\/apostolul\/wp-json\/wp\/v2\/users\/1"}],"replies":[{"embeddable":true,"href":"http:\/\/www.slineamt.ro\/apostolul\/wp-json\/wp\/v2\/comments?post=25929"}],"version-history":[{"count":1,"href":"http:\/\/www.slineamt.ro\/apostolul\/wp-json\/wp\/v2\/posts\/25929\/revisions"}],"predecessor-version":[{"id":25931,"href":"http:\/\/www.slineamt.ro\/apostolul\/wp-json\/wp\/v2\/posts\/25929\/revisions\/25931"}],"wp:attachment":[{"href":"http:\/\/www.slineamt.ro\/apostolul\/wp-json\/wp\/v2\/media?parent=25929"}],"wp:term":[{"taxonomy":"category","embeddable":true,"href":"http:\/\/www.slineamt.ro\/apostolul\/wp-json\/wp\/v2\/categories?post=25929"},{"taxonomy":"post_tag","embeddable":true,"href":"http:\/\/www.slineamt.ro\/apostolul\/wp-json\/wp\/v2\/tags?post=25929"}],"curies":[{"name":"wp","href":"https:\/\/api.w.org\/{rel}","templated":true}]}}