{"id":25935,"date":"2024-07-22T12:42:07","date_gmt":"2024-07-22T12:42:07","guid":{"rendered":"https:\/\/www.slineamt.ro\/apostolul\/?p=25935"},"modified":"2024-07-22T12:42:07","modified_gmt":"2024-07-22T12:42:07","slug":"altfel-despre-tragediile-vaii-bistritei","status":"publish","type":"post","link":"http:\/\/www.slineamt.ro\/apostolul\/lectia-de-istorie\/altfel-despre-tragediile-vaii-bistritei\/","title":{"rendered":"Altfel despre tragediile V\u0103ii Bistri\u0163ei"},"content":{"rendered":"<div class=\"wp-block-image\">\n<figure class=\"alignleft size-full\"><a href=\"http:\/\/www.slineamt.ro\/apostolul\/wp-content\/uploads\/2024\/07\/22-ap274-foto1.jpg\"><img loading=\"lazy\" decoding=\"async\" width=\"287\" height=\"416\" src=\"http:\/\/www.slineamt.ro\/apostolul\/wp-content\/uploads\/2024\/07\/22-ap274-foto1.jpg\" alt=\"\" class=\"wp-image-25936\" srcset=\"http:\/\/www.slineamt.ro\/apostolul\/wp-content\/uploads\/2024\/07\/22-ap274-foto1.jpg 287w, http:\/\/www.slineamt.ro\/apostolul\/wp-content\/uploads\/2024\/07\/22-ap274-foto1-207x300.jpg 207w, http:\/\/www.slineamt.ro\/apostolul\/wp-content\/uploads\/2024\/07\/22-ap274-foto1-260x377.jpg 260w, http:\/\/www.slineamt.ro\/apostolul\/wp-content\/uploads\/2024\/07\/22-ap274-foto1-160x232.jpg 160w\" sizes=\"auto, (max-width: 287px) 100vw, 287px\" \/><\/a><\/figure>\n<\/div>\n\n\n<p>\u2022 Cezar-Octavian Andrei \u2013 <em>Str\u0103mutarea<\/em><\/p>\n\n\n\n<p>Chiar dac\u0103 momentul str\u0103mut\u0103rii satelor aflate pe malul Bistri\u0163ei, din zona \u00een care ast\u0103zi sunt Lacul de acumulare Izvorul Muntelui sau Lacul de la Bicaz, este traumatizant \u015fi cunoscut, inginerul Cezar-Octavian Andrei revine la aceast\u0103 tragedie, \u00een romanul \u201eStr\u0103mutarea\u201d, apel\u00e2nd la memoria unor persoane implicate direct \u00een aceast\u0103 dram\u0103, \u00eentre anii 1959 \u015fi 1960.<\/p>\n\n\n\n<p>Structurat \u00een dou\u0103 volume, cu peste 800 de pagini, romanului i se adaug\u0103 imagini din arhiva personal\u0103 a autorului, reprezent\u00e2nd unele evenimente din familie \u015fi elemente din istoria Hangului de dinainte \u015fi de dup\u0103 str\u0103mutare. Ap\u0103rut\u0103 la Editura <em>Ci\u015fmigiu Books<\/em>, Bucure\u015fti, \u00een 2023, cartea prezint\u0103 tulbur\u0103toarea \u00eencercare prin care au trecut locuitorii din Hangu \u015fi comunele \u00eenvecinate, \u00een momentul \u00een care au fost nevoi\u0163i s\u0103 se mute din calea apei.<\/p>\n\n\n\n<p>Absolvent al Facult\u0103\u0163ii de Hidrotehnic\u0103 din cadrul Institutului Politehnic Ia\u015fi, promo\u0163ia 1977, Cezar-Octavian Andrei s-a n\u0103scut pe 8 iulie 1949, \u00een Comuna Hangu, Raionul Ceahl\u0103u, Regiunea Bac\u0103u \u2013 conform \u00eemp\u0103r\u0163irii administrativ-teritoriale de atunci. Dup\u0103 ultima organizarea a teritoriului, Comuna Hangu exist\u0103 \u015fi ast\u0103zi, asemenea Comuna Ceahl\u0103u, chiar dac\u0103 limitele teritoriale au fost modificate \u00een timp.<\/p>\n\n\n\n<p>De\u015fi absolvent al profilului real, at\u00e2t \u00een liceu, c\u00e2t \u015fi pe durata studiilor universitare, autorul a r\u0103mas \u00eenclinat spre literatur\u0103 \u015fi disciplinele socio-umane. Pe durata studiilor liceale, \u00eencurajat de c\u0103tre profesorul I. D. Micu, a publicat poezie \u015fi proz\u0103 scurt\u0103 \u00een Revista <em>Confluen\u0163e<\/em>.<\/p>\n\n\n\n<p>Chiar dac\u0103 locuitorii de pe Valea Muntelui, de la Poiana Largului p\u00e2n\u0103 la Bicaz, nu au cunoscut drama colectiviz\u0103rii \u00een perioada socialist\u0103, au cunoscut, mai r\u0103u, marea dram\u0103 a str\u0103mut\u0103rii din vatra de origine.<\/p>\n\n\n\n<p>At\u00e2t Hangu, c\u00e2t \u015fi alte comune din zon\u0103 au pierdut sate \u00eentregi, popula\u0163ia refugiindu-se \u00een alte locuri. Dar, din dorin\u0163a de a nu p\u0103r\u0103si str\u0103vechile vetre sau de a r\u0103m\u00e2ne \u00een apropiere, locuitorii Hangului nu au acceptat s\u0103 se mute, stabilindu-se pe r\u00e2pile ce \u00eenconjoar\u0103 lacul \u015fi au \u00eentemeiat noi vetre de sat. Au pierdut bisericile de la Gura Hangului, R\u0103pciuni, F\u00e2r\u0163\u00e2gi, practic ceea ce reprezenta istoria \u015fi spiritualitatea lor.<\/p>\n\n\n\n<p>&nbsp;Cum autorul \u00eensu\u015fi m\u0103rturise\u015fte, <em>dup\u0103 ceva ani de c\u0103l\u0103torie prin amintiri<\/em>, a rezultat acest roman care ne ofer\u0103 detaliile dramei pe care au tr\u0103it-o locuitorii din Hangu \u015fi \u00eemprejurimi.<\/p>\n\n\n\n<p>Oamenii acestor locuri au trebuit s\u0103-\u015fi dezgroape mor\u0163ii \u015fi s\u0103-i mute \u00een alte cimitire, nou \u00eenfiin\u0163ate. Din actuala zon\u0103 a lacului de acumulare Izvorul Muntelui, satele Secu, Rugine\u015fti, Buhalni\u0163a, Audia, Izvorul Alb, R\u0103pciuni, Schit \u015fi Bistricioara au fost str\u0103mutate par\u0163ial, iar satele Poienari, Hangu, F\u00e2r\u0163\u00e2gi \u015fi Le\u0163e\u015fti au fost str\u0103mutate integral. Statisticile arat\u0103 c\u0103 au fost str\u0103mutate 2.291 gospod\u0103rii, cu un num\u0103r de 18.760 locuitori. Dintre ace\u015ftia, 13.196 locuitori au preferat s\u0103 r\u0103m\u00e2n\u0103 \u00een preajma vechilor a\u015fez\u0103ri, urc\u00e2nd pe dealuri, unde aveau terenuri de f\u00e2ne\u0163e, ceilal\u0163i merg\u00e2nd \u00een zonele Brusturi, Dr\u0103g\u0103ne\u015fti, T\u00e2rgu-Neam\u0163, Piatra-Neam\u0163, C\u0103ciule\u015fti etc. Aproape to\u0163i \u015fi-au str\u0103mutat \u015fi mor\u0163ii, lu\u00e2ndu-\u015fi astfel \u015fi o mare parte a arborelui genealogic.<\/p>\n\n\n<div class=\"wp-block-image\">\n<figure class=\"alignright size-full is-resized\"><a href=\"http:\/\/www.slineamt.ro\/apostolul\/wp-content\/uploads\/2024\/07\/22-ap274-foto2.jpg\"><img loading=\"lazy\" decoding=\"async\" width=\"320\" height=\"454\" src=\"http:\/\/www.slineamt.ro\/apostolul\/wp-content\/uploads\/2024\/07\/22-ap274-foto2.jpg\" alt=\"\" class=\"wp-image-25937\" style=\"width:291px;height:auto\" srcset=\"http:\/\/www.slineamt.ro\/apostolul\/wp-content\/uploads\/2024\/07\/22-ap274-foto2.jpg 320w, http:\/\/www.slineamt.ro\/apostolul\/wp-content\/uploads\/2024\/07\/22-ap274-foto2-211x300.jpg 211w, http:\/\/www.slineamt.ro\/apostolul\/wp-content\/uploads\/2024\/07\/22-ap274-foto2-260x369.jpg 260w, http:\/\/www.slineamt.ro\/apostolul\/wp-content\/uploads\/2024\/07\/22-ap274-foto2-160x227.jpg 160w\" sizes=\"auto, (max-width: 320px) 100vw, 320px\" \/><\/a><\/figure>\n<\/div>\n\n\n<p>Cartea ilustreaz\u0103 drama str\u0103mut\u0103rii \u00eentr-un mod altfel fa\u0163\u0103 de ceea ce \u015ftiam\/\u015ftim. Nu prezint\u0103 neap\u0103rat statistici, nu prezint\u0103 o istorie etapizat\u0103 a celor \u00eent\u00e2mplate, \u00eens\u0103 face o relatare a evenimentelor prin prisma persoanelor care le-au tr\u0103it. Astfel, de\u015fi uneori ac\u0163iunea pare fragmentat\u0103 \u015fi detaliat\u0103, recitim prin ochii celor care au fost martori ai evenimentelor, o pagin\u0103 de istorie local\u0103 tr\u0103it\u0103. Pe parcursul desf\u0103\u015fur\u0103rii ac\u0163iunii, cititorul \u00eent\u00e2lne\u015fte numeroase personalit\u0103\u0163i ale vremii, localnici sau intelectuali care au hot\u0103r\u00e2t s\u0103 devin\u0103 hangani.<\/p>\n\n\n\n<p>Citind paginile c\u0103r\u0163ii, afl\u0103m r\u0103spunsuri la multe dintre \u00eentreb\u0103rile pe tema str\u0103mut\u0103rii satelor din zon\u0103. De\u015fi t\u00e2rziu, abia acum am \u00een\u0163eles lacrimile bunicii care ne povestea adesea despre modul \u00een care \u015fi-a str\u0103mutat gospod\u0103ria din locul \u00een care se afl\u0103 actualul lac de acumulare, spre poalele Muntelui Ceahl\u0103u. Adesea, c\u00e2nd are posibilitatea s\u0103 mearg\u0103 la locul unde avusese locuin\u0163a, la aproximativ doi kilometri, dac\u0103 apele lacului sunt sc\u0103zute, se uit\u0103 la funda\u0163ia r\u0103mas\u0103 de la casa zidit\u0103 cu omul ei, tace \u015fi l\u0103crimeaz\u0103&#8230; Cu siguran\u0163\u0103, niciodat\u0103, nu vom putea \u00een\u0163elege \u00een totalitate ceea ce au tr\u0103it \u00een sufletele lor oamenii str\u0103muta\u0163i, \u00een acele momente.<\/p>\n\n\n\n<p>A\u015f \u00eencheia cu un citat din roman, un subiect de medita\u0163ie cotidian\u0103 pentru to\u0163i cititorii:<\/p>\n\n\n\n<p><em>Datoria fiec\u0103ruia este o ultim\u0103 str\u0103mutare. Nu mai conteaz\u0103 locul, pentru c\u0103 to\u0163i suntem ai p\u0103m\u00e2ntului. Suntem datori pentru cele r\u0103mase, s\u0103 nu l\u0103s\u0103m uitarea s\u0103 a\u015ftearn\u0103 \u00eentunericul timpului peste ele<\/em>&#8230;<\/p>\n\n\n\n<p>Cezar-Octavian Andrei, un hangan ce nu poate uita satul \u00eengropat de ape&#8230;<\/p>\n\n\n\n<p><strong><em>Prof. dr. Mihai FLOROAIA<\/em><\/strong><\/p>\n","protected":false},"excerpt":{"rendered":"<p>\u2022 Cezar-Octavian Andrei \u2013 Str\u0103mutarea Chiar dac\u0103 momentul str\u0103mut\u0103rii satelor aflate pe malul Bistri\u0163ei, din zona \u00een care ast\u0103zi sunt Lacul de acumulare Izvorul Muntelui sau Lacul de la Bicaz, este traumatizant \u015fi cunoscut, inginerul Cezar-Octavian Andrei revine la aceast\u0103&hellip;<\/p>\n<p class=\"more-link-p\"><a class=\"more-link\" href=\"http:\/\/www.slineamt.ro\/apostolul\/lectia-de-istorie\/altfel-despre-tragediile-vaii-bistritei\/\">Read more &rarr;<\/a><\/p>\n","protected":false},"author":1,"featured_media":0,"comment_status":"open","ping_status":"closed","sticky":false,"template":"","format":"standard","meta":{"footnotes":""},"categories":[6,484],"tags":[],"class_list":["post-25935","post","type-post","status-publish","format-standard","hentry","category-lectia-de-istorie","category-numarul-274"],"_links":{"self":[{"href":"http:\/\/www.slineamt.ro\/apostolul\/wp-json\/wp\/v2\/posts\/25935","targetHints":{"allow":["GET"]}}],"collection":[{"href":"http:\/\/www.slineamt.ro\/apostolul\/wp-json\/wp\/v2\/posts"}],"about":[{"href":"http:\/\/www.slineamt.ro\/apostolul\/wp-json\/wp\/v2\/types\/post"}],"author":[{"embeddable":true,"href":"http:\/\/www.slineamt.ro\/apostolul\/wp-json\/wp\/v2\/users\/1"}],"replies":[{"embeddable":true,"href":"http:\/\/www.slineamt.ro\/apostolul\/wp-json\/wp\/v2\/comments?post=25935"}],"version-history":[{"count":1,"href":"http:\/\/www.slineamt.ro\/apostolul\/wp-json\/wp\/v2\/posts\/25935\/revisions"}],"predecessor-version":[{"id":25938,"href":"http:\/\/www.slineamt.ro\/apostolul\/wp-json\/wp\/v2\/posts\/25935\/revisions\/25938"}],"wp:attachment":[{"href":"http:\/\/www.slineamt.ro\/apostolul\/wp-json\/wp\/v2\/media?parent=25935"}],"wp:term":[{"taxonomy":"category","embeddable":true,"href":"http:\/\/www.slineamt.ro\/apostolul\/wp-json\/wp\/v2\/categories?post=25935"},{"taxonomy":"post_tag","embeddable":true,"href":"http:\/\/www.slineamt.ro\/apostolul\/wp-json\/wp\/v2\/tags?post=25935"}],"curies":[{"name":"wp","href":"https:\/\/api.w.org\/{rel}","templated":true}]}}