{"id":25943,"date":"2024-07-22T12:52:13","date_gmt":"2024-07-22T12:52:13","guid":{"rendered":"https:\/\/www.slineamt.ro\/apostolul\/?p=25943"},"modified":"2024-07-22T12:52:13","modified_gmt":"2024-07-22T12:52:13","slug":"educatia-media-educatia-viitorului","status":"publish","type":"post","link":"http:\/\/www.slineamt.ro\/apostolul\/pasi-spre-europa\/educatia-media-educatia-viitorului\/","title":{"rendered":"Educa\u0163ia media \u2013 educa\u0163ia viitorului"},"content":{"rendered":"<div class=\"wp-block-image\">\n<figure class=\"alignleft size-full is-resized\"><a href=\"http:\/\/www.slineamt.ro\/apostolul\/wp-content\/uploads\/2024\/07\/20-ap274-foto1.jpg\"><img loading=\"lazy\" decoding=\"async\" width=\"491\" height=\"369\" src=\"http:\/\/www.slineamt.ro\/apostolul\/wp-content\/uploads\/2024\/07\/20-ap274-foto1.jpg\" alt=\"\" class=\"wp-image-25944\" style=\"width:392px;height:auto\" srcset=\"http:\/\/www.slineamt.ro\/apostolul\/wp-content\/uploads\/2024\/07\/20-ap274-foto1.jpg 491w, http:\/\/www.slineamt.ro\/apostolul\/wp-content\/uploads\/2024\/07\/20-ap274-foto1-300x225.jpg 300w, http:\/\/www.slineamt.ro\/apostolul\/wp-content\/uploads\/2024\/07\/20-ap274-foto1-260x195.jpg 260w, http:\/\/www.slineamt.ro\/apostolul\/wp-content\/uploads\/2024\/07\/20-ap274-foto1-160x120.jpg 160w\" sizes=\"auto, (max-width: 491px) 100vw, 491px\" \/><\/a><\/figure>\n<\/div>\n\n\n<p>\u00cen perioada 5-9 iulie 2024, patru cadre didactice din jude\u0163ul Neam\u0163 au participat la <strong>Cursul Mediawise Teacher<\/strong>, program de formare \u015fi mentorat Mediawise 4 all, program derulat \u00een parteneriat cu Funda\u0163ia Orange, prin programul Digitaliada.<\/p>\n\n\n\n<p>&nbsp;Cursul s-a desf\u0103\u015furat la Bucure\u015fti, participan\u0163ii \u015fi-au dezvoltat competen\u0163ele media, care reprezint\u0103 un set de cuno\u015ftin\u0163e, abilit\u0103\u0163i \u015fi atitudini, ce permit oamenilor s\u0103 acceseze, s\u0103 analizeze, s\u0103 evalueze \u015fi s\u0103 creeze diferite media.<\/p>\n\n\n\n<p>&nbsp;Un accent deosebit s-a pus pe con\u015ftientizarea rolului media \u00een via\u0163a noastr\u0103, dar \u015fi pe controlul emo\u0163iilor \u015fi ac\u0163iunilor, astfel \u00eenc\u00e2t s\u0103 ai de c\u00e2\u015ftigat din interac\u0163iunea cu media.<\/p>\n\n\n\n<p>&nbsp;Analiza, evaluarea, gruparea, induc\u0163ia, deduc\u0163ia, sinteza \u015fi abstractizarea sunt cele \u015fapte abilit\u0103\u0163i de g\u00e2ndire critic\u0103 esen\u0163iale pentru dezvoltarea competen\u0163elor media. Competen\u0163ele media nu sunt absolute, ci graduale. Cu to\u0163ii avem un anumit nivel de competen\u0163e media, dar scopul educa\u0163iei media este s\u0103 dezvolte aceste competen\u0163e la un nivel c\u00e2t mai ridicat.<\/p>\n\n\n\n<p>&nbsp;Educa\u0163ia media ofer\u0103 elevilor posibilitatea de a se exprima cultural, de a comunica, de a participa \u00een democra\u0163ie \u015fi de a lua decizii informate, pentru binele lor, cu respect fa\u0163\u0103 de ceilal\u0163i utilizatori.<\/p>\n\n\n<div class=\"wp-block-image\">\n<figure class=\"alignright size-full is-resized\"><a href=\"http:\/\/www.slineamt.ro\/apostolul\/wp-content\/uploads\/2024\/07\/20-ap274-foto2.jpg\"><img loading=\"lazy\" decoding=\"async\" width=\"433\" height=\"416\" src=\"http:\/\/www.slineamt.ro\/apostolul\/wp-content\/uploads\/2024\/07\/20-ap274-foto2.jpg\" alt=\"\" class=\"wp-image-25945\" style=\"width:340px;height:auto\" srcset=\"http:\/\/www.slineamt.ro\/apostolul\/wp-content\/uploads\/2024\/07\/20-ap274-foto2.jpg 433w, http:\/\/www.slineamt.ro\/apostolul\/wp-content\/uploads\/2024\/07\/20-ap274-foto2-300x288.jpg 300w, http:\/\/www.slineamt.ro\/apostolul\/wp-content\/uploads\/2024\/07\/20-ap274-foto2-260x250.jpg 260w, http:\/\/www.slineamt.ro\/apostolul\/wp-content\/uploads\/2024\/07\/20-ap274-foto2-160x154.jpg 160w\" sizes=\"auto, (max-width: 433px) 100vw, 433px\" \/><\/a><\/figure>\n<\/div>\n\n\n<p>Un element foarte important al educa\u0163iei media este metacogni\u0163ia. Oamenii nu \u00eenva\u0163\u0103 din experien\u0163\u0103, ci mai degrab\u0103 din reflectarea la experien\u0163a pe care au avut-o. Metacogni\u0163ia te ajut\u0103 s\u0103 \u00ee\u0163i dai seama ce stil de \u00eenv\u0103\u0163are preferi, ce fel de media sau con\u0163inuturi din cultura popular\u0103 alegi.<\/p>\n\n\n\n<p>Dezvoltarea competen\u0163elor media se face prin metode, experien\u0163e \u015fi interactiv, care \u00eencurajeaz\u0103 g\u00e2ndirea critic\u0103 a elevilor, toleran\u0163a, acceptarea diversit\u0103\u0163ii.<\/p>\n\n\n\n<p>Unul dintre aspectele fundamentale ale educa\u0163iei media este dezvoltarea g\u00e2ndirii critice. \u00centr-o lume unde dezinformarea \u015fi \u015ftirile false sunt r\u0103sp\u00e2ndite rapid prin intermediul platformelor de social media \u015fi internet, capacitatea de a analiza \u015fi evalua critic con\u0163inutul media este vital\u0103. Educa\u0163ia media \u00eenva\u0163\u0103 indivizii s\u0103 fie sceptici \u015fi s\u0103 evalueze sursele de informa\u0163ii, s\u0103 identifice p\u0103rtinirea \u015fi s\u0103 disting\u0103 \u00eentre fapte \u015fi opinii. Aceste abilit\u0103\u0163i sunt esen\u0163iale pentru a naviga prin informa\u0163iile disponibile \u015fi pentru a lua decizii informate.<\/p>\n\n\n<div class=\"wp-block-image\">\n<figure class=\"alignleft size-full is-resized\"><a href=\"http:\/\/www.slineamt.ro\/apostolul\/wp-content\/uploads\/2024\/07\/20-ap274-foto3.jpg\"><img loading=\"lazy\" decoding=\"async\" width=\"529\" height=\"298\" src=\"http:\/\/www.slineamt.ro\/apostolul\/wp-content\/uploads\/2024\/07\/20-ap274-foto3.jpg\" alt=\"\" class=\"wp-image-25946\" style=\"width:408px;height:auto\" srcset=\"http:\/\/www.slineamt.ro\/apostolul\/wp-content\/uploads\/2024\/07\/20-ap274-foto3.jpg 529w, http:\/\/www.slineamt.ro\/apostolul\/wp-content\/uploads\/2024\/07\/20-ap274-foto3-300x169.jpg 300w, http:\/\/www.slineamt.ro\/apostolul\/wp-content\/uploads\/2024\/07\/20-ap274-foto3-260x146.jpg 260w, http:\/\/www.slineamt.ro\/apostolul\/wp-content\/uploads\/2024\/07\/20-ap274-foto3-160x90.jpg 160w\" sizes=\"auto, (max-width: 529px) 100vw, 529px\" \/><\/a><\/figure>\n<\/div>\n\n\n<p>\u00cen era digital\u0103, educa\u0163ia media include \u015fi \u00een\u0163elegerea riscurilor legate de confiden\u0163ialitatea datelor \u015fi securitatea online. Indivizii trebuie s\u0103 fie con\u015ftien\u0163i de cum s\u0103-\u015fi protejeze informa\u0163iile personale \u015fi de pericolele asociate cu mediul online, cum ar fi phishing-ul \u015fi frauda cibernetic\u0103. Educa\u0163ia media ofer\u0103 instrumentele necesare pentru a naviga \u00een siguran\u0163\u0103 pe internet \u015fi pentru a proteja datele personale, contribuind astfel la securitatea \u015fi bun\u0103starea digital\u0103.<\/p>\n\n\n\n<p>Astfel, educa\u0163ia media este esen\u0163ial\u0103 pentru a naviga eficient \u015fi sigur \u00een peisajul informa\u0163ional contemporan. Aceasta dezvolt\u0103 abilit\u0103\u0163i critice, protejeaz\u0103 \u00eempotriva dezinform\u0103rii, \u00een\u0163elege influen\u0163ele media, promoveaz\u0103 abilit\u0103\u0163ile de creare a con\u0163inutului, sprijin\u0103 participarea democratic\u0103 \u015fi asigur\u0103 securitatea online. Prin urmare, integrarea educa\u0163iei media \u00een curri\u00adculum-ul \u015fcolar \u015fi \u00een programele de formare continu\u0103 este vital\u0103 pentru formarea cet\u0103\u0163enilor informa\u0163i \u015fi responsabili, capabili s\u0103 participe activ \u015fi con\u015ftient la via\u0163a societ\u0103\u0163ii moderne.<\/p>\n\n\n\n<p><strong><em>Prof. \u00eenv. primar, Liliana B\u0102L\u0102OIU<\/em><\/strong><\/p>\n\n\n\n<p><strong><em>\u015ecoala Gimnazial\u0103 Domneasc\u0103, T\u00e2rgu-Neam\u0163<\/em><\/strong><\/p>\n","protected":false},"excerpt":{"rendered":"<p>\u00cen perioada 5-9 iulie 2024, patru cadre didactice din jude\u0163ul Neam\u0163 au participat la Cursul Mediawise Teacher, program de formare \u015fi mentorat Mediawise 4 all, program derulat \u00een parteneriat cu Funda\u0163ia Orange, prin programul Digitaliada. &nbsp;Cursul s-a desf\u0103\u015furat la Bucure\u015fti,&hellip;<\/p>\n<p class=\"more-link-p\"><a class=\"more-link\" href=\"http:\/\/www.slineamt.ro\/apostolul\/pasi-spre-europa\/educatia-media-educatia-viitorului\/\">Read more &rarr;<\/a><\/p>\n","protected":false},"author":1,"featured_media":0,"comment_status":"open","ping_status":"closed","sticky":false,"template":"","format":"standard","meta":{"footnotes":""},"categories":[9,484],"tags":[],"class_list":["post-25943","post","type-post","status-publish","format-standard","hentry","category-pasi-spre-europa","category-numarul-274"],"_links":{"self":[{"href":"http:\/\/www.slineamt.ro\/apostolul\/wp-json\/wp\/v2\/posts\/25943","targetHints":{"allow":["GET"]}}],"collection":[{"href":"http:\/\/www.slineamt.ro\/apostolul\/wp-json\/wp\/v2\/posts"}],"about":[{"href":"http:\/\/www.slineamt.ro\/apostolul\/wp-json\/wp\/v2\/types\/post"}],"author":[{"embeddable":true,"href":"http:\/\/www.slineamt.ro\/apostolul\/wp-json\/wp\/v2\/users\/1"}],"replies":[{"embeddable":true,"href":"http:\/\/www.slineamt.ro\/apostolul\/wp-json\/wp\/v2\/comments?post=25943"}],"version-history":[{"count":1,"href":"http:\/\/www.slineamt.ro\/apostolul\/wp-json\/wp\/v2\/posts\/25943\/revisions"}],"predecessor-version":[{"id":25947,"href":"http:\/\/www.slineamt.ro\/apostolul\/wp-json\/wp\/v2\/posts\/25943\/revisions\/25947"}],"wp:attachment":[{"href":"http:\/\/www.slineamt.ro\/apostolul\/wp-json\/wp\/v2\/media?parent=25943"}],"wp:term":[{"taxonomy":"category","embeddable":true,"href":"http:\/\/www.slineamt.ro\/apostolul\/wp-json\/wp\/v2\/categories?post=25943"},{"taxonomy":"post_tag","embeddable":true,"href":"http:\/\/www.slineamt.ro\/apostolul\/wp-json\/wp\/v2\/tags?post=25943"}],"curies":[{"name":"wp","href":"https:\/\/api.w.org\/{rel}","templated":true}]}}