{"id":25948,"date":"2024-07-22T12:54:49","date_gmt":"2024-07-22T12:54:49","guid":{"rendered":"https:\/\/www.slineamt.ro\/apostolul\/?p=25948"},"modified":"2024-07-22T12:54:49","modified_gmt":"2024-07-22T12:54:49","slug":"proiectul-erasmus-2023-1-r001-ka121-vet-000128115-intre-dezvoltarea-competentelor-specifice-si-a-competentelor-socio-culturale","status":"publish","type":"post","link":"http:\/\/www.slineamt.ro\/apostolul\/pasi-spre-europa\/proiectul-erasmus-2023-1-r001-ka121-vet-000128115-intre-dezvoltarea-competentelor-specifice-si-a-competentelor-socio-culturale\/","title":{"rendered":"Proiectul Erasmus+ 2023-1-R001-KA121-VET-000128115, \u00eentre dezvoltarea competen\u0163elor specifice \u015fi a competen\u0163elor socio-culturale"},"content":{"rendered":"<div class=\"wp-block-image\">\n<figure class=\"alignleft size-full is-resized\"><a href=\"http:\/\/www.slineamt.ro\/apostolul\/wp-content\/uploads\/2024\/07\/19-ap274-foto1-1.jpg\"><img loading=\"lazy\" decoding=\"async\" width=\"454\" height=\"267\" src=\"http:\/\/www.slineamt.ro\/apostolul\/wp-content\/uploads\/2024\/07\/19-ap274-foto1-1.jpg\" alt=\"\" class=\"wp-image-25950\" style=\"width:441px;height:auto\" srcset=\"http:\/\/www.slineamt.ro\/apostolul\/wp-content\/uploads\/2024\/07\/19-ap274-foto1-1.jpg 454w, http:\/\/www.slineamt.ro\/apostolul\/wp-content\/uploads\/2024\/07\/19-ap274-foto1-1-300x176.jpg 300w, http:\/\/www.slineamt.ro\/apostolul\/wp-content\/uploads\/2024\/07\/19-ap274-foto1-1-260x153.jpg 260w, http:\/\/www.slineamt.ro\/apostolul\/wp-content\/uploads\/2024\/07\/19-ap274-foto1-1-160x94.jpg 160w\" sizes=\"auto, (max-width: 454px) 100vw, 454px\" \/><\/a><\/figure>\n<\/div>\n\n\n<p>Cel de-al cincilea proiect european (Erasmus+ 2023-1-R001-KA121-VET-000128115) coordonat de c\u0103tre \u015ecoala Postliceal\u0103 Sanitar\u0103, dac\u0103 ar fi s\u0103 num\u0103r\u0103m proiectele implementate \u00eencep\u00e2nd cu anul \u015fcolar 2016-2017, p\u00e2n\u0103 \u00een prezent, a oferit oportunitatea unui num\u0103r de 8 cadre didactice \u015fi 16 elevi din anii I \u015fi II, specializ\u0103rile <em>asistent medical generalist<\/em> (12 elevi) \u015fi <em>asistent medical de farmacie<\/em> (4 elevi) de a participa la cursuri de perfec\u0163ionare, respectiv de a experimenta stagii de preg\u0103tire practic\u0103 la institu\u0163ii specializate din str\u0103in\u0103tate.<\/p>\n\n\n\n<p>Cei 16 elevi au desf\u0103\u015furat un stagiu clinic de preg\u0103tire practic\u0103 \u00een domeniul medical, \u00een perioada 23 aprilie \u2013 26 mai 2024, la 5 unit\u0103\u0163i din Granada (Spania). Acestor mobilit\u0103\u0163i li se adaug\u0103 participarea la cursuri de formare profesional\u0103 a 6 profesori \u015fi mai\u015ftri instructori (diverse specialit\u0103\u0163i \u015fi management), respectiv a dou\u0103 cadre didactice la activit\u0103\u0163i de Job Shadowing care au avut loc \u00een intervalul 23-30 aprilie 2024, respectiv 14-21 mai 2024, cu participarea a doi mai\u015ftri instructori de specialitate <em>Preg\u0103tire instruire practic\u0103 \u2013 asisten\u0163\u0103 medical\u0103 general\u0103<\/em>.<\/p>\n\n\n\n<p>Pe domeniul de activitate Cuidado de Mayores\/Enfermeria, at\u00e2t cei 16 elevi, c\u00e2t \u015fi cele dou\u0103 cadre didactice au desf\u0103\u015furat activit\u0103\u0163i specifice \u00een cadrul urm\u0103toarelor organiza\u0163ii: Centro de D\u00eda Mediterr\u00e1neo Maracena, UED Ancha de Capuchinos, Centro de d\u00eda Antares Hu\u00e9tor Vega, Vitalia RGA Granada, Asociaci\u00f3n de ayda para familiares y adultos con dependencia (AFAD) din Granada.<\/p>\n\n\n\n<p>&nbsp;Pentru a nu ocupa mult spa\u0163iu cu prezentarea, prefer s\u0103 cedez cuv\u00e2ntul elevilor beneficiari care au experimentat aceste stagii: <em>\u00cen urma particip\u0103rii \u00een cadrul proiectului Erasmus am reu\u015fit s\u0103 \u00eemi dezvolt cuno\u015ftin\u0163ele \u00eenv\u0103\u0163ate de-a lungul celor 2 ani de studiu. \u00cen acest stagiu mi s-a oferit posibilitatea de a comunica mult cu pacien\u0163ii&#8230; Stagiul clinic \u00een str\u0103in\u0103tate este util pentru oricare elev ce dore\u015fte s\u0103 c\u0103l\u0103toreasc\u0103, s\u0103 vad\u0103 diferen\u0163ele dintre spitalele din str\u0103in\u0103tate \u015fi cele din Rom\u00e2nia. Consider ca orice elev ar trebui s\u0103 participe \u00een cadrul unui proiect Erasmus deoarece este o experien\u0163\u0103 inedit\u0103, surprinz\u0103toare<\/em>, a declarat <strong>Maria-Claudia Andrioaia<\/strong>.<\/p>\n\n\n\n<p>\u00cen acela\u015fi context, colega sa, <strong>Ana-Maria Alupului<\/strong> a precizat: <em>Pe parcursul stagiului clinic am avut ocazia s\u0103 \u00eenv\u0103\u0163, de la psihologul centrului, diferitele activit\u0103\u0163i pe care persoanele v\u00e2rstnice le desf\u0103\u015furau cu entuziasm, spre exemplu: calcule matematice, sudoku, picturi, jocuri creative, plimb\u0103ri \u00een parc etc. Cu siguran\u0163\u0103, elevii care vor participa, vor r\u0103m\u00e2ne surprin\u015fi precum am r\u0103mas \u015fi eu despre modul de comunicare pe care \u00eel au asisten\u0163ii medicali cu pacien\u0163ii (mereu sunt cu z\u00e2mbetul pe buze, exprim\u00e2ndu-se \u00een mod iubitor fa\u0163\u0103 de to\u0163i)<\/em>.<\/p>\n\n\n\n<p>Aflat\u0103 \u00een al treilea proiect, <strong>eleva Irina Mihu\u0163<\/strong> a sintetizat experien\u0163a acumulat\u0103 \u00een felul urm\u0103tor: <em>Am avut deosebita pl\u0103cere s\u0103 lucrez la RGA Vitalia. Aici, am cunoscut oameni cu probleme grave de s\u0103n\u0103tate, fizice \u015fi psihice, dar care erau bucuro\u015fi, prieteno\u015fi, iubitori. Mergeam cu bucurie la stagiul de practic\u0103, \u00een fiecare zi desf\u0103\u015furam alte activit\u0103\u0163i (plimb\u0103ri, fiesta, jocuri, desene). Personalul a fost foarte amabil, dedicat, implicat. Lec\u0163ia pe care am primit-o de la ace\u015fti oameni este c\u0103 trebuie s\u0103 te bucuri de via\u0163\u0103 indiferent de situa\u0163ia \u00een care te afli. Am legat prietenii, am f\u0103cut multe excursii \u015fi am descoperit locuri deosebit de frumoase. Recomand tuturor elevilor s\u0103 participe la acest proiect Erasmus+ ori de c\u00e2te ori au ocazia. V\u0103 mul\u0163umesc!<\/em><\/p>\n\n\n\n<p>Participarea la unele s\u0103rb\u0103tori tradi\u0163ionale importante, precum <em>Dia della cruz<\/em>, <em>El corpus<\/em> i-a impresionat prin frumuse\u0163ea \u015fi modul \u00een care au fost organizate. C\u00e2teva dintre colajele realizate de c\u0103tre beneficiari vin s\u0103 confirme cele sintetizate anterior.<\/p>\n\n\n\n<p><strong><em>Prof. dr. Mihai FLOROAIA<\/em><\/strong><\/p>\n","protected":false},"excerpt":{"rendered":"<p>Cel de-al cincilea proiect european (Erasmus+ 2023-1-R001-KA121-VET-000128115) coordonat de c\u0103tre \u015ecoala Postliceal\u0103 Sanitar\u0103, dac\u0103 ar fi s\u0103 num\u0103r\u0103m proiectele implementate \u00eencep\u00e2nd cu anul \u015fcolar 2016-2017, p\u00e2n\u0103 \u00een prezent, a oferit oportunitatea unui num\u0103r de 8 cadre didactice \u015fi 16 elevi&hellip;<\/p>\n<p class=\"more-link-p\"><a class=\"more-link\" href=\"http:\/\/www.slineamt.ro\/apostolul\/pasi-spre-europa\/proiectul-erasmus-2023-1-r001-ka121-vet-000128115-intre-dezvoltarea-competentelor-specifice-si-a-competentelor-socio-culturale\/\">Read more &rarr;<\/a><\/p>\n","protected":false},"author":1,"featured_media":0,"comment_status":"open","ping_status":"closed","sticky":false,"template":"","format":"standard","meta":{"footnotes":""},"categories":[9,484],"tags":[],"class_list":["post-25948","post","type-post","status-publish","format-standard","hentry","category-pasi-spre-europa","category-numarul-274"],"_links":{"self":[{"href":"http:\/\/www.slineamt.ro\/apostolul\/wp-json\/wp\/v2\/posts\/25948","targetHints":{"allow":["GET"]}}],"collection":[{"href":"http:\/\/www.slineamt.ro\/apostolul\/wp-json\/wp\/v2\/posts"}],"about":[{"href":"http:\/\/www.slineamt.ro\/apostolul\/wp-json\/wp\/v2\/types\/post"}],"author":[{"embeddable":true,"href":"http:\/\/www.slineamt.ro\/apostolul\/wp-json\/wp\/v2\/users\/1"}],"replies":[{"embeddable":true,"href":"http:\/\/www.slineamt.ro\/apostolul\/wp-json\/wp\/v2\/comments?post=25948"}],"version-history":[{"count":1,"href":"http:\/\/www.slineamt.ro\/apostolul\/wp-json\/wp\/v2\/posts\/25948\/revisions"}],"predecessor-version":[{"id":25951,"href":"http:\/\/www.slineamt.ro\/apostolul\/wp-json\/wp\/v2\/posts\/25948\/revisions\/25951"}],"wp:attachment":[{"href":"http:\/\/www.slineamt.ro\/apostolul\/wp-json\/wp\/v2\/media?parent=25948"}],"wp:term":[{"taxonomy":"category","embeddable":true,"href":"http:\/\/www.slineamt.ro\/apostolul\/wp-json\/wp\/v2\/categories?post=25948"},{"taxonomy":"post_tag","embeddable":true,"href":"http:\/\/www.slineamt.ro\/apostolul\/wp-json\/wp\/v2\/tags?post=25948"}],"curies":[{"name":"wp","href":"https:\/\/api.w.org\/{rel}","templated":true}]}}