{"id":25975,"date":"2024-07-22T13:28:55","date_gmt":"2024-07-22T13:28:55","guid":{"rendered":"https:\/\/www.slineamt.ro\/apostolul\/?p=25975"},"modified":"2024-07-22T13:28:55","modified_gmt":"2024-07-22T13:28:55","slug":"albastru-de-galina-vieru","status":"publish","type":"post","link":"http:\/\/www.slineamt.ro\/apostolul\/arte-si-meserii-plastica\/albastru-de-galina-vieru\/","title":{"rendered":"Albastru de Galina Vieru"},"content":{"rendered":"<div class=\"wp-block-image\">\n<figure class=\"alignleft size-full is-resized\"><a href=\"http:\/\/www.slineamt.ro\/apostolul\/wp-content\/uploads\/2024\/07\/12-ap274-foto1.jpg\"><img loading=\"lazy\" decoding=\"async\" width=\"376\" height=\"491\" src=\"http:\/\/www.slineamt.ro\/apostolul\/wp-content\/uploads\/2024\/07\/12-ap274-foto1.jpg\" alt=\"\" class=\"wp-image-25976\" style=\"width:277px;height:auto\" srcset=\"http:\/\/www.slineamt.ro\/apostolul\/wp-content\/uploads\/2024\/07\/12-ap274-foto1.jpg 376w, http:\/\/www.slineamt.ro\/apostolul\/wp-content\/uploads\/2024\/07\/12-ap274-foto1-230x300.jpg 230w, http:\/\/www.slineamt.ro\/apostolul\/wp-content\/uploads\/2024\/07\/12-ap274-foto1-260x340.jpg 260w, http:\/\/www.slineamt.ro\/apostolul\/wp-content\/uploads\/2024\/07\/12-ap274-foto1-160x209.jpg 160w\" sizes=\"auto, (max-width: 376px) 100vw, 376px\" \/><\/a><\/figure>\n<\/div>\n\n\n<p>\u201ePictura este poezia care mai degrab\u0103 se vede dec\u00e2t se simte, iar poezia este pictura care se simte, mai degrab\u0103 care se vede\u201d, spunea Leonardo da Vinci. Artista basarabean\u0103 Galina Vieru, care a dus casele v\u0103ruite \u015fi iile bunicilor \u00een inimile europenilor, combin\u0103 memorabil cele dou\u0103 arte-surori. Este cunoscut\u0103 pe ambele maluri ale Prutului, mai ales pentru nuan\u0163a de albastru din crea\u0163iile sale, cunoscut ca \u201ealbastru de Galina Vieru\u201d.<\/p>\n\n\n\n<p>\u201e\u00cen ultimul deceniu, reflect foarte mult \u00een pictur\u0103 tematica arhitecturii vernaculare, acel albastru al regiunii Orheiului, al zonei de centru a \u0163\u0103rii de unde m\u0103 trag \u015fi eu, acele praguri ale a\u015ftept\u0103rii, acele cuiburi de oameni, multe dintre care, din p\u0103cate, r\u0103mase f\u0103r\u0103 st\u0103p\u00e2n. Consider c\u0103 arhitectura vernacular\u0103 (casele construite f\u0103r\u0103 arhitect) este de o frumuse\u0163e rar\u0103 \u015fi ar trebui s\u0103 atrag\u0103 nu doar turi\u015fti dar \u015fi pe noi, ca na\u0163iune, s\u0103 ne cunoa\u015ftem ad\u00e2ncurile ei, toate simbolurile pe care le foloseau genera\u0163iile buneilor no\u015ftri pe casele lor, mesajele pe care le transmit \u00een timp. Misiunea mea prin cultur\u0103 este de a aduce toate aceste simboluri ale arhitecturii vernaculare \u00een prezent \u015fi poate a activa aceast\u0103 poft\u0103 de case albastre pentru viitor.\u201d<\/p>\n\n\n<div class=\"wp-block-image\">\n<figure class=\"alignright size-full is-resized\"><a href=\"http:\/\/www.slineamt.ro\/apostolul\/wp-content\/uploads\/2024\/07\/12-ap274-foto2.jpg\"><img loading=\"lazy\" decoding=\"async\" width=\"378\" height=\"380\" src=\"http:\/\/www.slineamt.ro\/apostolul\/wp-content\/uploads\/2024\/07\/12-ap274-foto2.jpg\" alt=\"\" class=\"wp-image-25977\" style=\"width:324px;height:auto\" srcset=\"http:\/\/www.slineamt.ro\/apostolul\/wp-content\/uploads\/2024\/07\/12-ap274-foto2.jpg 378w, http:\/\/www.slineamt.ro\/apostolul\/wp-content\/uploads\/2024\/07\/12-ap274-foto2-298x300.jpg 298w, http:\/\/www.slineamt.ro\/apostolul\/wp-content\/uploads\/2024\/07\/12-ap274-foto2-150x150.jpg 150w, http:\/\/www.slineamt.ro\/apostolul\/wp-content\/uploads\/2024\/07\/12-ap274-foto2-260x261.jpg 260w, http:\/\/www.slineamt.ro\/apostolul\/wp-content\/uploads\/2024\/07\/12-ap274-foto2-160x161.jpg 160w\" sizes=\"auto, (max-width: 378px) 100vw, 378px\" \/><\/a><\/figure>\n<\/div>\n\n\n<p>\u201eCea mai mare realizare a unui artist cred c\u0103 este faptul de a se sim\u0163i \u00eentotdeauna sincer cu sine \u00eensu\u015fi. Pe noi foarte u\u015for ne modeleaz\u0103 mediul ambiant, p\u0103rerile exterioare, tot ceea ce se \u00eent\u00e2mpl\u0103. Suntem ca ni\u015fte buc\u0103\u0163i de metal maleabil \u015fi ne d\u0103m u\u015for modela\u0163i. Dar c\u00e2nd reu\u015fe\u015fti s\u0103 a\u015fterni pe p\u00e2nz\u0103 ceea ce ai \u00een interior, f\u0103r\u0103 a sim\u0163i aceast\u0103 influen\u0163\u0103, este o mare realizare pentru un om de crea\u0163ie. Ei sunt foarte sensibili la toate, inclusiv la cuvintele din jur. Ast\u0103zi, m\u0103 bucur c\u0103 m-am ascultat pe mine \u015fi am continuat cu arhitectura vernacular\u0103 \u015fi simt rezultate.\u201d<\/p>\n\n\n\n<p>\u00cen anul 2023, pe 1 Decembrie, de Ziua Na\u0163ional\u0103 a Rom\u00e2niei, a vernisat o expozi\u0163ie dedicat\u0103 c\u0103m\u0103\u015filor tradi\u0163ionale rom\u00e2ne\u015fti incluse \u00een patrimoniul imaterial UNESCO, la Bruxelles, cu numele simbolic \u201eR\u0103d\u0103cini\u201d. Expozi\u0163iile \u00een str\u0103in\u0103tate au menirea s\u0103 transmit\u0103 oamenilor din Uniunea European\u0103 lucrurile cu care Republica Moldova se m\u00e2ndre\u015fte, spune artista.<\/p>\n\n\n<div class=\"wp-block-image\">\n<figure class=\"alignleft size-full is-resized\"><a href=\"http:\/\/www.slineamt.ro\/apostolul\/wp-content\/uploads\/2024\/07\/12-ap274-foto3.jpg\"><img loading=\"lazy\" decoding=\"async\" width=\"413\" height=\"416\" src=\"http:\/\/www.slineamt.ro\/apostolul\/wp-content\/uploads\/2024\/07\/12-ap274-foto3.jpg\" alt=\"\" class=\"wp-image-25978\" style=\"width:325px;height:auto\" srcset=\"http:\/\/www.slineamt.ro\/apostolul\/wp-content\/uploads\/2024\/07\/12-ap274-foto3.jpg 413w, http:\/\/www.slineamt.ro\/apostolul\/wp-content\/uploads\/2024\/07\/12-ap274-foto3-298x300.jpg 298w, http:\/\/www.slineamt.ro\/apostolul\/wp-content\/uploads\/2024\/07\/12-ap274-foto3-150x150.jpg 150w, http:\/\/www.slineamt.ro\/apostolul\/wp-content\/uploads\/2024\/07\/12-ap274-foto3-260x262.jpg 260w, http:\/\/www.slineamt.ro\/apostolul\/wp-content\/uploads\/2024\/07\/12-ap274-foto3-160x161.jpg 160w\" sizes=\"auto, (max-width: 413px) 100vw, 413px\" \/><\/a><\/figure>\n<\/div>\n\n\n<p>\u201eExpozi\u0163ia de la Bruxelles, sau altele precum cea de la Institutul Cultural Rom\u00e2n, sau sediul ONU de la Viena, sau la Consiliul Europei de la Strasbourg, simt \u015fi responsabilitatea unui activist civic, de a povesti nu doar prin cultur\u0103, ci \u015fi verbal, cine suntem noi, de unde venim \u015fi \u00eencotro mergem. Mai ales acum trebuie s\u0103 \u015ftim \u015fi s\u0103 fim foarte determina\u0163i \u00eencotro mergem, la referendumul din toamn\u0103, dar \u015fi \u00een general.<\/p>\n\n\n\n<p>A\u015f vrea s\u0103 fim cunoscu\u0163i ca \u0163ara care a pictat un miliard de tablouri, sau a scris un miliard de piese bune\u2026 sau nu \u015ftiu, a f\u0103cut ceva foarte frumos. Europenii sunt foarte deschi\u015fi pentru noi, vor s\u0103 ne cunoasc\u0103 \u015fi cred c\u0103 pictura, poezia, arta \u015fi cultura \u00een general sunt cele mai bune c\u0103r\u0163i de vizit\u0103 ale unei na\u0163iuni.\u201d<\/p>\n\n\n<div class=\"wp-block-image\">\n<figure class=\"alignright size-full is-resized\"><a href=\"http:\/\/www.slineamt.ro\/apostolul\/wp-content\/uploads\/2024\/07\/12-ap274-foto4.jpg\"><img loading=\"lazy\" decoding=\"async\" width=\"416\" height=\"414\" src=\"http:\/\/www.slineamt.ro\/apostolul\/wp-content\/uploads\/2024\/07\/12-ap274-foto4.jpg\" alt=\"\" class=\"wp-image-25979\" style=\"width:305px;height:auto\" srcset=\"http:\/\/www.slineamt.ro\/apostolul\/wp-content\/uploads\/2024\/07\/12-ap274-foto4.jpg 416w, http:\/\/www.slineamt.ro\/apostolul\/wp-content\/uploads\/2024\/07\/12-ap274-foto4-300x300.jpg 300w, http:\/\/www.slineamt.ro\/apostolul\/wp-content\/uploads\/2024\/07\/12-ap274-foto4-150x150.jpg 150w, http:\/\/www.slineamt.ro\/apostolul\/wp-content\/uploads\/2024\/07\/12-ap274-foto4-260x259.jpg 260w, http:\/\/www.slineamt.ro\/apostolul\/wp-content\/uploads\/2024\/07\/12-ap274-foto4-160x159.jpg 160w\" sizes=\"auto, (max-width: 416px) 100vw, 416px\" \/><\/a><\/figure>\n<\/div>\n\n\n<p>Galina Vieru este o talentat\u0103 \u015fi bine cunoscut\u0103 pictori\u0163\u0103 \u015fi poet\u0103 de la Chi\u015fin\u0103u, cu multe expozi\u0163ii personale \u015fi colective la activ, \u00een Republica Moldova \u015fi peste hotare.<\/p>\n\n\n\n<p>A f\u0103cut studii la Universitatea Pedagogic\u0103 de Stat \u201eIon Creang\u0103\u201d, facultatea \u201eArte Plastice \u015fi Design\u201d, specialitatea \u201eArta decorativ\u0103\u201d. A predat pictura la un liceu din Chi\u015fin\u0103u, \u00een prezent este un artist liber profesionist.<\/p>\n\n\n\n<p>(<strong>N. R.<\/strong> \u2013 sursa <em>Radiochisinau.md<\/em>)<\/p>\n\n\n\n<p><strong><em>Red.<\/em><\/strong><\/p>\n","protected":false},"excerpt":{"rendered":"<p>\u201ePictura este poezia care mai degrab\u0103 se vede dec\u00e2t se simte, iar poezia este pictura care se simte, mai degrab\u0103 care se vede\u201d, spunea Leonardo da Vinci. Artista basarabean\u0103 Galina Vieru, care a dus casele v\u0103ruite \u015fi iile bunicilor \u00een&hellip;<\/p>\n<p class=\"more-link-p\"><a class=\"more-link\" href=\"http:\/\/www.slineamt.ro\/apostolul\/arte-si-meserii-plastica\/albastru-de-galina-vieru\/\">Read more &rarr;<\/a><\/p>\n","protected":false},"author":1,"featured_media":0,"comment_status":"open","ping_status":"closed","sticky":false,"template":"","format":"standard","meta":{"footnotes":""},"categories":[196,484],"tags":[],"class_list":["post-25975","post","type-post","status-publish","format-standard","hentry","category-arte-si-meserii-plastica","category-numarul-274"],"_links":{"self":[{"href":"http:\/\/www.slineamt.ro\/apostolul\/wp-json\/wp\/v2\/posts\/25975","targetHints":{"allow":["GET"]}}],"collection":[{"href":"http:\/\/www.slineamt.ro\/apostolul\/wp-json\/wp\/v2\/posts"}],"about":[{"href":"http:\/\/www.slineamt.ro\/apostolul\/wp-json\/wp\/v2\/types\/post"}],"author":[{"embeddable":true,"href":"http:\/\/www.slineamt.ro\/apostolul\/wp-json\/wp\/v2\/users\/1"}],"replies":[{"embeddable":true,"href":"http:\/\/www.slineamt.ro\/apostolul\/wp-json\/wp\/v2\/comments?post=25975"}],"version-history":[{"count":1,"href":"http:\/\/www.slineamt.ro\/apostolul\/wp-json\/wp\/v2\/posts\/25975\/revisions"}],"predecessor-version":[{"id":25980,"href":"http:\/\/www.slineamt.ro\/apostolul\/wp-json\/wp\/v2\/posts\/25975\/revisions\/25980"}],"wp:attachment":[{"href":"http:\/\/www.slineamt.ro\/apostolul\/wp-json\/wp\/v2\/media?parent=25975"}],"wp:term":[{"taxonomy":"category","embeddable":true,"href":"http:\/\/www.slineamt.ro\/apostolul\/wp-json\/wp\/v2\/categories?post=25975"},{"taxonomy":"post_tag","embeddable":true,"href":"http:\/\/www.slineamt.ro\/apostolul\/wp-json\/wp\/v2\/tags?post=25975"}],"curies":[{"name":"wp","href":"https:\/\/api.w.org\/{rel}","templated":true}]}}