{"id":25981,"date":"2024-07-22T13:32:13","date_gmt":"2024-07-22T13:32:13","guid":{"rendered":"https:\/\/www.slineamt.ro\/apostolul\/?p=25981"},"modified":"2024-07-22T13:32:13","modified_gmt":"2024-07-22T13:32:13","slug":"arta-si-pasiune-bucati-de-suflet-la-sestri-art-gallery","status":"publish","type":"post","link":"http:\/\/www.slineamt.ro\/apostolul\/arte-si-meserii-plastica\/arta-si-pasiune-bucati-de-suflet-la-sestri-art-gallery\/","title":{"rendered":"Art\u0103 \u015fi pasiune \u2013 \u201eBuc\u0103\u0163i de suflet\u201d, la Sestri Art Gallery"},"content":{"rendered":"<div class=\"wp-block-image\">\n<figure class=\"alignleft size-full is-resized\"><a href=\"http:\/\/www.slineamt.ro\/apostolul\/wp-content\/uploads\/2024\/07\/11-ap274-foto1.jpg\"><img loading=\"lazy\" decoding=\"async\" width=\"352\" height=\"375\" src=\"http:\/\/www.slineamt.ro\/apostolul\/wp-content\/uploads\/2024\/07\/11-ap274-foto1.jpg\" alt=\"\" class=\"wp-image-25982\" style=\"width:304px;height:auto\" srcset=\"http:\/\/www.slineamt.ro\/apostolul\/wp-content\/uploads\/2024\/07\/11-ap274-foto1.jpg 352w, http:\/\/www.slineamt.ro\/apostolul\/wp-content\/uploads\/2024\/07\/11-ap274-foto1-282x300.jpg 282w, http:\/\/www.slineamt.ro\/apostolul\/wp-content\/uploads\/2024\/07\/11-ap274-foto1-260x277.jpg 260w, http:\/\/www.slineamt.ro\/apostolul\/wp-content\/uploads\/2024\/07\/11-ap274-foto1-160x170.jpg 160w\" sizes=\"auto, (max-width: 352px) 100vw, 352px\" \/><\/a><\/figure>\n<\/div>\n\n\n<p>O interesant\u0103 expozi\u0163ie colectiv\u0103, sub genericul \u201eBuc\u0103\u0163i de suflet\u201d, s-a deschis pe 4 iulie 2024, la Sestri Art Gallery. Criticul grupului a fost Antonia Obrocea, absolvent\u0103 a Liceului de Arte \u201eVictor Brauner\u201d din Piatra-Neam\u0163, \u015fef\u0103 de promo\u0163ie, specializarea art\u0103 decorativ\u0103, 2024, iar participan\u0163i: pictori\u0163ele Marcela Popescu, Ecaterina Ganea, Lumini\u0163a Mamina \u015fi artistul fotograf Florin Mihai. Pentru cei patru creatori arta r\u0103spunde unei necesit\u0103\u0163i interioare a omului de a se manifesta \u00een existen\u0163\u0103.<\/p>\n\n\n\n<p>\u201eMi-a pl\u0103cut un citat din Paulo Coehlo: <em>Dac\u0103 e\u015fti capabil s\u0103 percepi frumosul, e, doar, pentru c\u0103 \u00eel por\u0163i \u00een suflet<\/em>. Ast\u0103zi ne-am reunit patru iubitori de frumos \u015fi v\u0103 prezent\u0103m o expozi\u0163ie cu lucr\u0103ri interesante, de stiluri \u015fi tehnici diferite, care v\u0103 spune multe despre autorii ce cu emo\u0163ie au abordat subiecte dragi lor. Referitor la lucr\u0103rile mele, poate, unii se \u00eentreab\u0103 de ce flori, predominant flori. V\u0103 voi r\u0103spunde simplu, pentru c\u0103 ele \u00eemi transmit acel fior creativ, care m\u0103 inspir\u0103 \u00een demersul meu artistic. Le abordez \u00een stil impresionist, deoarece m\u0103 reprezint\u0103. Am expus c\u00e2teva peisaje de toamn\u0103 \u015fi c\u00e2teva lucr\u0103ri abstracte pe care le-am realizat \u00een tehnici diferite \u015fi cu aplica\u0163ii de foi\u0163\u0103 de aur\u201d, a spus <strong>Marcela Popescu<\/strong>.<\/p>\n\n\n\n<p>\u201eAu trecut trei ani de c\u00e2nd am \u00eenceput s\u0103 frecventez cursurile \u015ecolii Populare de Art\u0103 din Piatra-Neam\u0163, cursuri pe care le-am absolvit anul acesta la clasa profesorului Cristian Bistriceanu. Lucr\u0103rile mele sunt \u00een pastel \u015fi culori acrilice \u015fi doar foarte pu\u0163ine \u00een ulei. Mul\u0163umesc pentru invita\u0163ie doamnei doctor Ecaterina Ganea \u015fi fiului s\u0103u Mihai Bogdan Ganea. Sper ca to\u0163i cei care privesc lucr\u0103rile noastre s\u0103 plece cu pu\u0163in\u0103 bucurie \u00een suflet. Pentru c\u0103 \u015fi noi, cei care expunem aici, am pus p\u0103rticele din fiin\u0163a noastr\u0103 \u00een aceste lucr\u0103ri\u201d, a declarat <strong>Lumini\u0163a Mamina<\/strong>.<\/p>\n\n\n\n<p>\u201eAm \u00eenceput s\u0103 pictez acum trei ani, din dorin\u0163a de a crea \u015fi de a tr\u0103i frumosul. Sunt atras\u0103 de art\u0103, iar acum am privilegiul de a aloca mai mult timp acestei chem\u0103ri l\u0103untrice. Primii pa\u015fi i-am f\u0103cut \u00een cadrul \u015ecolii Populare de Art\u0103. \u00cen acest parcurs al devenirii artistice \u00eei am mae\u015ftrii pe cei cu care rezonez: C\u00e9zanne, J.M.W. Turner, Luchian, Parizescu, Steriade. M\u0103 inspir din lucr\u0103ri pe care mi-ar pl\u0103cea s\u0103 le am \u00een colec\u0163ia personal\u0103, reu\u015find prin trud\u0103 \u015fi exerci\u0163iu plastic s\u0103 m\u0103 aduc mai aproape de personalitatea mea artistic\u0103\u201d, a men\u0163ionat dr. <strong>Ecaterina Ganea<\/strong>, curatorul expozi\u0163iei \u015fi moderatorul \u00eent\u00e2lnirii.<\/p>\n\n\n\n<p>\u201eLucr\u0103rile mele au ca tem\u0103 principal\u0103 ora\u015ful nostru Piatra-Neam\u0163, iar \u00een particular, detalii de arhitectur\u0103 ale Cur\u0163ii Domne\u015fti. Pentru lucr\u0103rile mele \u00eencep de la imagini realizate \u00een locul respectiv \u015fi folosesc tehnici specifice fotografiei \u015fi picturii. Mereu pornesc de la fotografii alb-negru. Pentru mine, ora\u015ful \u00een care m-am n\u0103scut \u00eenseamn\u0103 mult \u015fi r\u0103m\u00e2ne o surs\u0103 constant\u0103 de inspira\u0163ie. Chiar o simpl\u0103 raza de lumin\u0103 ce cade pe un col\u0163 de strad\u0103 poate fi un pretext pentru o lucrare\u201d, a subliniat <strong>Florin Mihai<\/strong>.<\/p>\n\n\n\n<p>Despre oferta de pe simeze a vorbit cu emo\u0163ie Antonia Obrocea, <em>cea mai t\u00e2n\u0103r\u0103 dintre nepo\u0163ii artistei Marcela Popescu<\/em>, dovedind maturitate, o bun\u0103 asimilare a limbajului critic, echilibru \u015fi bun-sim\u0163: <em>Nu se poate reda exact pe h\u00e2rtie ce se \u00eent\u00e2mpl\u0103 pe suprafa\u0163a unei p\u00e2nze. Comentatorul unei opere de art\u0103 se afl\u0103 \u00eentr-o pozi\u0163ie similar\u0103 cu cea a unui traduc\u0103tor, care \u00eencearc\u0103 s\u0103 transpun\u0103 \u00eentr-o alt\u0103 limb\u0103 sensurile, ritmurile \u015fi jocurile de lumin\u0103 \u015fi umbr\u0103. Totu\u015fi, un bun traduc\u0103tor poate reda impresia general\u0103 \u015fi starea emo\u0163ional\u0103<\/em>&#8230;<\/p>\n\n\n\n<p>Reamintindu-ne cu umor butada pictorului Paul Klee \u201eCea mai dificil\u0103 etap\u0103 \u00een realizarea unui tablou este explicarea lui\u201d, Antonia Obrocea a intrat cu aplomb \u015fi competen\u0163\u0103 \u00een dificilul rol de \u201etraduc\u0103tor al tablourilor\u201d: <em>Tabloul \u201eSimfonia macilor\u201d<\/em> (semnat de bunica Marcela Popescu) <em>creeaz\u0103 o atmosfer\u0103 de calm \u015fi intimitate, ca \u015fi cum ar fi \u00eenso\u0163it de acordurile unei viori. Imaginea evoc\u0103 un col\u0163i\u015for de studiu al unui violonist pasionat de art\u0103, care, \u00eentr-o scurt\u0103 pauz\u0103 de cafea, admir\u0103 macii proaspe\u0163i din gr\u0103din\u0103.<\/em><\/p>\n\n\n<div class=\"wp-block-image\">\n<figure class=\"alignright size-full is-resized\"><a href=\"http:\/\/www.slineamt.ro\/apostolul\/wp-content\/uploads\/2024\/07\/11-ap274-foto2.jpg\"><img loading=\"lazy\" decoding=\"async\" width=\"392\" height=\"344\" src=\"http:\/\/www.slineamt.ro\/apostolul\/wp-content\/uploads\/2024\/07\/11-ap274-foto2.jpg\" alt=\"\" class=\"wp-image-25983\" style=\"width:351px;height:auto\" srcset=\"http:\/\/www.slineamt.ro\/apostolul\/wp-content\/uploads\/2024\/07\/11-ap274-foto2.jpg 392w, http:\/\/www.slineamt.ro\/apostolul\/wp-content\/uploads\/2024\/07\/11-ap274-foto2-300x263.jpg 300w, http:\/\/www.slineamt.ro\/apostolul\/wp-content\/uploads\/2024\/07\/11-ap274-foto2-260x228.jpg 260w, http:\/\/www.slineamt.ro\/apostolul\/wp-content\/uploads\/2024\/07\/11-ap274-foto2-160x140.jpg 160w\" sizes=\"auto, (max-width: 392px) 100vw, 392px\" \/><\/a><\/figure>\n<\/div>\n\n\n<p><em>\u00cen ceea ce prive\u015fte noii arti\u015fti pe care i-am \u00eent\u00e2lnit, tabloul \u201eTurnul Cur\u0163ii Domne\u015fti\u201d de Florin Mihai m\u0103 duce cu g\u00e2ndul la o plimbare \u00een c\u0103utarea inspira\u0163iei prin centrul ora\u015fului, p\u00e2n\u0103 la Curtea Domneasc\u0103. Aceast\u0103 lucrare juxtapune dou\u0103 suprafe\u0163e de culori diferite, cre\u00e2nd o atmosfer\u0103 de visare cu ochii deschi\u015fi asupra peisajului nem\u0163ean. Abordarea sa inedit\u0103 \u00een ceea ce prive\u015fte grafica \u015fi culoarea face ca acest tablou s\u0103 fie deosebit de captivant<\/em>.<\/p>\n\n\n\n<p><em>Tabloul \u201eApus de soare\u201d al Lumini\u0163ei Mamina este un peisaj maritim ce eman\u0103 lini\u015fte \u015fi pace \u00een fa\u0163a r\u0103s\u0103ritului\/ apusului de soare. Atmosfera relativ rece a peisajului este \u00eenc\u0103lzit\u0103 de lumina bl\u00e2nd\u0103 a soarelui, care se strecoar\u0103 printre spa\u0163iile cu vegeta\u0163ie. Aceast\u0103 scen\u0103 lini\u015ftit\u0103 te invit\u0103 la o c\u0103l\u0103torie cu barca \u00een mijlocul valurilor calmante ale apei.<\/em><\/p>\n\n\n\n<p><em>Lucrarea doamnei Ecaterina Ganea, de asemenea, ofer\u0103 o experien\u0163\u0103 vibrant\u0103. Pictura \u201eStrada\u201d prezint\u0103 o citadin\u0103 unde veselia culorilor predomin\u0103. Peisajul urban, viu colorat, te conduce pe c\u0103r\u0103rile unui ora\u015f plin de via\u0163\u0103, invit\u00e2ndu-te s\u0103 contempli o lume \u00een care culoarea triumf\u0103 asupra griului cotidian, \u015fi dezv\u0103luie misterele ascunse \u00een spatele fiec\u0103rei ferestre.<\/em><\/p>\n\n\n\n<p>Evenimentul a cuprins \u015fi un moment de for\u0163\u0103 poetic\u0103 sus\u0163inut de psihologul Andreea Marin B\u0103lan care a fost r\u0103spl\u0103tit, binemeritat, cu aplauze generoase de numerosul public prezent la Sestri Art Gallery. Expozi\u0163ia \u201eBuc\u0103\u0163i de suflet\u201d este cu v\u00e2nzare \u015fi va fi deschis\u0103 p\u00e2n\u0103 la \u00eenceputul lunii august.<\/p>\n\n\n\n<p><strong><em>Violeta MO\u015eU<\/em><\/strong><\/p>\n","protected":false},"excerpt":{"rendered":"<p>O interesant\u0103 expozi\u0163ie colectiv\u0103, sub genericul \u201eBuc\u0103\u0163i de suflet\u201d, s-a deschis pe 4 iulie 2024, la Sestri Art Gallery. Criticul grupului a fost Antonia Obrocea, absolvent\u0103 a Liceului de Arte \u201eVictor Brauner\u201d din Piatra-Neam\u0163, \u015fef\u0103 de promo\u0163ie, specializarea art\u0103 decorativ\u0103,&hellip;<\/p>\n<p class=\"more-link-p\"><a class=\"more-link\" href=\"http:\/\/www.slineamt.ro\/apostolul\/arte-si-meserii-plastica\/arta-si-pasiune-bucati-de-suflet-la-sestri-art-gallery\/\">Read more &rarr;<\/a><\/p>\n","protected":false},"author":1,"featured_media":0,"comment_status":"open","ping_status":"closed","sticky":false,"template":"","format":"standard","meta":{"footnotes":""},"categories":[196,484],"tags":[],"class_list":["post-25981","post","type-post","status-publish","format-standard","hentry","category-arte-si-meserii-plastica","category-numarul-274"],"_links":{"self":[{"href":"http:\/\/www.slineamt.ro\/apostolul\/wp-json\/wp\/v2\/posts\/25981","targetHints":{"allow":["GET"]}}],"collection":[{"href":"http:\/\/www.slineamt.ro\/apostolul\/wp-json\/wp\/v2\/posts"}],"about":[{"href":"http:\/\/www.slineamt.ro\/apostolul\/wp-json\/wp\/v2\/types\/post"}],"author":[{"embeddable":true,"href":"http:\/\/www.slineamt.ro\/apostolul\/wp-json\/wp\/v2\/users\/1"}],"replies":[{"embeddable":true,"href":"http:\/\/www.slineamt.ro\/apostolul\/wp-json\/wp\/v2\/comments?post=25981"}],"version-history":[{"count":1,"href":"http:\/\/www.slineamt.ro\/apostolul\/wp-json\/wp\/v2\/posts\/25981\/revisions"}],"predecessor-version":[{"id":25984,"href":"http:\/\/www.slineamt.ro\/apostolul\/wp-json\/wp\/v2\/posts\/25981\/revisions\/25984"}],"wp:attachment":[{"href":"http:\/\/www.slineamt.ro\/apostolul\/wp-json\/wp\/v2\/media?parent=25981"}],"wp:term":[{"taxonomy":"category","embeddable":true,"href":"http:\/\/www.slineamt.ro\/apostolul\/wp-json\/wp\/v2\/categories?post=25981"},{"taxonomy":"post_tag","embeddable":true,"href":"http:\/\/www.slineamt.ro\/apostolul\/wp-json\/wp\/v2\/tags?post=25981"}],"curies":[{"name":"wp","href":"https:\/\/api.w.org\/{rel}","templated":true}]}}