{"id":26041,"date":"2024-09-17T07:32:13","date_gmt":"2024-09-17T07:32:13","guid":{"rendered":"http:\/\/www.slineamt.ro\/apostolul\/?p=26041"},"modified":"2024-09-17T07:32:13","modified_gmt":"2024-09-17T07:32:13","slug":"expozitie-dedicata-centenarului-iuliei-halaucescu","status":"publish","type":"post","link":"http:\/\/www.slineamt.ro\/apostolul\/comemorari\/expozitie-dedicata-centenarului-iuliei-halaucescu\/","title":{"rendered":"Expozi\u0163ie dedicat\u0103 Centenarului Iuliei H\u0103l\u0103ucescu"},"content":{"rendered":"<div class=\"wp-block-image\">\n<figure class=\"alignleft size-full is-resized\"><a href=\"http:\/\/www.slineamt.ro\/apostolul\/wp-content\/uploads\/2024\/09\/36-ap275-foto1.jpg\"><img loading=\"lazy\" decoding=\"async\" width=\"311\" height=\"269\" src=\"http:\/\/www.slineamt.ro\/apostolul\/wp-content\/uploads\/2024\/09\/36-ap275-foto1.jpg\" alt=\"\" class=\"wp-image-26042\" style=\"width:367px;height:auto\" srcset=\"http:\/\/www.slineamt.ro\/apostolul\/wp-content\/uploads\/2024\/09\/36-ap275-foto1.jpg 311w, http:\/\/www.slineamt.ro\/apostolul\/wp-content\/uploads\/2024\/09\/36-ap275-foto1-300x259.jpg 300w, http:\/\/www.slineamt.ro\/apostolul\/wp-content\/uploads\/2024\/09\/36-ap275-foto1-260x225.jpg 260w, http:\/\/www.slineamt.ro\/apostolul\/wp-content\/uploads\/2024\/09\/36-ap275-foto1-160x138.jpg 160w\" sizes=\"auto, (max-width: 311px) 100vw, 311px\" \/><\/a><\/figure>\n<\/div>\n\n\n<p>Galeriile de Art\u0103 \u201eLasc\u0103r Vorel\u201d Piatra-Neam\u0163 au prezentat, \u00een perioada 15-31 iulie, <strong>Expozi\u0163ia Simpozionului Interna\u0163ional de acuarel\u0103 \u201eIulia H\u0103l\u0103ucescu\u201d, Tarc\u0103u 2019 \u2013 2024<\/strong>, dedicat\u0103 \u00eemplinirii a 100 de ani de la na\u015fterea \u201edoamnei acuarelei rom\u00e2ne\u015fti\u201d, Iulia H\u0103l\u0103ucescu. Vernisajul a avut loc pe16 iulie \u015fi a fost prezentat de artistul plastic Mircea Titus Romanescu, ini\u0163iatorul acestui proiect expozi\u0163ional.<\/p>\n\n\n<div class=\"wp-block-image\">\n<figure class=\"alignright size-full is-resized\"><a href=\"http:\/\/www.slineamt.ro\/apostolul\/wp-content\/uploads\/2024\/09\/36-ap275-foto2.jpg\"><img loading=\"lazy\" decoding=\"async\" width=\"491\" height=\"310\" src=\"http:\/\/www.slineamt.ro\/apostolul\/wp-content\/uploads\/2024\/09\/36-ap275-foto2.jpg\" alt=\"\" class=\"wp-image-26043\" style=\"width:429px;height:auto\" srcset=\"http:\/\/www.slineamt.ro\/apostolul\/wp-content\/uploads\/2024\/09\/36-ap275-foto2.jpg 491w, http:\/\/www.slineamt.ro\/apostolul\/wp-content\/uploads\/2024\/09\/36-ap275-foto2-300x189.jpg 300w, http:\/\/www.slineamt.ro\/apostolul\/wp-content\/uploads\/2024\/09\/36-ap275-foto2-260x164.jpg 260w, http:\/\/www.slineamt.ro\/apostolul\/wp-content\/uploads\/2024\/09\/36-ap275-foto2-160x101.jpg 160w\" sizes=\"auto, (max-width: 491px) 100vw, 491px\" \/><\/a><\/figure>\n<\/div>\n\n\n<p>Expozi\u0163ia a reunit lucr\u0103rile a 32 de arti\u015fti plastici, dintre care patru au fost invita\u0163i speciali, \u015fi a reprezentat o sintez\u0103 a tuturor celor cinci edi\u0163ii ale simpozionului desf\u0103\u015furate p\u00e2n\u0103 acum, dar se completeaz\u0103 \u015fi cu lucr\u0103ri realizate \u00een alte patru tabere de acuarel\u0103 de la Tarc\u0103u, dedicate Iuliei H\u0103l\u0103ucescu.<\/p>\n\n\n\n<p>Arti\u015ftii expozan\u0163i au fost: Crinela Antonescu, Ion Alexandru Antonescu, Ilie Boca, Dumitru Bostan Jr., Teodor Buzu, Grigore Carat\u0103, Alexandru Pintilii Carciucas, Mircea Corcodel, Olga Diaconu, Gheorghii Diaconu, Victor Dima, Corneliu Dr\u0103gan T\u00e2rgovi\u015fte, Ema Hagiu, Mirela Hagiu, Iosif Haidu, Lucia Juncu, Valeriu Jabinschi, Marcel Lup\u015fe, Eugen M\u0103cinic,&nbsp; Eugen Mircea, Nadia Negru, Valer Paraschivescu, Corina Preda Perianu, Erwin Racz, Arcadie R\u0103ileanu, Mircea Titus Romanescu, Yan Su, Teodor Vi\u015fan.<\/p>\n\n\n\n<p>Invita\u0163i speciali: Constantin Flondor, Horea Pa\u015ftina, Mihai S\u00e2rbulescu, Andrei Rosetti.<\/p>\n\n\n<div class=\"wp-block-image\">\n<figure class=\"alignleft size-full is-resized\"><a href=\"http:\/\/www.slineamt.ro\/apostolul\/wp-content\/uploads\/2024\/09\/36-ap275-foto3.jpg\"><img loading=\"lazy\" decoding=\"async\" width=\"378\" height=\"290\" src=\"http:\/\/www.slineamt.ro\/apostolul\/wp-content\/uploads\/2024\/09\/36-ap275-foto3.jpg\" alt=\"\" class=\"wp-image-26044\" style=\"width:346px;height:auto\" srcset=\"http:\/\/www.slineamt.ro\/apostolul\/wp-content\/uploads\/2024\/09\/36-ap275-foto3.jpg 378w, http:\/\/www.slineamt.ro\/apostolul\/wp-content\/uploads\/2024\/09\/36-ap275-foto3-300x230.jpg 300w, http:\/\/www.slineamt.ro\/apostolul\/wp-content\/uploads\/2024\/09\/36-ap275-foto3-260x199.jpg 260w, http:\/\/www.slineamt.ro\/apostolul\/wp-content\/uploads\/2024\/09\/36-ap275-foto3-160x123.jpg 160w\" sizes=\"auto, (max-width: 378px) 100vw, 378px\" \/><\/a><\/figure>\n<\/div>\n\n\n<p>Ini\u0163iatorul expozi\u0163iei, <strong>Mircea Titus Romanescu<\/strong>, a explicat pe scurt contextul ideii centrale care a pus baza acestei expozi\u0163ii: <em>Lucr\u0103rile expuse au fost realizate \u00een cadrul mai multor edi\u0163ii ale Simpozionului Interna\u0163ional de Acuarel\u0103 \u201eIulia H\u0103l\u0103ucescu\u201d, Tarc\u0103u, 2019-2023, simpozion ini\u0163iat \u00een anul 2019 de Funda\u0163ia \u201eMircea Titus Romanescu\u201d, \u00een parteneriat cu UAT Tarc\u0103u. Simpozionul, devenit un eveniment anual, a f\u0103cut ca Tarc\u0103ul \u015fi pitoreasca sa Vale, din jude\u0163ul Neam\u0163, locul de ob\u00e2r\u015fie al \u201edoamnei acuarelei rom\u00e2ne\u015fti\u201d, Iulia H\u0103l\u0103ucescu, s\u0103 devin\u0103 o adev\u0103rat\u0103 capital\u0103 a \u201e\u0162inutului acuarelei\u201d, un punct de \u00eent\u00e2lnire pentru arti\u015ftii profesioni\u015fti practican\u0163i ai acuarelei din \u0163ar\u0103 \u015fi str\u0103in\u0103tate, complet\u00e2nd prin generozitatea lor colec\u0163ia Muzeului de Art\u0103 din Tarc\u0103u, singurul muzeu din \u0163ar\u0103 dedicat acuarelei<\/em>.<\/p>\n\n\n\n<p><strong><em>Red.<\/em><\/strong><\/p>\n","protected":false},"excerpt":{"rendered":"<p>Galeriile de Art\u0103 \u201eLasc\u0103r Vorel\u201d Piatra-Neam\u0163 au prezentat, \u00een perioada 15-31 iulie, Expozi\u0163ia Simpozionului Interna\u0163ional de acuarel\u0103 \u201eIulia H\u0103l\u0103ucescu\u201d, Tarc\u0103u 2019 \u2013 2024, dedicat\u0103 \u00eemplinirii a 100 de ani de la na\u015fterea \u201edoamnei acuarelei rom\u00e2ne\u015fti\u201d, Iulia H\u0103l\u0103ucescu. Vernisajul a avut&hellip;<\/p>\n<p class=\"more-link-p\"><a class=\"more-link\" href=\"http:\/\/www.slineamt.ro\/apostolul\/comemorari\/expozitie-dedicata-centenarului-iuliei-halaucescu\/\">Read more &rarr;<\/a><\/p>\n","protected":false},"author":1,"featured_media":0,"comment_status":"open","ping_status":"closed","sticky":false,"template":"","format":"standard","meta":{"footnotes":""},"categories":[5,485],"tags":[],"class_list":["post-26041","post","type-post","status-publish","format-standard","hentry","category-comemorari","category-numarul-275"],"_links":{"self":[{"href":"http:\/\/www.slineamt.ro\/apostolul\/wp-json\/wp\/v2\/posts\/26041","targetHints":{"allow":["GET"]}}],"collection":[{"href":"http:\/\/www.slineamt.ro\/apostolul\/wp-json\/wp\/v2\/posts"}],"about":[{"href":"http:\/\/www.slineamt.ro\/apostolul\/wp-json\/wp\/v2\/types\/post"}],"author":[{"embeddable":true,"href":"http:\/\/www.slineamt.ro\/apostolul\/wp-json\/wp\/v2\/users\/1"}],"replies":[{"embeddable":true,"href":"http:\/\/www.slineamt.ro\/apostolul\/wp-json\/wp\/v2\/comments?post=26041"}],"version-history":[{"count":1,"href":"http:\/\/www.slineamt.ro\/apostolul\/wp-json\/wp\/v2\/posts\/26041\/revisions"}],"predecessor-version":[{"id":26045,"href":"http:\/\/www.slineamt.ro\/apostolul\/wp-json\/wp\/v2\/posts\/26041\/revisions\/26045"}],"wp:attachment":[{"href":"http:\/\/www.slineamt.ro\/apostolul\/wp-json\/wp\/v2\/media?parent=26041"}],"wp:term":[{"taxonomy":"category","embeddable":true,"href":"http:\/\/www.slineamt.ro\/apostolul\/wp-json\/wp\/v2\/categories?post=26041"},{"taxonomy":"post_tag","embeddable":true,"href":"http:\/\/www.slineamt.ro\/apostolul\/wp-json\/wp\/v2\/tags?post=26041"}],"curies":[{"name":"wp","href":"https:\/\/api.w.org\/{rel}","templated":true}]}}