{"id":26055,"date":"2024-09-17T07:41:35","date_gmt":"2024-09-17T07:41:35","guid":{"rendered":"http:\/\/www.slineamt.ro\/apostolul\/?p=26055"},"modified":"2024-09-17T07:41:35","modified_gmt":"2024-09-17T07:41:35","slug":"centenar-catedrala-sfintii-imparati-constantin-si-elena-din-balti","status":"publish","type":"post","link":"http:\/\/www.slineamt.ro\/apostolul\/lectia-de-istorie\/centenar-catedrala-sfintii-imparati-constantin-si-elena-din-balti\/","title":{"rendered":"CENTENAR: Catedrala Sfin\u0163ii \u00cemp\u0103ra\u0163i Constantin \u015fi Elena din B\u0103l\u0163i"},"content":{"rendered":"<div class=\"wp-block-image\">\n<figure class=\"alignleft size-full is-resized\"><a href=\"http:\/\/www.slineamt.ro\/apostolul\/wp-content\/uploads\/2024\/09\/31-ap275-foto1.jpg\"><img loading=\"lazy\" decoding=\"async\" width=\"529\" height=\"340\" src=\"http:\/\/www.slineamt.ro\/apostolul\/wp-content\/uploads\/2024\/09\/31-ap275-foto1.jpg\" alt=\"\" class=\"wp-image-26056\" style=\"width:437px;height:auto\" srcset=\"http:\/\/www.slineamt.ro\/apostolul\/wp-content\/uploads\/2024\/09\/31-ap275-foto1.jpg 529w, http:\/\/www.slineamt.ro\/apostolul\/wp-content\/uploads\/2024\/09\/31-ap275-foto1-300x193.jpg 300w, http:\/\/www.slineamt.ro\/apostolul\/wp-content\/uploads\/2024\/09\/31-ap275-foto1-260x167.jpg 260w, http:\/\/www.slineamt.ro\/apostolul\/wp-content\/uploads\/2024\/09\/31-ap275-foto1-160x103.jpg 160w\" sizes=\"auto, (max-width: 529px) 100vw, 529px\" \/><\/a><\/figure>\n<\/div>\n\n\n<p>\u25cf 28 septembrie 1924, punerea pietrei de temelie<\/p>\n\n\n\n<p><em>Ast\u0103zi, 28 septembrie, anul M\u00e2ntuirii, 1924\u2026 pusu-s-a temelie \u00een ora\u015ful B\u0103l\u0163i a bisericii catedrale episcopale, cu hramul Sfin\u0163ilor \u00eemp\u0103ra\u0163i \u015fi-n tocmai cu apostolii Constantin \u015fi Elena, fa\u0163\u0103 fiind la acest \u00eensemnat act Alte\u0163a sa Regal\u0103 Principele Carol, mo\u015ftenitorul Tronului, \u015fi \u00eenaltpreasfin\u0163itul mitropolit primat, dr. Miron Cristea, \u00eenconjurat de membrii Sf\u00e2ntului Sinod, \u00eenaltul guvern al \u0162\u0103rii, cu numero\u015fi reprezentan\u0163i ai parlamentului, frunta\u015fii ora\u015fului \u015fi mult cler \u015fi popor. Se ridic\u0103 acest sf\u00e2nt l\u0103ca\u015f, prin os\u00e2rdia preasfin\u0163itului Visarion Puiu, (&#8230;) s\u0103 fie loc de \u00eenchinare norodului cre\u015ftinesc \u015fi podoab\u0103 acestui ora\u015f&#8230;<\/em><\/p>\n\n\n\n<p><strong><em>Act de fonda\u0163ie, semnat dup\u0103 solemnitatea punerii pietrei temeliei<\/em><\/strong><\/p>\n\n\n\n<p>Construc\u0163ie monumental\u0103 din prima jum\u0103tate a secolului XX, l\u0103ca\u015f sf\u00e2nt de \u00eenchin\u0103ciune, Catedrala <em>Sfin\u0163ii \u00cemp\u0103ra\u0163i Constantin \u015fi Elena<\/em> din B\u0103l\u0163i are statut de monument istoric \u015fi arhitectural. Ridicat\u0103 \u00eentre anii 1924 \u015fi 1934 prin truda episcopului Visarion Puiu, \u00een prezent este biseric\u0103 catedral\u0103 a Eparhiei de B\u0103l\u0163i \u015fi F\u0103le\u015fti, subordonat\u0103 Patriarhiei Moscovei. A fost construit\u0103 \u00eentr-un stil neorom\u00e2nesc, ap\u0103rut la \u00eenceputul secolului al XIX- lea \u00een Rom\u00e2nia, datorit\u0103 arhitec\u0163ilor rom\u00e2ni care \u015fi-au f\u0103cut studiile \u00een Fran\u0163a. Stilul a fost numit \u015fi \u201eal lui \u015etefan cel Mare\u201d, reprezent\u00e2nd un amalgam din Art Nouveau cu elemente arhitecturale \u015fi decorative bizantine, occidentale \u015fi na\u0163ionale.<\/p>\n\n\n\n<p>Catedrala episcopal\u0103 cu hramul Sfin\u0163ilor \u00cemp\u0103ra\u0163i Constantin \u015fi Elena a fost ridicat\u0103 \u00een timpul lui Visarion Puiu, primul episcop al re\u00eenviatei Eparhii a Hotinului (martie 1923). Instalarea noii episcopii necesita inaugurarea unei catedrale monumentale, a unei re\u015fedin\u0163e, a altor biserici \u015fi cl\u0103diri cu destina\u0163ii biserice\u015fti. \u00cen acest sens, a fost aprobat\u0103 (prin Decretul regal nr. 315 din 31 ianuarie 1924) cedarea pe veci c\u0103tre Episcopia Hotinului a terenului, cu suprafa\u0163a de 7.595 m2, situat la intersec\u0163ia str\u0103zilor Regele Ferdinand \u015fi General Berthelot (actualmente, str\u0103zile Independen\u0163ei \u015fi 31 August 1989).<\/p>\n\n\n\n<p>Autorit\u0103\u0163ile locale au constituit (octombrie 1923) un comitet pentru construc\u0163ia catedralei \u015fi, analiz\u00e2nd proiectul arhitectului A. Gabrielescu de la Comisia Monumentelor Istorice din Bucure\u015fti, l-au considerat cel mai reu\u015fit. La 23 aprilie\/6 mai 1924 au fost prezentate schi\u0163ele viitoarei catedrale, examinate ulterior de arhitectul P. Antonescu din Bucure\u015fti \u015fi de arhitec\u0163ii din cadrul Ministerului Cultelor. Pentru \u00eenceperea lucr\u0103rilor, Ministerul Cultelor a alocat 2.500 de mii de lei, dar, din cauza dificult\u0103\u0163ilor financiare (a crizei mondiale), restul cheltuielilor au fost suportate de clerul din Eparhia Hotinului. Au mai fost adunate dona\u0163ii de la corpul magistra\u0163ilor (12 mii de lei) \u015fi al ofi\u0163erilor rom\u00e2ni din Divizia 14 din B\u0103l\u0163i (40 de mii de lei), sume utilizate pentru achizi\u0163ionarea de ve\u015fminte arhiere\u015fti \u015fi obiecte religioase.<\/p>\n\n\n\n<p>La 28 septembrie 1924 a avut loc punerea pietrei de temelie a catedralei episcopale, eveniment la care au fost prezen\u0163i Principele Carol, mo\u015ftenitorul tronului, \u015fi Mitropolitul Primat al Bisericii Ortodoxe Rom\u00e2ne, Miron Cristea, Patriarhul Ierusalimului Damianos, \u00eenso\u0163it de Dositei, Mitropolit de Sevastia, Ion Incule\u0163, ministru al Basarabiei din acea perioad\u0103.<\/p>\n\n\n\n<p>Catedrala este construit\u0103 sub form\u0103 de trefl\u0103, cu pridvor \u00eenconjurat de coloane la intrare. Deasupra intr\u0103rii \u015fi a pronaosului, sub turl\u0103, pe cele trei laturi, exist\u0103 un cerdac cu coloane, care creeaz\u0103 \u00eentre ele o bolt\u0103 artistic lucrat\u0103. Turla principal\u0103 de 46 metri se \u00eenal\u0163\u0103 \u00een armonie cu celelalte componente ale catedralei. De la poalele turlei principale se desf\u0103\u015foar\u0103 \u00een lateral, \u00een form\u0103 de cascade, mai multe bol\u0163i lipite succesiv de zid\u0103ria principal\u0103 a catedralei.<\/p>\n\n\n<div class=\"wp-block-image\">\n<figure class=\"alignright size-full\"><a href=\"http:\/\/www.slineamt.ro\/apostolul\/wp-content\/uploads\/2024\/09\/31-ap275-foto2.jpg\"><img loading=\"lazy\" decoding=\"async\" width=\"290\" height=\"397\" src=\"http:\/\/www.slineamt.ro\/apostolul\/wp-content\/uploads\/2024\/09\/31-ap275-foto2.jpg\" alt=\"\" class=\"wp-image-26057\" srcset=\"http:\/\/www.slineamt.ro\/apostolul\/wp-content\/uploads\/2024\/09\/31-ap275-foto2.jpg 290w, http:\/\/www.slineamt.ro\/apostolul\/wp-content\/uploads\/2024\/09\/31-ap275-foto2-219x300.jpg 219w, http:\/\/www.slineamt.ro\/apostolul\/wp-content\/uploads\/2024\/09\/31-ap275-foto2-260x356.jpg 260w, http:\/\/www.slineamt.ro\/apostolul\/wp-content\/uploads\/2024\/09\/31-ap275-foto2-160x219.jpg 160w\" sizes=\"auto, (max-width: 290px) 100vw, 290px\" \/><\/a><\/figure>\n<\/div>\n\n\n<p>Are un pridvor larg, cu o clopotni\u0163\u0103 format\u0103 dintr-o colonad\u0103 \u00een stil br\u00e2ncovenesc. L\u0103ca\u015ful este acoperit \u00een \u00eentregime cu pl\u0103ci de aram\u0103 \u015fi reprezint\u0103 o \u00eembinare \u00eentre stilul rom\u00e2nesc cu influen\u0163e br\u00e2ncovene\u015fti \u015fi stilul neo\u00adbizantin, \u00eent\u00e2lnit la majoritatea bisericilor din Balcani.<\/p>\n\n\n\n<p>Intrarea \u00een biseric\u0103 se face prin intermediul unui pridvor deschis, \u00een dou\u0103 niveluri, marcate de arcade semicirculare, sprijinite pe coloane, ce imit\u0103 forma \u00eempletit\u0103. Volumul principal al edificiului \u2013 naosul \u2013 poart\u0103 deasupra un tambur cu o cupol\u0103 semicircular\u0103 masiv\u0103. P\u0103r\u0163ile laterale ale fa\u0163adelor sunt marcate de dou\u0103 porticuri cu coloane. Absida altarului este semicircular\u0103. \u00cen interior (pot asista la slujbe peste o mie de credincio\u015fi) se disting coloanele ce sprijin\u0103 cupola central\u0103 \u015fi arcurile bol\u0163ilor, toate executate \u00een beton armat. Catapeteasma este lucrat\u0103 \u00een lemn de stejar \u015fi sculptat\u0103 cu ornamente de struguri \u015fi foi de vi\u0163\u0103-de-vie. Pictura \u00een fresc\u0103 a fost efectuat\u0103 \u00een tonuri luminoase, \u00een mai multe etape, respect\u00e2ndu-se stilul clasic bizantin, utilizat \u015fi \u00een cazul bisericilor grece\u015fti de la Sf\u00e2ntul Munte Athos.<\/p>\n\n\n\n<p>&nbsp;Iluminarea Catedralei este electric\u0103, dar, pe l\u00e2ng\u0103 becurile din candelabre, mai sunt \u015fi cele ascunse \u00een corni\u015fe. Crucea de deasupra turlei principale este \u015fi ea iluminat\u0103 electric, fiind observat\u0103 noaptea de la distan\u0163\u0103.<\/p>\n\n\n\n<p>\u00cen fa\u0163a Catedralei a fost ridicat un baptisteriu, asem\u0103n\u0103tor celui de la Curtea de Arge\u015f.<\/p>\n\n\n\n<p>Construc\u0163ia s-a finalizat \u00een anul 1934, iar sfin\u0163irea, cu tot fastul cuvenit de la 14 octombrie 1934, a fost am\u00e2nat\u0103 pentru duminic\u0103, 2 iunie 1935.<\/p>\n\n\n\n<p>Episcopul Visarion i-a invitat la ceremonia sfin\u0163irii pe Regele Carol al II-lea \u00eempreun\u0103 cu Marele Voievod Mihai, pe \u00eenal\u0163i reprezentan\u0163i ai bisericilor ortodoxe surori.<\/p>\n\n\n\n<p>&nbsp;Pentru munca rodnic\u0103 depus\u0103 pe teren bisericesc \u015fi na\u0163ional, Visarion Puiu a fost decorat cu cordonul de \u201eMare Cruce\u201d al Ordinului \u201eCoroanei Rom\u00e2niei\u201d. Au fost decora\u0163i \u015fi delega\u0163ii bisericilor ortodoxe din str\u0103in\u0103tate participan\u0163i la aceast\u0103 s\u0103rb\u0103toare.<\/p>\n\n\n\n<p>Proiectarea \u015fi construc\u0163ia Catedralei Sfin\u0163ii \u00cemp\u0103ra\u0163i Constantin \u015fi Elena din B\u0103l\u0163i a decurs zece ani, schimb\u00e2ndu-se periodic inginerii \u015fi arhitec\u0163ii, dar p\u0103str\u00e2ndu-se aceea\u015fi stilistic\u0103 a arhitecturii bisericii \u015fi baptisteriului.<\/p>\n\n\n\n<p>Pe timpul sovietic, edificiul catedralei a fost folosit ca depozit, iar din 1961 aici \u00ee\u015fi avea sediul Muzeul de Istorie \u015fi Etnografie. Astfel, unele obiecte pre\u0163ioase, de valoare spiritual\u0103 \u015fi istoric\u0103 au fost pierdute. \u00cen anii 1990 cl\u0103direa a fost \u201eretrocedat\u0103\u201d. Pictura interioar\u0103 a fost restaurat\u0103 \u015fi completat\u0103 (2002-2004) sub coordonarea egumenului A. Berega. Catedrala a fost repictat\u0103 \u00een anul 2019, sub \u00eendrumarea episcopului de B\u0103l\u0163i \u015fi F\u0103le\u015fti, Marchel Mih\u0103escu.<\/p>\n\n\n\n<p>La 15 iunie 2013 a fost aprobat\u0103 instalarea bustului lui Visarion Puiu \u00een curtea catedralei. Bustul a fost sculptat de S. Radu la Bucure\u015fti, turnat \u00een bronz la Chi\u015fin\u0103u \u015fi a fost dezvelit la 11 august 2015, \u00een prezen\u0163a autorit\u0103\u0163ilor din B\u0103l\u0163i, a stare\u0163ului m\u0103n\u0103stirii Neam\u0163, a p\u0103rintelui Benedict Sauciuc, pre\u015fedintele Asocia\u0163iei din Rom\u00e2nia \u201eVisarion Puiu\u201d. (<strong>N. R.<\/strong> Preluare dup\u0103 \u2013 <em>Calendar Na\u0163ional 2024<\/em>, Biblioteca Republicii Moldova \u2013 Chi\u015fin\u0103u, 2023)<\/p>\n\n\n\n<p><strong><em>Elena HARCONI\u0162A<\/em><\/strong><\/p>\n","protected":false},"excerpt":{"rendered":"<p>\u25cf 28 septembrie 1924, punerea pietrei de temelie Ast\u0103zi, 28 septembrie, anul M\u00e2ntuirii, 1924\u2026 pusu-s-a temelie \u00een ora\u015ful B\u0103l\u0163i a bisericii catedrale episcopale, cu hramul Sfin\u0163ilor \u00eemp\u0103ra\u0163i \u015fi-n tocmai cu apostolii Constantin \u015fi Elena, fa\u0163\u0103 fiind la acest \u00eensemnat act&hellip;<\/p>\n<p class=\"more-link-p\"><a class=\"more-link\" href=\"http:\/\/www.slineamt.ro\/apostolul\/lectia-de-istorie\/centenar-catedrala-sfintii-imparati-constantin-si-elena-din-balti\/\">Read more &rarr;<\/a><\/p>\n","protected":false},"author":1,"featured_media":0,"comment_status":"open","ping_status":"closed","sticky":false,"template":"","format":"standard","meta":{"footnotes":""},"categories":[6,485],"tags":[],"class_list":["post-26055","post","type-post","status-publish","format-standard","hentry","category-lectia-de-istorie","category-numarul-275"],"_links":{"self":[{"href":"http:\/\/www.slineamt.ro\/apostolul\/wp-json\/wp\/v2\/posts\/26055","targetHints":{"allow":["GET"]}}],"collection":[{"href":"http:\/\/www.slineamt.ro\/apostolul\/wp-json\/wp\/v2\/posts"}],"about":[{"href":"http:\/\/www.slineamt.ro\/apostolul\/wp-json\/wp\/v2\/types\/post"}],"author":[{"embeddable":true,"href":"http:\/\/www.slineamt.ro\/apostolul\/wp-json\/wp\/v2\/users\/1"}],"replies":[{"embeddable":true,"href":"http:\/\/www.slineamt.ro\/apostolul\/wp-json\/wp\/v2\/comments?post=26055"}],"version-history":[{"count":1,"href":"http:\/\/www.slineamt.ro\/apostolul\/wp-json\/wp\/v2\/posts\/26055\/revisions"}],"predecessor-version":[{"id":26058,"href":"http:\/\/www.slineamt.ro\/apostolul\/wp-json\/wp\/v2\/posts\/26055\/revisions\/26058"}],"wp:attachment":[{"href":"http:\/\/www.slineamt.ro\/apostolul\/wp-json\/wp\/v2\/media?parent=26055"}],"wp:term":[{"taxonomy":"category","embeddable":true,"href":"http:\/\/www.slineamt.ro\/apostolul\/wp-json\/wp\/v2\/categories?post=26055"},{"taxonomy":"post_tag","embeddable":true,"href":"http:\/\/www.slineamt.ro\/apostolul\/wp-json\/wp\/v2\/tags?post=26055"}],"curies":[{"name":"wp","href":"https:\/\/api.w.org\/{rel}","templated":true}]}}