{"id":26068,"date":"2024-09-17T07:59:49","date_gmt":"2024-09-17T07:59:49","guid":{"rendered":"http:\/\/www.slineamt.ro\/apostolul\/?p=26068"},"modified":"2024-09-17T08:00:09","modified_gmt":"2024-09-17T08:00:09","slug":"lansare-de-carte-mariana-marin-pedagogie-cu-inima","status":"publish","type":"post","link":"http:\/\/www.slineamt.ro\/apostolul\/cronica-literara\/lansare-de-carte-mariana-marin-pedagogie-cu-inima\/","title":{"rendered":"Lansare de carte: Mariana Marin &#8211; \u201ePedagogie cu inim\u0103\u201d"},"content":{"rendered":"<div class=\"wp-block-image\">\n<figure class=\"alignleft size-full is-resized\"><a href=\"http:\/\/www.slineamt.ro\/apostolul\/wp-content\/uploads\/2024\/09\/27-ap275-foto1.jpg\"><img loading=\"lazy\" decoding=\"async\" width=\"529\" height=\"353\" src=\"http:\/\/www.slineamt.ro\/apostolul\/wp-content\/uploads\/2024\/09\/27-ap275-foto1.jpg\" alt=\"\" class=\"wp-image-26069\" style=\"width:419px;height:auto\" srcset=\"http:\/\/www.slineamt.ro\/apostolul\/wp-content\/uploads\/2024\/09\/27-ap275-foto1.jpg 529w, http:\/\/www.slineamt.ro\/apostolul\/wp-content\/uploads\/2024\/09\/27-ap275-foto1-300x200.jpg 300w, http:\/\/www.slineamt.ro\/apostolul\/wp-content\/uploads\/2024\/09\/27-ap275-foto1-260x173.jpg 260w, http:\/\/www.slineamt.ro\/apostolul\/wp-content\/uploads\/2024\/09\/27-ap275-foto1-160x107.jpg 160w\" sizes=\"auto, (max-width: 529px) 100vw, 529px\" \/><\/a><\/figure>\n<\/div>\n\n\n<p>25 august, Biblioteca Municipal\u0103 \u201eB.P. Hasdeu\u201d, Chi\u015fin\u0103u<\/p>\n\n\n\n<p>Cuv\u00e2ntul autorului:<\/p>\n\n\n\n<p><em>Dincolo de cuvinte, o misiune<\/em><\/p>\n\n\n\n<p>Nu pot s\u0103 spun c\u0103 am ales calea pedagogiei. Ea m-a ales pe mine, \u00eenc\u0103 din primii ani ai vie\u0163ii, c\u00e2nd \u201eeducam\u201d piesele de \u015fah, fiind copil de gr\u0103dini\u0163\u0103. De atunci, voca\u0163ia mea a \u00eenflorit treptat, transform\u00e2ndu-se \u00een pasiune \u015fi, ulterior, \u00een misiune.<\/p>\n\n\n\n<p>\u201ePedagogie cu inim\u0103\u201d este mai mult dec\u00e2t o carte. Este o incursiune sincer\u0103 \u00een universul meu profesional, o poveste \u0163esut\u0103 din experien\u0163e, reflec\u0163ii \u015fi emo\u0163ii tr\u0103ite la catedr\u0103. Fiecare pagin\u0103 respir\u0103 pasiunea pentru educa\u0163ie \u015fi respectul profund pentru elevi, studen\u0163i \u015fi profesori, cei care ne pun \u00een fa\u0163a provoc\u0103rii de a deveni mereu versiuni mai bune ale noastre.<\/p>\n\n\n\n<p><strong><em>Un omagiu adus profesorilor care m-au modelat<\/em><\/strong><\/p>\n\n\n\n<p>Pe parcursul lecturii, ve\u0163i face cuno\u015ftin\u0163\u0103 cu diver\u015fi profesori excep\u0163ionali care au marcat profund destinul meu. Ei au fost mentorii mei, modelele de urmat, sursele de inspira\u0163ie care m-au determinat s\u0103 aspir spre culmile pedagogiei. Le mul\u0163umesc din suflet pentru tot ce mi-au oferit \u015fi pentru c\u0103 au crezut \u00een mine.<\/p>\n\n\n\n<p><strong><em>O carte dedicat\u0103 elevilor mei, sursa mea de inspira\u0163ie<\/em><\/strong><\/p>\n\n\n\n<p>Elevii mei sunt pilonii centrali ai acestei c\u0103r\u0163i. Fiecare dintre ei a adus o contribu\u0163ie unic\u0103 la formarea mea ca profesor, oblig\u00e2ndu-m\u0103 s\u0103 m\u0103 adaptez, s\u0103 inovez, s\u0103 caut mereu noi modalit\u0103\u0163i de a le face \u00eenv\u0103\u0163area captivant\u0103 \u015fi relevant\u0103. Le mul\u0163umesc pentru \u00eencrederea, curiozitatea \u015fi entuziasmul lor, care \u00eemi lumineaz\u0103 via\u0163a zi cu zi.<\/p>\n\n\n\n<p><strong><em>O lectur\u0103 pentru to\u0163i cei care iubesc educa\u0163ia<\/em><\/strong><\/p>\n\n\n\n<p>\u201ePedagogie cu inim\u0103\u201d nu se adreseaz\u0103 exclusiv profesorilor. Este o carte destinat\u0103 tuturor celor care pre\u0163uiesc educa\u0163ia \u015fi care doresc s\u0103 \u00een\u0163eleag\u0103 mai bine tainele procesului de \u00eenv\u0103\u0163are. Este o invita\u0163ie la o c\u0103l\u0103torie fascinant\u0103 prin lumea minunat\u0103 a \u015fcolii, unde elevi \u015fi profesori se \u00eent\u00e2lnesc pentru a construi \u00eempreun\u0103 un viitor mai bun.<\/p>\n\n\n\n<p>V\u0103 invit s\u0103 descoperi\u0163i \u00eempreun\u0103 cu mine magia pedagogiei, o lume a miracolelor ce se petrec zi de zi \u00een s\u0103lile de clas\u0103. (<strong>N. R.<\/strong> \u2013 <em>Cuv\u00e2nt-\u00cenainte<\/em> din cartea <em>Pedagogie cu Inim\u0103<\/em>)<\/p>\n\n\n\n<p><strong><em>Mariana MARIN<\/em><\/strong><\/p>\n\n\n\n<p><strong>Cuv\u00e2ntul cititorului:<\/strong><\/p>\n\n\n\n<p><em>O confesiune sincer\u0103 a autoarei<\/em><\/p>\n\n\n\n<p>Fiecare carte este ca un copil. O dat\u0103 ce l-ai trimis \u00een lume nu-\u0163i mai apar\u0163ine. Dar, acest copil trebuie s\u0103 fi fost bine construit, \u00eenc\u00e2t s\u0103 poat\u0103 merge pe picioarele lui. Trebuie s\u0103 te izb\u0103ve\u015fti de copii \u2013 \u00eemi spunea Constantin Noica \u2013 \u015fi s\u0103 te bucuri atunci c\u00e2nd pleac\u0103 de l\u00e2ng\u0103 tine, ceea ce indic\u0103 faptul c\u0103 i-ai crescut bine. La fel \u015fi c\u0103r\u0163ile; trebuie s\u0103 mearg\u0103 pe picioarele lor, a\u015fa cum este aceast\u0103 carte. Cartea este o apari\u0163ie inedit\u0103 \u00een peisajul \u015ftiin\u0163elor educa\u0163iei.<\/p>\n\n\n\n<p>A\u015f asem\u0103na cartea Marianei cu cea a lui Nicolae Iorga \u2013 O via\u0163\u0103 de om a\u015fa cum a fost \u2013 sau cu Amintiri din copil\u0103rie \u2013 expresie a realismului rom\u00e2nesc \u00een literatur\u0103.<\/p>\n\n\n\n<p>Cartea de fa\u0163\u0103 este o confesiune sincer\u0103 a autoarei, a situ\u0103rii ei \u00een aceast\u0103 lume cu lumea, a unui pedagog n\u0103scut, nu f\u0103cut; de aici se na\u015fte pedagogia cu inima. Concomitent este \u015fi un act de curaj, de dezv\u0103luire \u00een fa\u0163a lumii a acelor mecanisme ce marcheaz\u0103 drumul anevoios al des\u0103v\u00e2r\u015firii. \u00cen c\u0103utare de mae\u015ftri, a \u00eent\u00e2lnit mae\u015ftri care i-au marcat via\u0163a \u015fi de la care a preluat ceea ce a sim\u0163it c\u0103 are nevoie.<\/p>\n\n\n\n<p>Mesajul c\u0103r\u0163ii este acela c\u0103 educa\u0163ia nu poate fi dec\u00e2t integral\u0103, iar ceea ce facem trebuie s\u0103 aib\u0103 \u00een vedere autocunoa\u015fterea, care nu se termin\u0103 c\u00e2ndva, pentru a putea s\u0103 ne g\u0103sim rostul \u015fi a ne rosti pe noi \u00een\u015fine \u2013 semn al maturit\u0103\u0163ii \u015fi echilibrului. \u201eCunoa\u015fte-te pe tine \u00eensu\u0163i\u201d, sau \u201eDevino ceea ce e\u015fti\u201d (Pindar).<\/p>\n\n\n\n<p><strong><em>Prof. Vasile FLUERA\u015e, doctor \u00een \u015ftiin\u0163e ale educa\u0163iei<\/em><\/strong><\/p>\n","protected":false},"excerpt":{"rendered":"<p>25 august, Biblioteca Municipal\u0103 \u201eB.P. Hasdeu\u201d, Chi\u015fin\u0103u Cuv\u00e2ntul autorului: Dincolo de cuvinte, o misiune Nu pot s\u0103 spun c\u0103 am ales calea pedagogiei. Ea m-a ales pe mine, \u00eenc\u0103 din primii ani ai vie\u0163ii, c\u00e2nd \u201eeducam\u201d piesele de \u015fah, fiind&hellip;<\/p>\n<p class=\"more-link-p\"><a class=\"more-link\" href=\"http:\/\/www.slineamt.ro\/apostolul\/cronica-literara\/lansare-de-carte-mariana-marin-pedagogie-cu-inima\/\">Read more &rarr;<\/a><\/p>\n","protected":false},"author":1,"featured_media":0,"comment_status":"open","ping_status":"closed","sticky":false,"template":"","format":"standard","meta":{"footnotes":""},"categories":[16,485],"tags":[],"class_list":["post-26068","post","type-post","status-publish","format-standard","hentry","category-cronica-literara","category-numarul-275"],"_links":{"self":[{"href":"http:\/\/www.slineamt.ro\/apostolul\/wp-json\/wp\/v2\/posts\/26068","targetHints":{"allow":["GET"]}}],"collection":[{"href":"http:\/\/www.slineamt.ro\/apostolul\/wp-json\/wp\/v2\/posts"}],"about":[{"href":"http:\/\/www.slineamt.ro\/apostolul\/wp-json\/wp\/v2\/types\/post"}],"author":[{"embeddable":true,"href":"http:\/\/www.slineamt.ro\/apostolul\/wp-json\/wp\/v2\/users\/1"}],"replies":[{"embeddable":true,"href":"http:\/\/www.slineamt.ro\/apostolul\/wp-json\/wp\/v2\/comments?post=26068"}],"version-history":[{"count":1,"href":"http:\/\/www.slineamt.ro\/apostolul\/wp-json\/wp\/v2\/posts\/26068\/revisions"}],"predecessor-version":[{"id":26070,"href":"http:\/\/www.slineamt.ro\/apostolul\/wp-json\/wp\/v2\/posts\/26068\/revisions\/26070"}],"wp:attachment":[{"href":"http:\/\/www.slineamt.ro\/apostolul\/wp-json\/wp\/v2\/media?parent=26068"}],"wp:term":[{"taxonomy":"category","embeddable":true,"href":"http:\/\/www.slineamt.ro\/apostolul\/wp-json\/wp\/v2\/categories?post=26068"},{"taxonomy":"post_tag","embeddable":true,"href":"http:\/\/www.slineamt.ro\/apostolul\/wp-json\/wp\/v2\/tags?post=26068"}],"curies":[{"name":"wp","href":"https:\/\/api.w.org\/{rel}","templated":true}]}}