{"id":26071,"date":"2024-09-17T08:05:02","date_gmt":"2024-09-17T08:05:02","guid":{"rendered":"http:\/\/www.slineamt.ro\/apostolul\/?p=26071"},"modified":"2024-09-17T08:05:02","modified_gmt":"2024-09-17T08:05:02","slug":"ion-hadarca-75-de-ani-de-la-nasterea-scriitorului","status":"publish","type":"post","link":"http:\/\/www.slineamt.ro\/apostolul\/cronica-literara\/ion-hadarca-75-de-ani-de-la-nasterea-scriitorului\/","title":{"rendered":"ION HAD\u00c2RC\u0102 &#8211; 75 de ani de la na\u015fterea scriitorului\u00a0"},"content":{"rendered":"<div class=\"wp-block-image\">\n<figure class=\"alignleft size-full\"><a href=\"http:\/\/www.slineamt.ro\/apostolul\/wp-content\/uploads\/2024\/09\/26-ap275-foto1.jpg\"><img loading=\"lazy\" decoding=\"async\" width=\"226\" height=\"312\" src=\"http:\/\/www.slineamt.ro\/apostolul\/wp-content\/uploads\/2024\/09\/26-ap275-foto1.jpg\" alt=\"\" class=\"wp-image-26072\" srcset=\"http:\/\/www.slineamt.ro\/apostolul\/wp-content\/uploads\/2024\/09\/26-ap275-foto1.jpg 226w, http:\/\/www.slineamt.ro\/apostolul\/wp-content\/uploads\/2024\/09\/26-ap275-foto1-217x300.jpg 217w, http:\/\/www.slineamt.ro\/apostolul\/wp-content\/uploads\/2024\/09\/26-ap275-foto1-160x221.jpg 160w\" sizes=\"auto, (max-width: 226px) 100vw, 226px\" \/><\/a><\/figure>\n<\/div>\n\n\n<p><em>Ion Had\u00e2rc\u0103, venit \u00een literatur\u0103 cu genera\u0163ia Lari \u2013 Dabija, care a schimbat fundamental accentele metaforice, o genera\u0163ie care a \u015ftiut s\u0103 utilizeze toate registrele poetice de la lirica pur\u0103 \u015fi ginga\u015f\u0103 p\u00e2n\u0103 la poezia patriotic\u0103, de baricad\u0103, el a r\u0103mas singular, unic, inconfundabil, a\u015fa cum au r\u0103mas majoritatea dintre colegii lui\u2026 Ion Had\u00e2rc\u0103 este \u015fi va fi om al cet\u0103\u0163ii \u015fi un neobosit cavaler al Demnit\u0103\u0163ii.<\/em><\/p>\n\n\n\n<p>&nbsp;<strong><em>Iurie COLESNIC<\/em><\/strong><\/p>\n\n\n\n<p>Ion Had\u00e2rc\u0103, poet, eseist, traduc\u0103tor, publicist, politician, s-a n\u0103scut la 17 august 1949, \u00een familia lui Dumitru \u015fi a Ninei Had\u00e2rc\u0103 din comuna S\u00e2ngereii Vechi (azi ora\u015ful S\u00e2ngerei). Dup\u0103 absolvirea \u015ecolii medii din S\u00e2ngerei, activeaz\u0103 \u00een perioada 1966-1968 la ziarul raional \u015fi \u00een 1970 sus\u0163ine admiterea la Facultatea de Filologie a Institutului Pedagogic \u201eIon Creang\u0103\u201d (azi Universitatea Pedagogic\u0103 de Stat \u201eIon Creang\u0103\u201d), pe care o va absolvi \u00een 1974. \u00ce\u015fi continu\u0103 studiile de doctorat, fiind \u015fi colaborator, la Institutul de Limb\u0103 \u015fi Literatur\u0103 al Academiei de \u015etiin\u0163e a Republicii Moldova (1974-1978). Pe parcursul anilor a exercitat diverse func\u0163ii: redactor, \u015fef de redac\u0163ie la Editura \u201eLiteratura Artistic\u0103\u201d (1978-1981), pre\u015fedinte al Cenaclului literar \u201eLuceaf\u0103rul\u201d de pe l\u00e2ng\u0103 ziarul \u201eTinerimea Moldovei\u201d (1983-1985), consultant literar (1985-1987) \u015fi secretar (1987-1989) al Comitetului de conducere al Uniunii Scriitorilor din Moldova.<\/p>\n\n\n\n<p>Se \u00eencadreaz\u0103 \u00een mi\u015fcarea de eliberare na\u0163ional\u0103 (1986-1996). A fost primul pre\u015fedinte al Frontului Popular din Moldova (1989-1992) \u015fi pre\u015fedintele primei Mari Adun\u0103ri Na\u0163ionale din 27 august 1989. A fost ales deputat \u00een Congresul deputa\u0163ilor din fosta URSS (1989-1991), deputat \u00een Parlamentul Republicii Moldova (1990), prim-vicepre\u015fedinte al Parlamentului Republicii Moldova (1990-1993). \u00cen perioada activit\u0103\u0163ii parlamentare a contribuit la proclamarea suveranit\u0103\u0163ii \u015fi independen\u0163ei Republicii Moldova.<\/p>\n\n\n\n<p>Din 2016 p\u00e2n\u0103 \u00een 2020 a fost senator \u00een Parlamentul Rom\u00e2niei. Este un scriitor reprezentativ al genera\u0163iei optzeci\u015ftilor \u00een literatura basarabean\u0103. \u00cencepe s\u0103 scrie \u00een anii de \u015fcoal\u0103. Prima plachet\u0103 de versuri, <em>Zilele<\/em>, prefa\u0163at\u0103 de criticul literar Mihai Cimpoi, apare \u00een 1977. Semneaz\u0103 mai multe volume de poezie, poeme \u015fi sonete: <em>Lut ars<\/em> (1984), <em>Darul vorbirii<\/em> (1985), <em>Ambasadorul Atlantidei<\/em> (1996), <em>Helenice<\/em> (1998), <em>Albe cet\u0103\u0163ile negre<\/em> (1999), <em>Teoria st\u0103rii inutile<\/em> (1999), <em>Globul de m\u0103tase<\/em> (2001), <em>Dezinfec\u0163ia de la frontier\u0103<\/em> (2001), <em>Echipa de \u00eengeri<\/em> (2003), <em>Arta obsesiei<\/em> (2005), <em>Era barbar\u0103<\/em> (2005), <em>Artera Zen<\/em> (2006), <em>Gheara de fum<\/em> (2007), <em>Pianul din abator<\/em> (2008), <em>101 poeme<\/em> (2009), <em>Noimele dup\u0103 Ioan<\/em> (2012), <em>Sonetariu<\/em> (2012), <em>Antene Parabolice<\/em> (2013), <em>Lira din acvariu<\/em> (2014), <em>Imposibila oprire<\/em> (2014), <em>Perfectul<\/em> <em>(des)compus<\/em> (2017) \u015f. a. Ca publicist, scoate de sub tipar <em>Opera Omnia: Publicistic\u0103 \u015fi eseu contemporan<\/em> (2014), <em>Grigore Vieru \u2013 verbul de lumin\u0103<\/em> (2022). \u00cen 2023, la Editura \u201ePrut\u201d apare cartea <em>Ruinele \u015fi r\u0103nile r\u0103zboiului: Cronica primelor 101 zile de agresiune<\/em>, \u201eo carte document care poate fi studiat\u0103 \u015fi \u00een \u015fcoal\u0103\u201d (Marco Shevcenco, ambasadorul Ucrainei \u00een Republica Moldova). Scrie \u015fi c\u0103r\u0163i pentru copii: <em>Baciul mieilor chirilici<\/em> (1981), <em>Noi\u0163ele<\/em> (1985), <em>Duminica Mare<\/em> (1999), <em>Povestea Cerbului Divin<\/em> (2000), <em>Bunicu\u0163a zbur\u0103toare<\/em> (2002), <em>De ce-i mare soarele<\/em> (2002), <em>Aproape trei iezi<\/em> (2003), <em>Gr\u0103uncioare de lumin\u0103<\/em> (2009), <em>Ionu\u0163 cel Nou-Nou\u0163<\/em> (2009). Este coautor al <em>Abecedarului pentru clasa I<\/em> (2001-2005). A tradus din opera lui Cervantes, Nezami, Ch. Baudelaire, M. Aguirre, J. Marti, R Alberti, E. Mayor, a scriitorului, filosofului, activistului politic ucrainean, Ivan Draci, precum \u015fi a scriitorilor ru\u015fi A. Pu\u015fkin, M. Lermontov, S. Esenin, V. Hlebnikov, A. Ahmatova, S. Mar\u015fak, E. Evtu\u015fenko \u015f. a.<\/p>\n\n\n\n<p>Versurile poetului au fost traduse \u00een englez\u0103, francez\u0103, italian\u0103, ucrainean\u0103, maghiar\u0103, bulgar\u0103, rus\u0103, azer\u0103. A publicat peste 50 de c\u0103r\u0163i de poezie, eseistic\u0103, publicistic\u0103, traduceri.<\/p>\n\n\n\n<p>Este membru al Uniunii Scriitorilor din Republica Moldova (1978). \u00cen 2012 a fost ales membru de onoare al Academiei de \u015etiin\u0163e a Moldovei. Pentru activitatea sa prodigioas\u0103, poetul a fost distins cu numeroase premii \u015fi distinc\u0163ii \u00een R. Moldova precum \u015fi \u00een Rom\u00e2nia:<\/p>\n\n\n\n<p>Premiul \u201eMihai Eminescu\u201d al Academiei Rom\u00e2ne (2007, 2010), Marele Premiu pentru Poezie \u201eNichita St\u0103nescu\u201d (2015, \u00een cadrul edi\u0163iei a XXVII-a a Festivalului Interna\u0163ional de Poezie \u201eNichita St\u0103nescu\u201d), Premiul \u201eLucian Blaga\u201d pentru eseu al revistei \u201eVia\u0163a Basarabiei\u201d (2017). A fost decorat cu Ordinul Republicii (1996), Medalia Guvernului Republicii Moldova \u201eMihai Eminescu\u201d (2009). \u00cen 2014 i-a fost conferit\u0103 Crucea de Cavaler al Ordinului Lituanian \u201eMarele Duce Gediminas\u201d pentru merite \u00een recunoa\u015fterea restabilirii independen\u0163ei Lituaniei. (<strong><em>Red.<\/em><\/strong>)<\/p>\n","protected":false},"excerpt":{"rendered":"<p>Ion Had\u00e2rc\u0103, venit \u00een literatur\u0103 cu genera\u0163ia Lari \u2013 Dabija, care a schimbat fundamental accentele metaforice, o genera\u0163ie care a \u015ftiut s\u0103 utilizeze toate registrele poetice de la lirica pur\u0103 \u015fi ginga\u015f\u0103 p\u00e2n\u0103 la poezia patriotic\u0103, de baricad\u0103, el a&hellip;<\/p>\n<p class=\"more-link-p\"><a class=\"more-link\" href=\"http:\/\/www.slineamt.ro\/apostolul\/cronica-literara\/ion-hadarca-75-de-ani-de-la-nasterea-scriitorului\/\">Read more &rarr;<\/a><\/p>\n","protected":false},"author":1,"featured_media":0,"comment_status":"open","ping_status":"closed","sticky":false,"template":"","format":"standard","meta":{"footnotes":""},"categories":[16,485],"tags":[],"class_list":["post-26071","post","type-post","status-publish","format-standard","hentry","category-cronica-literara","category-numarul-275"],"_links":{"self":[{"href":"http:\/\/www.slineamt.ro\/apostolul\/wp-json\/wp\/v2\/posts\/26071","targetHints":{"allow":["GET"]}}],"collection":[{"href":"http:\/\/www.slineamt.ro\/apostolul\/wp-json\/wp\/v2\/posts"}],"about":[{"href":"http:\/\/www.slineamt.ro\/apostolul\/wp-json\/wp\/v2\/types\/post"}],"author":[{"embeddable":true,"href":"http:\/\/www.slineamt.ro\/apostolul\/wp-json\/wp\/v2\/users\/1"}],"replies":[{"embeddable":true,"href":"http:\/\/www.slineamt.ro\/apostolul\/wp-json\/wp\/v2\/comments?post=26071"}],"version-history":[{"count":1,"href":"http:\/\/www.slineamt.ro\/apostolul\/wp-json\/wp\/v2\/posts\/26071\/revisions"}],"predecessor-version":[{"id":26073,"href":"http:\/\/www.slineamt.ro\/apostolul\/wp-json\/wp\/v2\/posts\/26071\/revisions\/26073"}],"wp:attachment":[{"href":"http:\/\/www.slineamt.ro\/apostolul\/wp-json\/wp\/v2\/media?parent=26071"}],"wp:term":[{"taxonomy":"category","embeddable":true,"href":"http:\/\/www.slineamt.ro\/apostolul\/wp-json\/wp\/v2\/categories?post=26071"},{"taxonomy":"post_tag","embeddable":true,"href":"http:\/\/www.slineamt.ro\/apostolul\/wp-json\/wp\/v2\/tags?post=26071"}],"curies":[{"name":"wp","href":"https:\/\/api.w.org\/{rel}","templated":true}]}}