{"id":26074,"date":"2024-09-17T08:07:47","date_gmt":"2024-09-17T08:07:47","guid":{"rendered":"http:\/\/www.slineamt.ro\/apostolul\/?p=26074"},"modified":"2024-09-17T08:07:47","modified_gmt":"2024-09-17T08:07:47","slug":"lansare-de-carte-narcis-dorin-ion-familii-si-conace-boieresti-din-moldova","status":"publish","type":"post","link":"http:\/\/www.slineamt.ro\/apostolul\/cronica-literara\/lansare-de-carte-narcis-dorin-ion-familii-si-conace-boieresti-din-moldova\/","title":{"rendered":"Lansare de carte: Narcis Dorin Ion &#8211; \u201eFamilii \u015fi conace boiere\u015fti din Moldova\u201d"},"content":{"rendered":"<div class=\"wp-block-image\">\n<figure class=\"alignleft size-full is-resized\"><a href=\"http:\/\/www.slineamt.ro\/apostolul\/wp-content\/uploads\/2024\/09\/25-ap275-foto1.jpg\"><img loading=\"lazy\" decoding=\"async\" width=\"369\" height=\"257\" src=\"http:\/\/www.slineamt.ro\/apostolul\/wp-content\/uploads\/2024\/09\/25-ap275-foto1.jpg\" alt=\"\" class=\"wp-image-26075\" style=\"width:393px;height:auto\" srcset=\"http:\/\/www.slineamt.ro\/apostolul\/wp-content\/uploads\/2024\/09\/25-ap275-foto1.jpg 369w, http:\/\/www.slineamt.ro\/apostolul\/wp-content\/uploads\/2024\/09\/25-ap275-foto1-300x209.jpg 300w, http:\/\/www.slineamt.ro\/apostolul\/wp-content\/uploads\/2024\/09\/25-ap275-foto1-260x181.jpg 260w, http:\/\/www.slineamt.ro\/apostolul\/wp-content\/uploads\/2024\/09\/25-ap275-foto1-160x111.jpg 160w\" sizes=\"auto, (max-width: 369px) 100vw, 369px\" \/><\/a><\/figure>\n<\/div>\n\n\n<p>Prilej de bucurie pentru iubitorii de istorie. Volumul \u201eFamilii \u015fi conace boiere\u015fti din Moldova\u201d, al cercet\u0103torului Narcis Dorin Ion, ap\u0103rut \u00een acest an la Editura Vremea, a fost lansat s\u00e2mb\u0103t\u0103, 7 septembrie 2024, la Muzeul de Art\u0103 din Piatra-Neam\u0163, \u00een prezen\u0163a autorului, de academician Georgeta Filitti, istoric de prestigiu, \u015fi Silvia Colfescu, director al Editurii Vremea.<\/p>\n\n\n\n<p>Lucrarea, de o cert\u0103 valoare documentar\u0103, cuprinde, \u00een cele 192 de pagini, un bogat \u015fi variat ansamblu de informa\u0163ii despre conacul Cantacuzino-Ghica, din Deleni (Ia\u015fi), construit \u00een anul 1730 de hatmanul Iordache Cantacuzino-Deleanu, conacul Rosetti, din C\u0103iu\u0163i (Bac\u0103u), locul unde s-a preg\u0103tit urcarea pe tron a lui Alexandru Ioan Cuza, \u015fi conacul Bal\u015f-Ghica, din Trife\u015fti (Neam\u0163).<\/p>\n\n\n\n<p>\u201eAcest volum a ap\u0103rut \u00eentr-o colec\u0163ie special\u0103 a Editurii Vremea, <em>Aristoc\u0103r\u0163i<\/em>, \u015fi v\u0103 mul\u0163umim pentru c\u0103 a\u0163i inclus ora\u015ful Piatra-Neam\u0163 \u00een acest turneu de lansare. Vorbim ast\u0103zi despre podoabe ale trecutului cu oaspe\u0163i de seam\u0103\u201d, a eviden\u0163iat <strong>dr. Mihaela-Cristina Verzea<\/strong>, directorul adjunct \u015ftiin\u0163ific al Complexului Muzeal Na\u0163ional Neam\u0163. \u201eDin p\u0103cate, re\u015fedin\u0163a de la Trife\u015fti nu mai exist\u0103. Ea a fost d\u0103r\u00e2mat\u0103 \u00een anul 1968 chiar cu aprobarea Comisiei Monumentelor Istorice, din cauza st\u0103rii avansate de degradare. Dup\u0103 cum \u015fti\u0163i, conacele boierilor, \u00eencep\u00e2nd cu anul 1948, s-au transformat \u00een sedii de c\u0103mine culturale, sanatorii, \u015fcoli, Cooperative Agricole de Produc\u0163ie, iar patrimoniul lor a fost \u00een mare parte pierdut. Unele dintre ele sunt ast\u0103zi o ruin\u0103. Avem un exemplu fericit la Costi\u015fa, Conacul Cantacuzino-Pa\u015fcanu. Aici, datorit\u0103 unei firme belgiene, restaurarea s-a f\u0103cut cu sim\u0163 de r\u0103spundere, p\u0103str\u00e2ndu-i-se arhitectura \u015fi decora\u0163iunile. \u00cen alte cazuri, Conacul Caradja de la Grum\u0103ze\u015fti, Cona\u00adcul Krupenschi de la Podoleni, situa\u0163ia este foarte trist\u0103\u201d, a accentuat Mihaela-Cristina Verzea.<\/p>\n\n\n\n<p>Referindu-se la importan\u0163a acestei lucr\u0103ri, <strong>academician Georgeta Filitti<\/strong> a spus c\u0103 Narcis Dorin Ion a ridicat o problem\u0103 esen\u0163ial\u0103 \u00een aten\u0163ia istoriografiei noastre: cea a \u00eenfiin\u0163\u0103rii Muzeului boierului rom\u00e2n. \u201eAr fi o \u00eemplinire, o completare salutar\u0103 a cercet\u0103rii na\u0163ionale istorice raportat\u0103 la realiz\u0103ri similare din \u00eentreaga lume. Istoria merge \u00eenainte, suntem gr\u0103bi\u0163i, dar acest profil esen\u0163ial care ne-a caracterizat toat\u0103 via\u0163a, \u015fi anume proprietatea, s-a distrus. Ce s-a pierdut prin distrugerea propriet\u0103\u0163ii particulare \u00een ultima jum\u0103tate de secol nu se va mai \u00eentoarce niciodat\u0103. Narcis Dorin Ion face parte din categoria istoricilor d\u0103rui\u0163i, obseda\u0163i, a\u015f spune, care lucreaz\u0103 ne\u00eencetat, iar rezultatul cercet\u0103rilor sale este spectaculos. Ar trebui s\u0103 intre \u00een Academia Rom\u00e2n\u0103, \u00eens\u0103, se pare, este prea t\u00e2n\u0103r\u201d.<\/p>\n\n\n\n<p>Asupra felului \u00een care va fi continuat acest demers editorial, trebuie spus c\u0103 volumul \u201eFamilii \u015fi conace boiere\u015fti din Moldova\u201d va fi urmat \u015fi de alte studii privind trecutul familiilor \u015fi re\u015fedin\u0163elor boiere\u015fti. Editura Vremea a fost \u00eenfiin\u0163at\u0103 \u00een anul 1990, num\u0103r\u00e2ndu-se printre primele edituri private din Rom\u00e2nia. \u201eSper din toat\u0103 inima c\u0103 vom continua aceast\u0103 colaborare care, de altfel, este sub auspicii perfecte. Deja preg\u0103tim volumul al doilea din serie care este dedicat Palatului Elisabeta din Bucure\u015fti\u201d, a spus <strong>Silvia Colfescu, co-fondator al Editurii Vremea<\/strong> \u015fi, totodat\u0103, editorul c\u0103r\u0163ii.<\/p>\n\n\n<div class=\"wp-block-image\">\n<figure class=\"alignright size-full is-resized\"><a href=\"http:\/\/www.slineamt.ro\/apostolul\/wp-content\/uploads\/2024\/09\/25-ap275-foto2.jpg\"><img loading=\"lazy\" decoding=\"async\" width=\"491\" height=\"349\" src=\"http:\/\/www.slineamt.ro\/apostolul\/wp-content\/uploads\/2024\/09\/25-ap275-foto2.jpg\" alt=\"\" class=\"wp-image-26076\" style=\"width:383px;height:auto\" srcset=\"http:\/\/www.slineamt.ro\/apostolul\/wp-content\/uploads\/2024\/09\/25-ap275-foto2.jpg 491w, http:\/\/www.slineamt.ro\/apostolul\/wp-content\/uploads\/2024\/09\/25-ap275-foto2-300x213.jpg 300w, http:\/\/www.slineamt.ro\/apostolul\/wp-content\/uploads\/2024\/09\/25-ap275-foto2-260x185.jpg 260w, http:\/\/www.slineamt.ro\/apostolul\/wp-content\/uploads\/2024\/09\/25-ap275-foto2-160x114.jpg 160w\" sizes=\"auto, (max-width: 491px) 100vw, 491px\" \/><\/a><\/figure>\n<\/div>\n\n\n<p>Dr. Narcis Dorin Ion (n\u0103scut la 5 iunie 1974, Pite\u015fti) este din 2016 managerul Muzeului Na\u0163ional Pele\u015f din Sinaia. Istoric, muzeograf \u015fi cercet\u0103tor, cu preocup\u0103ri privind istoria modern\u0103, contemporan\u0103 \u015fi recent\u0103 a Rom\u00e2niei, a absolvit, ca \u015fef de promo\u0163ie, Facultatea de Istorie a Universit\u0103\u0163ii din Bucure\u015fti (1992-1997). Este doctor \u00een istorie (2006) cu teza \u201eElitele \u015fi arhitectura reziden\u0163ial\u0103 \u00een \u0162\u0103rile Rom\u00e2ne (sec. XIX-XX)\u201d, publicat\u0103 \u00een 2011 \u015fi distins\u0103 cu Premiul \u201eGeorge Oprescu\u201d al Academiei Rom\u00e2ne (2013). A scris 28 de c\u0103r\u0163i \u015fi peste 150 de studii \u015fi articole de specialitate. \u201eCartea <em>Familii \u015fi conace boiere\u015fti din Moldova<\/em> completeaz\u0103 anterioarele mele cercet\u0103ri de sintez\u0103 \u00eenchinate castelelor, palatelor \u015fi conacelor din Rom\u00e2nia. Sunt 30 de ani de c\u00e2nd student fiind mergeam pe la urma\u015fii familiilor boiere\u015fti \u015fi atunci i-am cunoscut pe Elisaveta Varlam, fata generalului Radu Rosetti, pe Radu Beldiman, nepotul lui Radu Rosetti, pe Alexandra Sculy-Logotheti, nepoata lui Constantin Ghica-Deleni, pe Irina Ri\u015fcu\u0163ia, str\u0103nepoata aceluia\u015fi Constantin Ghica-Deleni, ca s\u0103 dau doar c\u00e2teva exemple. Boierimea moldovean\u0103 a fost net superioar\u0103 ca rafinament, ca preg\u0103tire, ca influen\u0163\u0103 occidental\u0103 celei din Muntenia. E trist s\u0103 vezi c\u0103, dup\u0103 anul 1990, aceste conace s-au distrus, degradat \u00eentr-un procent mai mare dec\u00e2t \u00een perioada comunist\u0103. Evident, \u00een 1948 au fost jefuite de bog\u0103\u0163ii, famiile au fost expulzate. Aceste conace au ad\u0103postit pre\u0163ioase colec\u0163ii de art\u0103, tablouri, antichit\u0103\u0163i, numismatic\u0103, argint\u0103rie, mobilier, c\u0103r\u0163i, tapiserii, obiecte de cult, documente \u015fi albume de familie, acte de mo\u015fie, din care o parte infim\u0103 a putut fi salvat\u0103. Lucrarea se vrea a fi \u015fi un original ghid turistic al Rom\u00e2niei. Dorim s\u0103 demonstr\u0103m c\u0103 \u0163ara noastr\u0103 \u00eenc\u0103 are un mare poten\u0163ial turistic prin valorificarea acestui patrimoniu\u201d, a afirmat Narcis Dorin Ion.<\/p>\n\n\n\n<p>Cartea a mai fost lansat\u0103 la Muzeul Municipal \u201eRegina Maria\u201d din Ia\u015fi, cu o zi \u00eenainte de Piatra-Neam\u0163. Turneul de lansare se va \u00eencheia joi, 12 septembrie, la Libr\u0103ria Humanitas Kretzulescu din Bucure\u015fti.<\/p>\n\n\n\n<p><strong><em>Violeta MO\u015eU<\/em><\/strong><\/p>\n","protected":false},"excerpt":{"rendered":"<p>Prilej de bucurie pentru iubitorii de istorie. Volumul \u201eFamilii \u015fi conace boiere\u015fti din Moldova\u201d, al cercet\u0103torului Narcis Dorin Ion, ap\u0103rut \u00een acest an la Editura Vremea, a fost lansat s\u00e2mb\u0103t\u0103, 7 septembrie 2024, la Muzeul de Art\u0103 din Piatra-Neam\u0163, \u00een&hellip;<\/p>\n<p class=\"more-link-p\"><a class=\"more-link\" href=\"http:\/\/www.slineamt.ro\/apostolul\/cronica-literara\/lansare-de-carte-narcis-dorin-ion-familii-si-conace-boieresti-din-moldova\/\">Read more &rarr;<\/a><\/p>\n","protected":false},"author":1,"featured_media":0,"comment_status":"open","ping_status":"closed","sticky":false,"template":"","format":"standard","meta":{"footnotes":""},"categories":[16,485],"tags":[],"class_list":["post-26074","post","type-post","status-publish","format-standard","hentry","category-cronica-literara","category-numarul-275"],"_links":{"self":[{"href":"http:\/\/www.slineamt.ro\/apostolul\/wp-json\/wp\/v2\/posts\/26074","targetHints":{"allow":["GET"]}}],"collection":[{"href":"http:\/\/www.slineamt.ro\/apostolul\/wp-json\/wp\/v2\/posts"}],"about":[{"href":"http:\/\/www.slineamt.ro\/apostolul\/wp-json\/wp\/v2\/types\/post"}],"author":[{"embeddable":true,"href":"http:\/\/www.slineamt.ro\/apostolul\/wp-json\/wp\/v2\/users\/1"}],"replies":[{"embeddable":true,"href":"http:\/\/www.slineamt.ro\/apostolul\/wp-json\/wp\/v2\/comments?post=26074"}],"version-history":[{"count":1,"href":"http:\/\/www.slineamt.ro\/apostolul\/wp-json\/wp\/v2\/posts\/26074\/revisions"}],"predecessor-version":[{"id":26077,"href":"http:\/\/www.slineamt.ro\/apostolul\/wp-json\/wp\/v2\/posts\/26074\/revisions\/26077"}],"wp:attachment":[{"href":"http:\/\/www.slineamt.ro\/apostolul\/wp-json\/wp\/v2\/media?parent=26074"}],"wp:term":[{"taxonomy":"category","embeddable":true,"href":"http:\/\/www.slineamt.ro\/apostolul\/wp-json\/wp\/v2\/categories?post=26074"},{"taxonomy":"post_tag","embeddable":true,"href":"http:\/\/www.slineamt.ro\/apostolul\/wp-json\/wp\/v2\/tags?post=26074"}],"curies":[{"name":"wp","href":"https:\/\/api.w.org\/{rel}","templated":true}]}}