{"id":26078,"date":"2024-09-17T08:14:20","date_gmt":"2024-09-17T08:14:20","guid":{"rendered":"http:\/\/www.slineamt.ro\/apostolul\/?p=26078"},"modified":"2024-09-17T08:14:20","modified_gmt":"2024-09-17T08:14:20","slug":"george-bacovia-poetul-toamnelor-dezolante","status":"publish","type":"post","link":"http:\/\/www.slineamt.ro\/apostolul\/cronica-literara\/george-bacovia-poetul-toamnelor-dezolante\/","title":{"rendered":"George Bacovia, poetul toamnelor dezolante"},"content":{"rendered":"<div class=\"wp-block-image\">\n<figure class=\"alignleft size-full is-resized\"><a href=\"http:\/\/www.slineamt.ro\/apostolul\/wp-content\/uploads\/2024\/09\/24-ap270-foto1.jpg\"><img loading=\"lazy\" decoding=\"async\" width=\"258\" height=\"227\" src=\"http:\/\/www.slineamt.ro\/apostolul\/wp-content\/uploads\/2024\/09\/24-ap270-foto1.jpg\" alt=\"\" class=\"wp-image-26079\" style=\"width:300px;height:auto\" srcset=\"http:\/\/www.slineamt.ro\/apostolul\/wp-content\/uploads\/2024\/09\/24-ap270-foto1.jpg 258w, http:\/\/www.slineamt.ro\/apostolul\/wp-content\/uploads\/2024\/09\/24-ap270-foto1-160x141.jpg 160w\" sizes=\"auto, (max-width: 258px) 100vw, 258px\" \/><\/a><\/figure>\n<\/div>\n\n\n<p>N\u0103scut \u00een anul 1881, la 17 septembrie, poetul avea s\u0103 se situeze, prin \u00eentreaga sa oper\u0103, \u00eentre dou\u0103 momente deosebite ale istoriei literare rom\u00e2ne\u015fti; astfel, prin opera sa va ilustra devenirea istoric\u0103 a curentului simbolist, care evolueaz\u0103 spre formele lirice intermediare impresioniste \u015fi expresioniste \u2013 moderniste.<\/p>\n\n\n\n<p>Poet dificil \u015fi fascinant, asociat \u00een general curentului simbolist, Bacovia trece, prin crea\u0163ia sa complex\u0103, dincolo de \u00eencerc\u0103rile de limitare categoric\u0103 \u00eentr-o formul\u0103 liric\u0103 unic\u0103. Raportat\u0103 la tendin\u0163ele \u015fi evolu\u0163ia simbolismului rom\u00e2nesc, poezia sa reflect\u0103 notele definitorii ale acestui curent. Inova\u0163ia, care \u00eel diferen\u0163iaz\u0103 de ceilal\u0163i poe\u0163i simboli\u015fti, se reg\u0103se\u015fte \u00een perspectiva modern\u0103 generat\u0103 de inflexiunile expresioniste, existen\u0163ialiste \u015fi, mai ales, decadente ce r\u0103zbat din opera sa.<\/p>\n\n\n\n<p>Simbolist, epitet asociat adesea cu numele lui George Bacovia, el este considerat \u015fi poet decadent; din p\u0103cate, termenul are o \u201ebiografie\u201d nefericit\u0103; utilizat ini\u0163ial pentru a desemna pe autorii neserio\u015fi sau minori, no\u0163iunea de decadent ajunge \u00een scurt timp s\u0103 aib\u0103 semnifica\u0163ia modificat\u0103 substan\u0163ial. Astfel, poetul decadent este acela care se revendic\u0103 de la o estetic\u0103 a r\u0103ului, unde existen\u0163a uman\u0103 se afl\u0103 \u00een nesf\u00e2r\u015fit\u0103 c\u0103dere, \u00een care, universul, lumea, omul sunt amenin\u0163ate de spectrul mor\u0163ii \u015fi unde realitatea se dezintegreaz\u0103 prin lichefiere sau mineralizare.<\/p>\n\n\n\n<p>Bacovia este poetul toamnelor dezolante, al iernilor ce creeaz\u0103 sentimentul de sf\u00e2r\u015fit de lume \u015fi, \u00een egal\u0103 m\u0103sur\u0103, este c\u00e2nt\u0103re\u0163ul c\u0103ldurilor toride, \u00een care cadavrele intr\u0103 \u00een descompunere, dar \u015fi pictorul prim\u0103verilor iritante \u015fi nevrotice. Poezia sa este \u015fi primul \u015fi ultimul c\u00e2ntec de leb\u0103d\u0103 al unei naturi ce, parc\u0103, \u201enu vrea s\u0103 se mai nasc\u0103\u201d, iar atunci c\u00e2nd s-a n\u0103scut nu vrea s\u0103 mai moar\u0103. Altfel spus, este un poet de o originalitate debordant\u0103, cel mai mare de dup\u0103 Mihai Eminescu; drept urmare, to\u0163i marii critici au vorbit despre poezia lui, fiecare, altfel.<\/p>\n\n\n\n<p>G. C\u0103linescu l-a a\u015fezat \u00eentr-un cap\u0103t (final) de list\u0103, f\u0103r\u0103 s\u0103 eviden\u0163ieze dec\u00e2t o parte a virtu\u0163ilor lirismului s\u0103u; cu toate acestea, a spus despre poet c\u0103 \u015fi-a creat o existen\u0163\u0103 proprie, sus\u0163inut\u0103 de un sentimentalism fundamental \u015fi de capacitatea de a tr\u0103i personal toate aspectele \u201e\u00eemprumutate\u201d; c\u0103 poezia bacovian\u0103 provoac\u0103 incertitudini, tr\u0103ind \u201eentuziasme\u201d \u015fi f\u0103urindu-\u015fi o rezerv\u0103 pentru \u201emanierismul ei patetic\u201d. Dar, tocmai \u00een acest manierism st\u0103 valoarea fragil\u0103 a lirismului bacovian.<\/p>\n\n\n\n<p>Av\u00e2nd drept punct de plecare poezia lui Maurice Rollinat \u015fi a lui Edgar Poe, poezia lui George Bacovia ilustreaz\u0103 un satanism al pateticului \u015fi al lugubrului, augment\u00e2nd p\u00e2n\u0103 aproape de paroxism, sugestia; a\u015fadar, poetul devine \u201eportretist\u201d al propriei sale lumi, un creator de contururi \u015fi figuri fantomatice, un z\u0103mis\u00adlitor de ispite \u015fi temeri: st\u00e2nd singur \u00een cavou, privind sicriele de plumb \u015fi ascult\u00e2nd muzica lor funebr\u0103, prin fa\u0163a ochilor trece o pas\u0103re \u201ecu pene albe, pene negre\u201d strig\u00e2nd \u201ecu glas amar\u201d, \u201ehidos\u201d, un cr\u00e2mpei de poveste cu fantome; sau, alt\u0103dat\u0103, el p\u0103\u015fe\u015fte singuratic prin pie\u0163ele pustii ale ora\u015fului \u015fi intr\u0103 \u00een casa iubitei rug\u00e2nd-o s\u0103-i c\u00e2nte un mar\u015f funebru: \u201eIubito, \u015fi iar am venit&#8230;\/ Dar ast\u0103zi de-abia m\u0103 mai port \u2013 \/ Deschide clavirul \u015fi c\u00e2nt\u0103-mi\/ Un c\u00e2ntec de mort.\u201d<\/p>\n\n\n\n<p>Odaia este sinistr\u0103, aici c\u00e2nt\u0103, \u00een mii de fluiere, toamna; pe mas\u0103, o f\u0103clie ce tremur\u0103-n oglind\u0103; tablourile sunt negre; de peste tot te \u00eempresoar\u0103 un gol haotic, plin de ecouri; e un decor hoffmannian: \u201eOdaia mea m\u0103 \u00eensp\u0103im\u00e2nt\u0103\/ Cu br\u00e2ie negre zugr\u0103vit\u0103 \u2013 \/ Prin noapte, toamna despletit\u0103\/ \u00cen mii de fluiere c\u00e2nt\u0103.\/\/ \u2013 Odaie plin\u0103 de mistere,\/ \u00cen pacea ta e nebunie;\/ Dorm umbre negre prin unghere,\/ Pe mas\u0103 arde o f\u0103clie.\/\/ \u2013 Odaie plin\u0103 de ecouri,\/ C\u00e2nd pl\u00e2nsu-ncepe s\u0103 m\u0103 prind\u0103;\/ Stau triste negrele tablouri \u2013 \/ F\u0103clia tremur\u0103-n oglind\u0103.\/\/ Odaia mea m\u0103 \u00eensp\u0103im\u00e2nt\u0103,\/ Aici n-ar sta nicio iubit\u0103 \u2013 \/ Prin noapte, toamna despletit\u0103\/ \u00cen mii de fluiere c\u00e2nt\u0103.\u201d<\/p>\n\n\n<div class=\"wp-block-image\">\n<figure class=\"alignright size-full is-resized\"><a href=\"http:\/\/www.slineamt.ro\/apostolul\/wp-content\/uploads\/2024\/09\/24-ap270-foto2.jpg\"><img loading=\"lazy\" decoding=\"async\" width=\"369\" height=\"223\" src=\"http:\/\/www.slineamt.ro\/apostolul\/wp-content\/uploads\/2024\/09\/24-ap270-foto2.jpg\" alt=\"\" class=\"wp-image-26080\" style=\"width:417px;height:auto\" srcset=\"http:\/\/www.slineamt.ro\/apostolul\/wp-content\/uploads\/2024\/09\/24-ap270-foto2.jpg 369w, http:\/\/www.slineamt.ro\/apostolul\/wp-content\/uploads\/2024\/09\/24-ap270-foto2-300x181.jpg 300w, http:\/\/www.slineamt.ro\/apostolul\/wp-content\/uploads\/2024\/09\/24-ap270-foto2-260x157.jpg 260w, http:\/\/www.slineamt.ro\/apostolul\/wp-content\/uploads\/2024\/09\/24-ap270-foto2-160x97.jpg 160w\" sizes=\"auto, (max-width: 369px) 100vw, 369px\" \/><\/a><\/figure>\n<\/div>\n\n\n<p>C\u00e2nd se apropie miezul nop\u0163ii, la ora satanic\u0103, poetul alearg\u0103 din camer\u0103 \u00een camer\u0103 cuprins subit de teroare, b\u00e2ntuind spa\u0163iile asemenea unei stafii: \u201eS-apropie-ncet miezul nop\u0163ii\/ \u015ei sun\u0103 a frunzelor hor\u0103 \u2013 \/ Eu fug din odaie-n odaie\/ C\u00e2nd bate satanica or\u0103.\u201d<\/p>\n\n\n\n<p>Iar c\u00e2nd afar\u0103 \u201eninge pr\u0103p\u0103dind\u201d, iubita se a\u015faz\u0103 la clavir \u015fi c\u00e2nt\u0103 un mar\u015f funebru, \u00een timp ce starea de delir inund\u0103 totul: \u201eEa pl\u00e2nge \u015fi-a c\u0103zut pe clape\/ \u015ei geme greu ca \u00een delir&#8230;\/ \u00cen dezacord clavirul moare,\/ \u015ei ninge ca-ntr-un cimitir.\u201d<\/p>\n\n\n\n<p>Iubita se metamorfozeaz\u0103 \u00een acord cu vremea de afar\u0103: este c\u00e2nd brun\u0103, c\u00e2nd blond\u0103, iar valsul este \u00eendoliat, a\u015fa cum orchestra atac\u0103 cu indignarea ei gra\u0163ioas\u0103: \u201eHai s\u0103 vals\u0103m, iubito, prin salon,\/ Dup\u0103 al toamnei bocet mortuar.\u201d \u015ei, \u00een alt\u0103 parte, \u201eUn larg \u015fi gol salon vedeam prin draperii,\/ Iar la clavir o brun\u0103 despletit\u0103\/ C\u00e2nta purt\u00e2nd o mantie cernit\u0103\/ \u015ei trist c\u00e2nta, gem\u00e2nd \u00eentre f\u0103clii.\u201d Sau: \u201eC\u00e2ntau amar, era delir,\/ Pl\u00e2ngea clavirul trist, \u015fi violina \u2013 \/F\u0103cliile \u00ee\u015fi tremur\u0103 lumina, \/ Clavirul catafalc p\u0103rea \u015fi nu clavir\u201d.<\/p>\n\n\n\n<p>Impresiile sunt sugerate prin coresponden\u0163e muzicale, dar \u015fi prin culoare, ca \u00een tablourile lui Renoir \u015fi Degas. Culorile dominante sunt: verdele crud, violetul, albastrul, rozul \u015fi negrul; acestea sunt sus\u0163inute de monotonie \u015fi de triste\u0163e, ca \u00een mar\u015ful unei orchestre funebre; astfel, viorile devin strig\u0103te de disperare, \u0163ipete care se estompeaz\u0103 \u00eentr-un oftat prelung al toamnei. Dezordinea este la ordinea zilei; suferin\u0163a este la ea acas\u0103. Asta e poezia lui George Bacovia!<\/p>\n\n\n\n<p>Cadrul este ora\u015ful de provincie, cu parcuri solitare, cu fanfare militare, cu cafenele s\u0103race, \u00eenv\u0103luite \u00eentr-o realitate dezolant\u0103 care amenin\u0163\u0103 s\u0103 se pr\u0103bu\u015feasc\u0103, cre\u00e2nd un \u201efundal\u201d cu copii bolnavi de ftizie \u015fi fecioare tuberculoase, cu \u201eo pal\u0103 lucr\u0103toare\u201d la geamul unei fabrici, cu un poet r\u0103t\u0103cind f\u0103r\u0103 sens, semnaliz\u00e2nd prin gesturi absurde \u015fi \u201ecomunic\u00e2nd\u201d cu aceast\u0103 lume descompus\u0103. \u00cen acest decor, toamna, somnul, pl\u00e2nsul, golul, frigul, triste\u0163ea, umezeala, r\u0103ceala, nevroza, prim\u0103vara, descompunerea, vara, chiar \u015fi iarna devin personaje care populeaz\u0103 acest univers.<\/p>\n\n\n\n<p>Tudor Vianu aprecia preferin\u0163a poetului pentru asocia\u0163iile decorative \u015fi pentru tehnica impresionist\u0103. \u00cen poezia sa nu exist\u0103 nuan\u0163e, sunt numai culori individuale, pure. Chiar c\u00e2nd este vorba despre un pastel, monocromia sau, uneori bicromia, se \u00eenf\u0103\u0163i\u015feaz\u0103 \u00een culori \u201ecrude\u201d, generatoare de suferin\u0163\u0103.<\/p>\n\n\n\n<p>Cel mai bine l-a caracterizat E. Lovinescu, care aprecia c\u0103 atmosfera din lirica bacovian\u0103 experimenteaz\u0103 procedee moderne. Poezia sa se cons\u00adtituie \u00eentr-un avertisment dat lumii, de la care nu se a\u015fteapt\u0103 vreun r\u0103spuns.<\/p>\n\n\n\n<p>* * *<\/p>\n\n\n\n<p>George Bacovia r\u0103m\u00e2ne cel mai de seam\u0103 reprezentant al simbolismului rom\u00e2nesc prin atmosfera de nevroz\u0103 pe care o degaj\u0103 poezia sa, prin gustul pentru satanic \u015fi ideea mor\u0163ii, prin cromatica inedit\u0103 \u015fi prin gustul s\u0103u pentru muzic\u0103, prin tr\u0103irea existen\u0163ial\u0103 a durerii, prin sentimentul t\u00e2rziului \u015fi al pustiului; toate acestea sunt elemente ale expresionismului \u015fi, \u00een ultim\u0103 instan\u0163\u0103, ale modernismului.<\/p>\n\n\n\n<p>\u00cen spa\u0163iul literar interbelic, poezia bacovian\u0103 este, \u00een egal\u0103 m\u0103sur\u0103, un c\u00e2ntec al iubirii pierdute, abia perceptibil \u00eentr-un decor de cimitir invadat de frig \u015fi de v\u00e2nt, dar \u015fi o not\u0103 trist\u0103 de toamn\u0103 dezolant\u0103.<\/p>\n\n\n\n<p><strong><em>Prof. dr. Gheorghe BR\u00c2NZEI<\/em><\/strong><\/p>\n","protected":false},"excerpt":{"rendered":"<p>N\u0103scut \u00een anul 1881, la 17 septembrie, poetul avea s\u0103 se situeze, prin \u00eentreaga sa oper\u0103, \u00eentre dou\u0103 momente deosebite ale istoriei literare rom\u00e2ne\u015fti; astfel, prin opera sa va ilustra devenirea istoric\u0103 a curentului simbolist, care evolueaz\u0103 spre formele lirice&hellip;<\/p>\n<p class=\"more-link-p\"><a class=\"more-link\" href=\"http:\/\/www.slineamt.ro\/apostolul\/cronica-literara\/george-bacovia-poetul-toamnelor-dezolante\/\">Read more &rarr;<\/a><\/p>\n","protected":false},"author":1,"featured_media":0,"comment_status":"open","ping_status":"closed","sticky":false,"template":"","format":"standard","meta":{"footnotes":""},"categories":[16,485],"tags":[],"class_list":["post-26078","post","type-post","status-publish","format-standard","hentry","category-cronica-literara","category-numarul-275"],"_links":{"self":[{"href":"http:\/\/www.slineamt.ro\/apostolul\/wp-json\/wp\/v2\/posts\/26078","targetHints":{"allow":["GET"]}}],"collection":[{"href":"http:\/\/www.slineamt.ro\/apostolul\/wp-json\/wp\/v2\/posts"}],"about":[{"href":"http:\/\/www.slineamt.ro\/apostolul\/wp-json\/wp\/v2\/types\/post"}],"author":[{"embeddable":true,"href":"http:\/\/www.slineamt.ro\/apostolul\/wp-json\/wp\/v2\/users\/1"}],"replies":[{"embeddable":true,"href":"http:\/\/www.slineamt.ro\/apostolul\/wp-json\/wp\/v2\/comments?post=26078"}],"version-history":[{"count":1,"href":"http:\/\/www.slineamt.ro\/apostolul\/wp-json\/wp\/v2\/posts\/26078\/revisions"}],"predecessor-version":[{"id":26081,"href":"http:\/\/www.slineamt.ro\/apostolul\/wp-json\/wp\/v2\/posts\/26078\/revisions\/26081"}],"wp:attachment":[{"href":"http:\/\/www.slineamt.ro\/apostolul\/wp-json\/wp\/v2\/media?parent=26078"}],"wp:term":[{"taxonomy":"category","embeddable":true,"href":"http:\/\/www.slineamt.ro\/apostolul\/wp-json\/wp\/v2\/categories?post=26078"},{"taxonomy":"post_tag","embeddable":true,"href":"http:\/\/www.slineamt.ro\/apostolul\/wp-json\/wp\/v2\/tags?post=26078"}],"curies":[{"name":"wp","href":"https:\/\/api.w.org\/{rel}","templated":true}]}}