{"id":26095,"date":"2024-09-17T08:26:04","date_gmt":"2024-09-17T08:26:04","guid":{"rendered":"http:\/\/www.slineamt.ro\/apostolul\/?p=26095"},"modified":"2024-09-17T08:26:04","modified_gmt":"2024-09-17T08:26:04","slug":"poduri-educationale-romania-si-republica-moldova-impreuna-pentru-viitor","status":"publish","type":"post","link":"http:\/\/www.slineamt.ro\/apostolul\/pasi-spre-europa\/poduri-educationale-romania-si-republica-moldova-impreuna-pentru-viitor\/","title":{"rendered":"\u201ePoduri educa\u021bionale: Rom\u00e2nia \u015fi Republica Moldova, \u00eempreun\u0103 pentru viitor\u201d"},"content":{"rendered":"<div class=\"wp-block-image\">\n<figure class=\"alignleft size-full is-resized\"><a href=\"http:\/\/www.slineamt.ro\/apostolul\/wp-content\/uploads\/2024\/09\/19-ap275-foto1.jpg\"><img loading=\"lazy\" decoding=\"async\" width=\"491\" height=\"327\" src=\"http:\/\/www.slineamt.ro\/apostolul\/wp-content\/uploads\/2024\/09\/19-ap275-foto1.jpg\" alt=\"\" class=\"wp-image-26096\" style=\"width:466px;height:auto\" srcset=\"http:\/\/www.slineamt.ro\/apostolul\/wp-content\/uploads\/2024\/09\/19-ap275-foto1.jpg 491w, http:\/\/www.slineamt.ro\/apostolul\/wp-content\/uploads\/2024\/09\/19-ap275-foto1-300x200.jpg 300w, http:\/\/www.slineamt.ro\/apostolul\/wp-content\/uploads\/2024\/09\/19-ap275-foto1-260x173.jpg 260w, http:\/\/www.slineamt.ro\/apostolul\/wp-content\/uploads\/2024\/09\/19-ap275-foto1-160x107.jpg 160w\" sizes=\"auto, (max-width: 491px) 100vw, 491px\" \/><\/a><\/figure>\n<\/div>\n\n\n<p>La Chi\u015fin\u0103u, cu sprijinul Institutului Cultural Rom\u00e2n \u201eMihai Eminescu\u201d, \u00een perioada 24-27 iulie curent, s-a desf\u0103\u015furat <strong>Congresul Cadrelor didactice al AGIRo<\/strong> cu genericul: \u201ePoduri educa\u0163ionale: Rom\u00e2nia \u015fi Republica Moldova, \u00eempreun\u0103 pentru viitor\u201d,<\/p>\n\n\n\n<p>Evenimentul a fost un pilon esen\u0163ial \u00een consolidarea comunit\u0103\u0163ii educa\u0163ionale, acesta fiind organizat de Asocia\u0163ia General\u0103 a \u00cenv\u0103\u0163\u0103torilor din Rom\u00e2nia (AGIRo) \u015fi Asocia\u0163ia General\u0103 a \u00cenv\u0103\u0163\u0103torilor din Rom\u00e2nia, filiala Republica Moldova (AGIRoMd), \u00een colaborare cu partenerii s\u0103i \u2013 Institutul Cultural Rom\u00e2n \u201eMihai Eminescu\u201d, Prim\u0103ria municipiului Chi\u015fin\u0103u, Direc\u0163ia General\u0103 Educa\u0163ie Tineret \u015fi Sport Chi\u015fin\u0103u, UN Women Moldova, Universitatea de Stat din Moldova, Liceul Teoretic \u201eGheorghe Asachi\u201d, Chi\u015fin\u0103u, Casa Profesorului, Muzeul Na\u0163ional de Istorie a Moldovei \u015fi Muzeul Na\u0163ional de Istorie a ora\u015fului Chi\u015fin\u0103u.<\/p>\n\n\n\n<p>Congresul s-a axat pe rezilien\u0163a emo\u0163ional\u0103 a cadrelor didactice, subliniind importan\u0163a recunoa\u015fterii sociale \u015fi a sprijinului emo\u0163ional pentru profesori, a promovat o campanie de sensibilizare privind profesia didactic\u0103 \u00een r\u00e2ndul tinerilor \u015fi a g\u0103zduit salonul cultural-pedagogic \u201eProfesorii \u2013 Ambasadori ai culturii \u015fi identit\u0103\u0163ii rom\u00e2ne\u015fti\u201d.<\/p>\n\n\n\n<p>Evenimente-cheie:<\/p>\n\n\n\n<p>\u2022 <strong>Sesiuni de lucru<\/strong> \u015fi prezent\u0103ri: Numeroase sesiuni de lucru au abordat teme actuale din domeniul educa\u0163iei, iar prezent\u0103rile de carte, inclusiv lansarea volumului \u201ePedagogie cu inim\u0103\u201d de Mariana Marin, au adus \u00een prim-plan inova\u0163iile \u015fi bunele practici din domeniu.<\/p>\n\n\n\n<p>\u2022 <strong>Expozi\u0163ii<\/strong>: Expozi\u0163ii tematice au fost organizate \u00een colaborare cu Muzeul Na\u0163ional de Istorie a Moldovei, Muzeul Na\u0163ional de Istorie a ora\u015fului Chi\u015fin\u0103u \u015fi Muzeul Na\u0163ional de Etnografie \u015fi Istorie Natural\u0103, oferind o privire profund\u0103 \u00een bog\u0103\u0163ia cultural\u0103 \u015fi istoric\u0103 a regiunii.<\/p>\n\n\n\n<p>\u2022 <strong>Momente de socializare<\/strong>: Participan\u0163ii au avut ocazia s\u0103 se \u00eent\u00e2lneasc\u0103 \u015fi s\u0103 socializeze \u00een cadrul pauzelor organizate, favoriz\u00e2nd schimbul de idei \u015fi experien\u0163e \u00eentr-un cadru relaxat.<\/p>\n\n\n\n<p>\u2022 <strong>Pe traseul culturii<\/strong>: Descoper\u0103 Chi\u015fin\u0103ul cu troleibuzul turistic, un parteneriat cu Prim\u0103ria municipiului Chi\u015fin\u0103u, oferind participan\u0163ilor o modalitate inedit\u0103 de a explora ora\u015ful \u015fi de a se familiariza cu patrimoniul s\u0103u cultural.<\/p>\n\n\n\n<p>Evenimentele s-au desf\u0103\u015furat \u00een loca\u0163ii de prestigiu, precum Muzeul Na\u0163ional de Istorie a Moldovei, Muzeul Na\u0163ional de Etnografie \u015fi Istorie Natural\u0103 \u015fi Universitatea de Stat din Moldova, asigur\u00e2nd un cadru adecvat pentru discu\u0163iile \u015fi activit\u0103\u0163ile programate.<\/p>\n\n\n\n<p>Congresul \u015fi-a atins obiectivul de a facilita schimbul de experien\u0163\u0103 \u015fi bune practici \u00eentre cadrele didactice din Rom\u00e2nia \u015fi Republica Moldova la subiectul rezilien\u0163ei emo\u0163ionale, oferind un cadru propice pentru discu\u0163ii \u015fi dezbateri pe teme educa\u0163ionale relevante. Congresul a promovat colaborarea \u015fi \u00eembun\u0103t\u0103\u0163irea sistemului educa\u0163ional, consolid\u00e2nd leg\u0103turile culturale \u015fi lingvistice, \u015fi inspir\u00e2nd tinerii s\u0103 urmeze cariera pedagogic\u0103 prin promovarea unui model pozitiv al rolului educativ, anun\u0163\u0103 cei de la Asocia\u0163ia Generala a \u00cenv\u0103\u0163\u0103torilor din Rom\u00e2nia, filiala din Republica Moldova. (<strong><em>Red.<\/em><\/strong>)<\/p>\n","protected":false},"excerpt":{"rendered":"<p>La Chi\u015fin\u0103u, cu sprijinul Institutului Cultural Rom\u00e2n \u201eMihai Eminescu\u201d, \u00een perioada 24-27 iulie curent, s-a desf\u0103\u015furat Congresul Cadrelor didactice al AGIRo cu genericul: \u201ePoduri educa\u0163ionale: Rom\u00e2nia \u015fi Republica Moldova, \u00eempreun\u0103 pentru viitor\u201d, Evenimentul a fost un pilon esen\u0163ial \u00een consolidarea&hellip;<\/p>\n<p class=\"more-link-p\"><a class=\"more-link\" href=\"http:\/\/www.slineamt.ro\/apostolul\/pasi-spre-europa\/poduri-educationale-romania-si-republica-moldova-impreuna-pentru-viitor\/\">Read more &rarr;<\/a><\/p>\n","protected":false},"author":1,"featured_media":0,"comment_status":"open","ping_status":"closed","sticky":false,"template":"","format":"standard","meta":{"footnotes":""},"categories":[9,485],"tags":[],"class_list":["post-26095","post","type-post","status-publish","format-standard","hentry","category-pasi-spre-europa","category-numarul-275"],"_links":{"self":[{"href":"http:\/\/www.slineamt.ro\/apostolul\/wp-json\/wp\/v2\/posts\/26095","targetHints":{"allow":["GET"]}}],"collection":[{"href":"http:\/\/www.slineamt.ro\/apostolul\/wp-json\/wp\/v2\/posts"}],"about":[{"href":"http:\/\/www.slineamt.ro\/apostolul\/wp-json\/wp\/v2\/types\/post"}],"author":[{"embeddable":true,"href":"http:\/\/www.slineamt.ro\/apostolul\/wp-json\/wp\/v2\/users\/1"}],"replies":[{"embeddable":true,"href":"http:\/\/www.slineamt.ro\/apostolul\/wp-json\/wp\/v2\/comments?post=26095"}],"version-history":[{"count":1,"href":"http:\/\/www.slineamt.ro\/apostolul\/wp-json\/wp\/v2\/posts\/26095\/revisions"}],"predecessor-version":[{"id":26097,"href":"http:\/\/www.slineamt.ro\/apostolul\/wp-json\/wp\/v2\/posts\/26095\/revisions\/26097"}],"wp:attachment":[{"href":"http:\/\/www.slineamt.ro\/apostolul\/wp-json\/wp\/v2\/media?parent=26095"}],"wp:term":[{"taxonomy":"category","embeddable":true,"href":"http:\/\/www.slineamt.ro\/apostolul\/wp-json\/wp\/v2\/categories?post=26095"},{"taxonomy":"post_tag","embeddable":true,"href":"http:\/\/www.slineamt.ro\/apostolul\/wp-json\/wp\/v2\/tags?post=26095"}],"curies":[{"name":"wp","href":"https:\/\/api.w.org\/{rel}","templated":true}]}}