{"id":26106,"date":"2024-09-17T08:35:24","date_gmt":"2024-09-17T08:35:24","guid":{"rendered":"http:\/\/www.slineamt.ro\/apostolul\/?p=26106"},"modified":"2024-09-17T08:35:24","modified_gmt":"2024-09-17T08:35:24","slug":"liceul-tehnologic-vasile-sav-participant-la-cursul-i-tech-pedagogy-in-cadrul-unui-proiect-erasmus-de-tip-sch","status":"publish","type":"post","link":"http:\/\/www.slineamt.ro\/apostolul\/pasi-spre-europa\/liceul-tehnologic-vasile-sav-participant-la-cursul-i-tech-pedagogy-in-cadrul-unui-proiect-erasmus-de-tip-sch\/","title":{"rendered":"Liceul Tehnologic \u201eVasile Sav\u201d \u2013 participant la cursul \u201eI Tech- Pedagogy\u201d, \u00een cadrul unui proiect Erasmus de tip SCH"},"content":{"rendered":"<div class=\"wp-block-image\">\n<figure class=\"alignleft size-full\"><a href=\"http:\/\/www.slineamt.ro\/apostolul\/wp-content\/uploads\/2024\/09\/16-ap275-foto1.jpg\"><img loading=\"lazy\" decoding=\"async\" width=\"454\" height=\"88\" src=\"http:\/\/www.slineamt.ro\/apostolul\/wp-content\/uploads\/2024\/09\/16-ap275-foto1.jpg\" alt=\"\" class=\"wp-image-26107\" srcset=\"http:\/\/www.slineamt.ro\/apostolul\/wp-content\/uploads\/2024\/09\/16-ap275-foto1.jpg 454w, http:\/\/www.slineamt.ro\/apostolul\/wp-content\/uploads\/2024\/09\/16-ap275-foto1-300x58.jpg 300w, http:\/\/www.slineamt.ro\/apostolul\/wp-content\/uploads\/2024\/09\/16-ap275-foto1-260x50.jpg 260w, http:\/\/www.slineamt.ro\/apostolul\/wp-content\/uploads\/2024\/09\/16-ap275-foto1-160x31.jpg 160w\" sizes=\"auto, (max-width: 454px) 100vw, 454px\" \/><\/a><\/figure>\n<\/div>\n\n\n<p><strong>Liceul Tehnologic \u201eVasile Sav\u201d din Roman<\/strong> este beneficiarul proiectului <strong>Erasmus<\/strong> cu nr. 2023-1-RO01-KA122-SCH-000126544, intitulat \u201e<strong>Click pentru o educa\u0163ie european\u0103<\/strong>\u201d, finan\u0163at de Uniunea European\u0103, \u00een domeniul educa\u0163iei \u015fi form\u0103rii profesionale pentru perioada 2021-2027.<\/p>\n\n\n\n<p>&nbsp;\u00cen cadrul acestui proiect, \u00een perioada 31 iulie &#8211; 6 august 2024, prof. Vl\u0103du\u0163 L\u0103cr\u0103mioara, prof. Plo\u015fni\u0163\u0103 L\u0103cr\u0103mioara \u015fi prof. Buhai Ilenu\u0163a au avut oportunitatea s\u0103 participle la cursul \u201eI Tech-Pedagogy\u201d, organizat de Asocia\u0163ia Colony of Creators \u00een Puerto de la Cruz, Tenerife, Spania.<\/p>\n\n\n\n<p>&nbsp;<strong>Acordul de formare<\/strong> \u00een baza c\u0103ruia profesorii au avut acces la acest curs a fost \u00eencheiat pentru \u201eMetode TIC\u201d (cu referire la competen\u0163e TIC \u015fi aplicarea tehnologiei \u00een diferite medii educa\u0163ionale) \u015fi pentru \u201eCompeten\u0163e interculturale\u201d.<\/p>\n\n\n\n<p>&nbsp;Pe parcursul celor \u0219apte zile intense de cursuri, profesorii au fost provoca\u0163i s\u0103 acceseze o gam\u0103 larg\u0103 de aplica\u0163ii TIC care s\u0103 le \u00eembun\u0103t\u0103\u0163easc\u0103 semnificativ activitatea de predare-\u00eenv\u0103\u0163are-evaluare la clas\u0103. De la platforme de \u00eenv\u0103\u0163are online \u015fi instrumente de colaborare, la aplica\u0163ii interactive care faciliteaz\u0103 implicarea elevilor, fiecare profesor a avut ocazia s\u0103 experimenteze \u015fi s\u0103 exerseze integrarea acestor tehnologii \u00een metodele lor de predare, s\u0103 conceap\u0103 teste de evaluare \u015fi chestionare de feedback etc.<\/p>\n\n\n\n<p>&nbsp;Pe l\u00e2ng\u0103 activit\u0103\u0163ile de formare, participan\u0163ii au avut parte \u015fi de excursii culturale captivante. Vizit\u00e2nd cele mai atractive \u015fi cunoscute obiective din Tenerife \u2013 Parcul Na\u0163ional Teide, Loro Park, Parcul Dragonului, Satul Masca etc., profesorii au avut posibilitatea de a \u00eenv\u0103\u0163a despre cultura local\u0103, tradi\u0163ii \u015fi istoria insulei Tenerife. Aceast\u0103 combina\u0163ie \u00eentre \u00eenv\u0103\u0163are teoretic\u0103 \u015fi experien\u0163e culturale a contribuit la o dezvoltare profesional\u0103 \u015fi personal\u0103 holistic\u0103.<\/p>\n\n\n\n<p>&nbsp;Participarea la cursul I Tech-Pedagogy nu doar c\u0103 le va \u00eembog\u0103\u0163i cuno\u015ftin\u0163ele profesorilor, dar va avea un impact pozitiv \u015fi asupra elevilor, care vor beneficia de metode de predare inovatoare \u015fi captivante. Aceast\u0103 experien\u0163\u0103 face parte din angajamentul continuu al institu\u0163iei noastre de a adopta tehnologia \u00een educa\u0163ie \u015fi de a oferi elevilor cele mai bune oportunit\u0103\u0163i de \u00eenv\u0103\u0163are.<\/p>\n\n\n<div class=\"wp-block-image\">\n<figure class=\"alignright size-full is-resized\"><a href=\"http:\/\/www.slineamt.ro\/apostolul\/wp-content\/uploads\/2024\/09\/16-ap275-foto2.jpg\"><img loading=\"lazy\" decoding=\"async\" width=\"529\" height=\"350\" src=\"http:\/\/www.slineamt.ro\/apostolul\/wp-content\/uploads\/2024\/09\/16-ap275-foto2.jpg\" alt=\"\" class=\"wp-image-26108\" style=\"width:411px;height:auto\" srcset=\"http:\/\/www.slineamt.ro\/apostolul\/wp-content\/uploads\/2024\/09\/16-ap275-foto2.jpg 529w, http:\/\/www.slineamt.ro\/apostolul\/wp-content\/uploads\/2024\/09\/16-ap275-foto2-300x198.jpg 300w, http:\/\/www.slineamt.ro\/apostolul\/wp-content\/uploads\/2024\/09\/16-ap275-foto2-260x172.jpg 260w, http:\/\/www.slineamt.ro\/apostolul\/wp-content\/uploads\/2024\/09\/16-ap275-foto2-160x106.jpg 160w\" sizes=\"auto, (max-width: 529px) 100vw, 529px\" \/><\/a><\/figure>\n<\/div>\n\n\n<p>&nbsp;Cele trei cadre didactice au primit <strong>Certificate Europass Mobility<\/strong>, precum \u015fi certificate care atest\u0103 participarea lor la \u00eentreg programul desf\u0103\u015furat; \u015fi-au \u00eembun\u0103t\u0103\u0163it competen\u0163ele personale \u015fi profesionale privind:<\/p>\n\n\n\n<p>&#8211; comunicarea, rela\u0163ionarea \u015fi lucrul eficient \u00eentre culturi \u00een medii educa\u0163ionale;<\/p>\n\n\n\n<p>&#8211; utilizarea instrumentelor TIC \u00een organizarea eficient\u0103 a procesului de predare;<\/p>\n\n\n\n<p>&#8211; utilizarea instrumentelor europene de certificare.<\/p>\n\n\n\n<p>&nbsp;\u00cen concluzie, implicarea profesorilor liceului nostru la acest curs a fost o experien\u0163\u0103 educa\u0163ional\u0103 valoroas\u0103, o oportunitate de a explora \u015fi aprecia frumuse\u0163ea cultural\u0103 a locurilor vizitate, consolid\u00e2nd astfel leg\u0103turile \u00eentre educa\u0163ie \u015fi cultur\u0103.<\/p>\n\n\n\n<p>&nbsp;Adrese utile:<\/p>\n\n\n\n<p>site proiect https:\/\/oqxvzy.webwave.dev\/&nbsp; pagina de facebook a proiectului: https:\/\/www.facebook. com\/profile.php?id=61552054983088<\/p>\n\n\n\n<p><strong><em>Prof. L\u0103cr\u0103mioara VL\u0102DU\u0162 \u2013 responsabil proiect,<\/em><\/strong><\/p>\n\n\n\n<p><strong><em>Prof. Ilenu\u0163a BUHAI, Prof. L\u0103cr\u0103mioara PLO\u015eNI\u0162\u0102<\/em><\/strong><\/p>\n\n\n\n<p><strong><em>Liceul Tehnologic \u201eVasile Sav\u201d Roman<\/em><\/strong><\/p>\n\n\n\n<p><strong>NOT\u0102:<\/strong> <em>Con\u0163inutul prezentului material reprezint\u0103 responsabilitatea exclusiv\u0103 a autorilor, iar Agen\u0163ia Na\u0163ional\u0103 \u015fi Comisia European\u0103 nu sunt responsabile pentru modul \u00een care va fi folosit con\u0163inutul informa\u0163iei.<\/em><\/p>\n","protected":false},"excerpt":{"rendered":"<p>Liceul Tehnologic \u201eVasile Sav\u201d din Roman este beneficiarul proiectului Erasmus cu nr. 2023-1-RO01-KA122-SCH-000126544, intitulat \u201eClick pentru o educa\u0163ie european\u0103\u201d, finan\u0163at de Uniunea European\u0103, \u00een domeniul educa\u0163iei \u015fi form\u0103rii profesionale pentru perioada 2021-2027. &nbsp;\u00cen cadrul acestui proiect, \u00een perioada 31 iulie&hellip;<\/p>\n<p class=\"more-link-p\"><a class=\"more-link\" href=\"http:\/\/www.slineamt.ro\/apostolul\/pasi-spre-europa\/liceul-tehnologic-vasile-sav-participant-la-cursul-i-tech-pedagogy-in-cadrul-unui-proiect-erasmus-de-tip-sch\/\">Read more &rarr;<\/a><\/p>\n","protected":false},"author":1,"featured_media":0,"comment_status":"open","ping_status":"closed","sticky":false,"template":"","format":"standard","meta":{"footnotes":""},"categories":[9,485],"tags":[],"class_list":["post-26106","post","type-post","status-publish","format-standard","hentry","category-pasi-spre-europa","category-numarul-275"],"_links":{"self":[{"href":"http:\/\/www.slineamt.ro\/apostolul\/wp-json\/wp\/v2\/posts\/26106","targetHints":{"allow":["GET"]}}],"collection":[{"href":"http:\/\/www.slineamt.ro\/apostolul\/wp-json\/wp\/v2\/posts"}],"about":[{"href":"http:\/\/www.slineamt.ro\/apostolul\/wp-json\/wp\/v2\/types\/post"}],"author":[{"embeddable":true,"href":"http:\/\/www.slineamt.ro\/apostolul\/wp-json\/wp\/v2\/users\/1"}],"replies":[{"embeddable":true,"href":"http:\/\/www.slineamt.ro\/apostolul\/wp-json\/wp\/v2\/comments?post=26106"}],"version-history":[{"count":1,"href":"http:\/\/www.slineamt.ro\/apostolul\/wp-json\/wp\/v2\/posts\/26106\/revisions"}],"predecessor-version":[{"id":26109,"href":"http:\/\/www.slineamt.ro\/apostolul\/wp-json\/wp\/v2\/posts\/26106\/revisions\/26109"}],"wp:attachment":[{"href":"http:\/\/www.slineamt.ro\/apostolul\/wp-json\/wp\/v2\/media?parent=26106"}],"wp:term":[{"taxonomy":"category","embeddable":true,"href":"http:\/\/www.slineamt.ro\/apostolul\/wp-json\/wp\/v2\/categories?post=26106"},{"taxonomy":"post_tag","embeddable":true,"href":"http:\/\/www.slineamt.ro\/apostolul\/wp-json\/wp\/v2\/tags?post=26106"}],"curies":[{"name":"wp","href":"https:\/\/api.w.org\/{rel}","templated":true}]}}