{"id":26110,"date":"2024-09-17T08:39:44","date_gmt":"2024-09-17T08:39:44","guid":{"rendered":"http:\/\/www.slineamt.ro\/apostolul\/?p=26110"},"modified":"2024-09-17T08:39:44","modified_gmt":"2024-09-17T08:39:44","slug":"accelerate-innovation-to-enable-work-based-learning-accelerarea-inovatiei-pentru-a-permite-invatarea-la-locul-de-munca-un-nou-proiect-de-consortiu-al-colegiului-tehnic","status":"publish","type":"post","link":"http:\/\/www.slineamt.ro\/apostolul\/pasi-spre-europa\/accelerate-innovation-to-enable-work-based-learning-accelerarea-inovatiei-pentru-a-permite-invatarea-la-locul-de-munca-un-nou-proiect-de-consortiu-al-colegiului-tehnic\/","title":{"rendered":"Accelerate innovation to enable work-based Learning \u201eAccelerarea inova\u0163iei pentru a permite \u00eenv\u0103\u0163area la locul de munc\u0103\u201d \u2013 un nou proiect de consor\u0163iu al Colegiului Tehnic \u201eGheorghe Cartianu\u201d"},"content":{"rendered":"<div class=\"wp-block-image\">\n<figure class=\"alignleft size-full is-resized\"><a href=\"http:\/\/www.slineamt.ro\/apostolul\/wp-content\/uploads\/2024\/09\/15-ap275-foto1.jpg\"><img loading=\"lazy\" decoding=\"async\" width=\"454\" height=\"91\" src=\"http:\/\/www.slineamt.ro\/apostolul\/wp-content\/uploads\/2024\/09\/15-ap275-foto1.jpg\" alt=\"\" class=\"wp-image-26111\" style=\"width:486px;height:auto\" srcset=\"http:\/\/www.slineamt.ro\/apostolul\/wp-content\/uploads\/2024\/09\/15-ap275-foto1.jpg 454w, http:\/\/www.slineamt.ro\/apostolul\/wp-content\/uploads\/2024\/09\/15-ap275-foto1-300x60.jpg 300w, http:\/\/www.slineamt.ro\/apostolul\/wp-content\/uploads\/2024\/09\/15-ap275-foto1-260x52.jpg 260w, http:\/\/www.slineamt.ro\/apostolul\/wp-content\/uploads\/2024\/09\/15-ap275-foto1-160x32.jpg 160w\" sizes=\"auto, (max-width: 454px) 100vw, 454px\" \/><\/a><\/figure>\n<\/div>\n\n\n<p>Colegiul Tehnic \u201eGheorghe Cartianu\u201d, recunoscut \u00een mediul \u015fcolar din jude\u0163ul Neam\u0163 ca unul dintre cele mai active \u00een domeniul acces\u0103rii \u015fi derul\u0103rii de proiecte europene, vine de aceast\u0103 dat\u0103 cu ceva absolut inedit, prin participarea la un proiect de consor\u0163iu coordonat de un partener din Olanda \u015fi av\u00e2nd ca beneficiari \u015fi trei parteneri din Africa de Sud.<\/p>\n\n\n\n<p>Proiectul despre care vorbim, \u201e<strong>Accelerarea inova\u0163iei pentru a permite \u00eenv\u0103\u0163area la locul de munc\u0103<\/strong>\u201d, a r\u0103spuns apelului ERASMUS-EDU-2023-CB-VET \u2013 Capacity building in the field of Vocational Education and Training (VET), fiind un proiect de educa\u0163ie \u015fi formare profesional\u0103.<\/p>\n\n\n\n<p>Finan\u0163atorul este <strong>European Education and Culture Executive Agency<\/strong> (<strong>EACEA<\/strong>) \u2013 Agen\u0163ia Executiv\u0103 European\u0103 pentru Educa\u0163ie \u015fi Cultur\u0103. Aceasta gestioneaz\u0103 fonduri pentru educa\u0163ie, cultur\u0103, audiovizual, sport, cet\u0103\u0163enie \u015fi voluntariat. EACEA gestioneaz\u0103 o mare parte din urm\u0103toarele programe de finan\u0163are ale UE, \u00een str\u00e2ns\u0103 colaborare cu alte departamente ale Comisiei Europene:<\/p>\n\n\n\n<p>\u25cf Europa creativ\u0103;<\/p>\n\n\n\n<p>\u25cf Erasmus+;<\/p>\n\n\n\n<p>\u25cf Corpul european de solidaritate;<\/p>\n\n\n\n<p>\u25cf Cet\u0103\u0163eni, egalitate, drepturi \u015fi valori;<\/p>\n\n\n\n<p>\u25cf Programul de mobilitate academic\u0103 intra-african\u0103;<\/p>\n\n\n\n<p>\u25cf Coordonatorul proiectului este BRAINSTUD B.V. din Olanda iar beneficiarii sunt:<\/p>\n\n\n\n<p>\u25cf Colegiul Tehnic \u201eGheorghe Cartianu\u201d, Rom\u00e2nia;<\/p>\n\n\n\n<p>\u25cf African Global Skills Academy PTY LTD, Africa de Sud;<\/p>\n\n\n\n<p>\u25cf Maxxliving PTY LTD, Africa de Sud;<\/p>\n\n\n\n<p>\u25cf Brainstud South, Africa de Sud;<\/p>\n\n\n<div class=\"wp-block-image\">\n<figure class=\"alignright size-full is-resized\"><a href=\"http:\/\/www.slineamt.ro\/apostolul\/wp-content\/uploads\/2024\/09\/15-ap275-foto2.jpg\"><img loading=\"lazy\" decoding=\"async\" width=\"529\" height=\"338\" src=\"http:\/\/www.slineamt.ro\/apostolul\/wp-content\/uploads\/2024\/09\/15-ap275-foto2.jpg\" alt=\"\" class=\"wp-image-26112\" style=\"width:424px;height:auto\" srcset=\"http:\/\/www.slineamt.ro\/apostolul\/wp-content\/uploads\/2024\/09\/15-ap275-foto2.jpg 529w, http:\/\/www.slineamt.ro\/apostolul\/wp-content\/uploads\/2024\/09\/15-ap275-foto2-300x192.jpg 300w, http:\/\/www.slineamt.ro\/apostolul\/wp-content\/uploads\/2024\/09\/15-ap275-foto2-260x166.jpg 260w, http:\/\/www.slineamt.ro\/apostolul\/wp-content\/uploads\/2024\/09\/15-ap275-foto2-160x102.jpg 160w\" sizes=\"auto, (max-width: 529px) 100vw, 529px\" \/><\/a><\/figure>\n<\/div>\n\n\n<p>Durata activit\u0103\u0163ilor este 1 decembrie 2023 &#8211; 30 noiembrie 2025, iar websiteul proiectului este https:\/\/ai-wbl.eu.<\/p>\n\n\n\n<p><em>Proiectul \u00ee\u015fi propune s\u0103 \u00eembun\u0103t\u0103\u0163easc\u0103 formarea profesional\u0103 public\u0103 \u015fi privat\u0103 \u00een Africa de Sud \u015fi Rom\u00e2nia prin introducerea unui program digital, a unei platforme de \u00eenv\u0103\u0163are, accentul fiind pus pe formarea electricienilor, instalatorilor \u015fi t\u00e2mplarilor, cu sprijin suplimentar oferit poten\u0163ialilor antreprenori. Reducerea \u015fomajului \u00een r\u00e2ndul tinerilor \u015fi g\u0103sirea de solu\u0163ii prin care c\u00e2t mai mul\u0163i tineri europeni s\u0103 poat\u0103 fi \u00eencadra\u0163i efectiv \u00een c\u00e2mpul muncii se afl\u0103 \u00een centrul agendei politice a UE \u00eencep\u00e2nd cu anul 2010<\/em>.<\/p>\n\n\n\n<p><strong>Grupul \u0163int\u0103<\/strong> este format din 45 tineri NEET (adic\u0103 tineri care nu sunt \u00eencadra\u0163i profesional \u015fi nu urmeaz\u0103 niciun program educa\u0163ional sau de formare), cu v\u00e2rsta cuprins\u0103 \u00eentre 16-35 de ani, care particip\u0103 la programele de \u00eenv\u0103\u0163are. Se vor selecta 10 cursan\u0163i cu poten\u0163ial antreprenorial care vor parcurge programul de \u00eenv\u0103\u0163are \u201eCompeten\u0163e antreprenoriale\u201d.<\/p>\n\n\n\n<p>Membrii echipei de management a proiectului sunt: Nicolae Livia-Marinela (manager proiect), Horlescu Gabriela-Br\u00e2ndu\u015fa (coordonator proiect), Caldare Irina (responsabil financiar), Dragomir Eleonora (responsabil comunicare).<\/p>\n\n\n\n<p>Cursurile care se vor organiza \u00een cadrul proiectului sunt: t\u00e2mplar manual\/artizanal, instalator instala\u0163ii tehnico-sanitare \u015fi de gaze, electrician \u00een construc\u0163ii \u015fi competen\u0163e antreprenoriale.<\/p>\n\n\n\n<p>Tinerii care doresc s\u0103 se \u00eenscrie la cursurile de formare pot accesa urm\u0103torul link: https:\/\/ai-wbl.eu\/cursuri.html.<\/p>\n\n\n\n<p>Educa\u0163ia \u015fi formarea profesional\u0103 (EFP) joac\u0103 un rol esen\u0163ial \u00een dezvoltarea competen\u0163elor profesionale potrivite pentru a face fa\u0163\u0103 noilor provoc\u0103ri socio-economice, pentru a avea o carier\u0103 de succes \u015fi le faciliteaz\u0103 tinerilor un drum de intrare pe pia\u0163a for\u0163ei de munc\u0103. Acela\u015fi lucru este valabil \u015fi pentru adul\u0163i, care trebuie s\u0103 se perfec\u0163ioneze \u015fi s\u0103 se recalifice pentru a se adapta la o lume a muncii \u00eentr-o continu\u0103 schimbare.<\/p>\n\n\n\n<p><strong><em>Prof. Gabriela-Br\u00e2ndu\u015fa HORLESCU<\/em><\/strong><\/p>\n\n\n\n<p><strong><em>Colegiul Tehnic \u201eGheorghe Cartianu\u201d<\/em><\/strong><\/p>\n","protected":false},"excerpt":{"rendered":"<p>Colegiul Tehnic \u201eGheorghe Cartianu\u201d, recunoscut \u00een mediul \u015fcolar din jude\u0163ul Neam\u0163 ca unul dintre cele mai active \u00een domeniul acces\u0103rii \u015fi derul\u0103rii de proiecte europene, vine de aceast\u0103 dat\u0103 cu ceva absolut inedit, prin participarea la un proiect de consor\u0163iu&hellip;<\/p>\n<p class=\"more-link-p\"><a class=\"more-link\" href=\"http:\/\/www.slineamt.ro\/apostolul\/pasi-spre-europa\/accelerate-innovation-to-enable-work-based-learning-accelerarea-inovatiei-pentru-a-permite-invatarea-la-locul-de-munca-un-nou-proiect-de-consortiu-al-colegiului-tehnic\/\">Read more &rarr;<\/a><\/p>\n","protected":false},"author":1,"featured_media":0,"comment_status":"open","ping_status":"closed","sticky":false,"template":"","format":"standard","meta":{"footnotes":""},"categories":[9,485],"tags":[],"class_list":["post-26110","post","type-post","status-publish","format-standard","hentry","category-pasi-spre-europa","category-numarul-275"],"_links":{"self":[{"href":"http:\/\/www.slineamt.ro\/apostolul\/wp-json\/wp\/v2\/posts\/26110","targetHints":{"allow":["GET"]}}],"collection":[{"href":"http:\/\/www.slineamt.ro\/apostolul\/wp-json\/wp\/v2\/posts"}],"about":[{"href":"http:\/\/www.slineamt.ro\/apostolul\/wp-json\/wp\/v2\/types\/post"}],"author":[{"embeddable":true,"href":"http:\/\/www.slineamt.ro\/apostolul\/wp-json\/wp\/v2\/users\/1"}],"replies":[{"embeddable":true,"href":"http:\/\/www.slineamt.ro\/apostolul\/wp-json\/wp\/v2\/comments?post=26110"}],"version-history":[{"count":1,"href":"http:\/\/www.slineamt.ro\/apostolul\/wp-json\/wp\/v2\/posts\/26110\/revisions"}],"predecessor-version":[{"id":26113,"href":"http:\/\/www.slineamt.ro\/apostolul\/wp-json\/wp\/v2\/posts\/26110\/revisions\/26113"}],"wp:attachment":[{"href":"http:\/\/www.slineamt.ro\/apostolul\/wp-json\/wp\/v2\/media?parent=26110"}],"wp:term":[{"taxonomy":"category","embeddable":true,"href":"http:\/\/www.slineamt.ro\/apostolul\/wp-json\/wp\/v2\/categories?post=26110"},{"taxonomy":"post_tag","embeddable":true,"href":"http:\/\/www.slineamt.ro\/apostolul\/wp-json\/wp\/v2\/tags?post=26110"}],"curies":[{"name":"wp","href":"https:\/\/api.w.org\/{rel}","templated":true}]}}