{"id":26118,"date":"2024-09-17T08:47:39","date_gmt":"2024-09-17T08:47:39","guid":{"rendered":"http:\/\/www.slineamt.ro\/apostolul\/?p=26118"},"modified":"2024-09-17T08:47:39","modified_gmt":"2024-09-17T08:47:39","slug":"adeseori-copiii-gasesc-in-sportivi-un-model-de-viata","status":"publish","type":"post","link":"http:\/\/www.slineamt.ro\/apostolul\/scoala-nemteana-la-zi\/adeseori-copiii-gasesc-in-sportivi-un-model-de-viata\/","title":{"rendered":"Adeseori copiii g\u0103sesc \u00een sportivi un model de via\u0163\u0103"},"content":{"rendered":"<div class=\"wp-block-image\">\n<figure class=\"alignleft size-full is-resized\"><a href=\"http:\/\/www.slineamt.ro\/apostolul\/wp-content\/uploads\/2024\/09\/13-ap275-foto1.jpg\"><img loading=\"lazy\" decoding=\"async\" width=\"341\" height=\"454\" src=\"http:\/\/www.slineamt.ro\/apostolul\/wp-content\/uploads\/2024\/09\/13-ap275-foto1.jpg\" alt=\"\" class=\"wp-image-26119\" style=\"width:316px;height:auto\" srcset=\"http:\/\/www.slineamt.ro\/apostolul\/wp-content\/uploads\/2024\/09\/13-ap275-foto1.jpg 341w, http:\/\/www.slineamt.ro\/apostolul\/wp-content\/uploads\/2024\/09\/13-ap275-foto1-225x300.jpg 225w, http:\/\/www.slineamt.ro\/apostolul\/wp-content\/uploads\/2024\/09\/13-ap275-foto1-260x346.jpg 260w, http:\/\/www.slineamt.ro\/apostolul\/wp-content\/uploads\/2024\/09\/13-ap275-foto1-160x213.jpg 160w\" sizes=\"auto, (max-width: 341px) 100vw, 341px\" \/><\/a><\/figure>\n<\/div>\n\n\n<p>\u25cf Interviu cu dl Alexandru-R\u0103zvan Lupu \u2013 Director al Liceului cu Program Sportiv, Piatra-Neam\u0163<\/p>\n\n\n\n<p><em>\u2013 Domnule director, conduce\u0163i o unitate de \u00eenv\u0103\u0163\u0103m\u00e2nt preuniversitar cu caracteristici total diferite fa\u0163\u0103 de restul liceelor din ora\u015ful nostru. Pentru cititorii revistei \u201eApostolul\u201d, v\u0103 rug\u0103m s\u0103 eviden\u0163ia\u0163i particularit\u0103\u0163ile institu\u0163iei dvs.<\/em><\/p>\n\n\n\n<p>\u2013 Liceul cu Program Sportiv, fiind o unitate voca\u0163ional\u0103 ofer\u0103 urm\u0103toarele specializ\u0103ri: canotaj, atletism, schi, fotbal, volei, handbal. Aceste \u015fase ramuri sportive sunt a\u015fadar cuprinse \u00een procesul de instruire al elevilor no\u015ftri. Fa\u0163\u0103 de ceilal\u0163i copii din \u00eenv\u0103\u0163\u0103m\u00e2ntul preuniversitar nem\u0163ean, elevii no\u015ftri au at\u00e2t cursuri teoretice c\u00e2t \u015fi preg\u0103tire sportiv\u0103 practic\u0103, unde au ales s\u0103-\u015fi perfec\u0163ioneze abilit\u0103\u0163ile, pentru a deveni sportivi de elit\u0103. Accesul \u00een clasa a IX-a se face pe baza mediei de la Examenul de Evaluare Na\u0163ional\u0103 plus media de la probele practice sportive, care sunt eliminatorii. Pentru cei care doresc s\u0103 se transfere la noi \u015fi \u00een al\u0163i ani de studiu se organizeaz\u0103 probe sportive, apoi examene de diferen\u0163e, cu respectarea metodologiei.<\/p>\n\n\n\n<p>Ca particularitate mai putem ad\u0103uga faptul c\u0103 exist\u0103 o structur\u0103 arondat\u0103 liceului nostru, care este Clubul Sportiv \u015ecolar, unde practic\u0103 sportul copii care nu sunt elevii no\u015ftri dar care doresc s\u0103 fac\u0103 mi\u015fcare fizic\u0103. Aici se \u00eenscriu elevi de toate v\u00e2rstele, \u00eencep\u00e2nd de la clasa a I-a p\u00e2na la clasa a XII-a.<\/p>\n\n\n\n<p><em>\u2013 Cum aprecia\u0163i apeten\u0163a adolescen\u0163ilor din zilele noastre pentru mi\u015fcarea fizic\u0103?<\/em><\/p>\n\n\n<div class=\"wp-block-image\">\n<figure class=\"alignright size-full is-resized\"><a href=\"http:\/\/www.slineamt.ro\/apostolul\/wp-content\/uploads\/2024\/09\/13-ap275-foto2.jpg\"><img loading=\"lazy\" decoding=\"async\" width=\"529\" height=\"322\" src=\"http:\/\/www.slineamt.ro\/apostolul\/wp-content\/uploads\/2024\/09\/13-ap275-foto2.jpg\" alt=\"\" class=\"wp-image-26120\" style=\"width:444px;height:auto\" srcset=\"http:\/\/www.slineamt.ro\/apostolul\/wp-content\/uploads\/2024\/09\/13-ap275-foto2.jpg 529w, http:\/\/www.slineamt.ro\/apostolul\/wp-content\/uploads\/2024\/09\/13-ap275-foto2-300x183.jpg 300w, http:\/\/www.slineamt.ro\/apostolul\/wp-content\/uploads\/2024\/09\/13-ap275-foto2-260x158.jpg 260w, http:\/\/www.slineamt.ro\/apostolul\/wp-content\/uploads\/2024\/09\/13-ap275-foto2-160x97.jpg 160w\" sizes=\"auto, (max-width: 529px) 100vw, 529px\" \/><\/a><\/figure>\n<\/div>\n\n\n<p>\u2013 Copiii, \u00een mare parte, prin natura firii, sunt atra\u015fi de sport. Unora Dumnezeu le d\u0103 mai multe abilit\u0103\u0163i, altora mai pu\u0163ine, unii explodeaz\u0103 mai t\u00e2rziu, al\u0163ii la v\u00e2rste mai fragede. Dar to\u0163i au \u00een comun faptul c\u0103 au un model. De obicei modelele sunt alese din apropierea lor sau din ceea ce prezint\u0103 mass media. Sportul are un rol important \u00een dezvoltarea oric\u0103rei societ\u0103\u0163i, dar, \u00een plus, \u00een r\u00e2ndul performerilor g\u0103sim \u015fi foarte multe modele de reu\u015fit\u0103 demne de urmat, deoarece s-au realizat din punct de vedere financiar, familial, al dezvolt\u0103rii personale etc. Adeseori copiii g\u0103sesc \u00een sportivi un model de via\u0163\u0103, ceea ce-i poate determina s\u0103 urmeze \u015fi ei cariere sportive.<\/p>\n\n\n\n<p>Spre bucuria noastr\u0103, \u00een ultimul timp, observ\u0103m o cre\u015ftere a num\u0103rului copiilor care doresc s\u0103 practice sportul. Aici, un rol important \u00eel are \u015fi familia, p\u0103rin\u0163ii \u00eencerc\u00e2nd s\u0103 ofere copiilor, \u00eenc\u0103 de la v\u00e2rste mici, o arie c\u00e2t mai larg\u0103 de activit\u0103\u0163i pentru timpul liber, inclusiv pentru sport. Avantajul pe care \u00eel ofer\u0103 \u015fcoala noastr\u0103 este c\u0103 activit\u0103\u0163ile sportive se desf\u0103\u015foar\u0103 \u00een mod organizat \u015fi sunt gratuite (noi nu percepem nici o tax\u0103, totul este gratuit \u00eencep\u00e2nd de la grupele de ini\u0163iere p\u00e2n\u0103 la clasa a XII-a). \u00cen gratuitate se includ: instruirea, antrenamentele, echipamentele, deplas\u0103rile, masa, viza medical\u0103 \u2013 toate fiind suportate de unitatea noastr\u0103. Cel mai mult conteaz\u0103 faptul c\u0103 avem finalitate, adic\u0103 echipele noastre particip\u0103 \u00een campionatele na\u0163ionale \u00een afar\u0103 de cele jude\u0163ene. Conteaz\u0103 foarte mult pentru copil s\u0103 \u00ee\u015fi dezvolte at\u00e2t cultura \u2013 merg\u00e2nd \u00een diferite col\u0163uri ale \u0163\u0103rii \u2013 dar \u015fi spiritul de \u00eenving\u0103tor prin confruntarea cu ceilal\u0163i sportivi.<\/p>\n\n\n\n<p><em>\u2013 Ce argumente a\u0163i folosi pentru a convinge un copil s\u0103 devin\u0103 elev al Liceuluil cu Program Sportiv?<\/em><\/p>\n\n\n<div class=\"wp-block-image\">\n<figure class=\"alignleft size-full is-resized\"><a href=\"http:\/\/www.slineamt.ro\/apostolul\/wp-content\/uploads\/2024\/09\/13-ap275-foto3.jpg\"><img loading=\"lazy\" decoding=\"async\" width=\"450\" height=\"359\" src=\"http:\/\/www.slineamt.ro\/apostolul\/wp-content\/uploads\/2024\/09\/13-ap275-foto3.jpg\" alt=\"\" class=\"wp-image-26121\" style=\"width:367px;height:auto\" srcset=\"http:\/\/www.slineamt.ro\/apostolul\/wp-content\/uploads\/2024\/09\/13-ap275-foto3.jpg 450w, http:\/\/www.slineamt.ro\/apostolul\/wp-content\/uploads\/2024\/09\/13-ap275-foto3-300x239.jpg 300w, http:\/\/www.slineamt.ro\/apostolul\/wp-content\/uploads\/2024\/09\/13-ap275-foto3-260x207.jpg 260w, http:\/\/www.slineamt.ro\/apostolul\/wp-content\/uploads\/2024\/09\/13-ap275-foto3-160x128.jpg 160w\" sizes=\"auto, (max-width: 450px) 100vw, 450px\" \/><\/a><\/figure>\n<\/div>\n\n\n<p>\u2013 Pe l\u00e2ng\u0103 cele men\u0163ionate mai sus, a\u015f mai ad\u0103uga c\u00e2teva argumente, \u00een primul r\u00e2nd pentru p\u0103rin\u0163i, deoarece, de obicei ace\u015ftia iau decizia pentru \u00eenscrierea \u00een \u00eenv\u0103\u0163\u0103m\u00e2ntul nostru gimnazial. Este vorba despre faptul c\u0103 sportul ofer\u0103 copiilor o dezvoltare armonioas\u0103 \u015fi s\u0103n\u0103toas\u0103, din punct de vedere fizic dar \u015fi mental. \u00cen al doilea r\u00e2nd exist\u0103 avantajul adapt\u0103rii la lucrul \u00een echip\u0103 \u015fi posibilitatea particip\u0103rii la competi\u0163ii, \u00een care s\u0103-\u015fi verifice poten\u0163ialul \u00een fiecare etap\u0103 a dezvolt\u0103rii, pe parcursul unui an sau al unui ciclu de \u00eenv\u0103\u0163\u0103m\u00e2nt.<\/p>\n\n\n\n<p><em>\u2013 Desigur, exist\u0103 multe nume cu care v\u0103 m\u00e2ndri\u0163i din r\u00e2ndul elevilor dvs., pentru c\u0103 acolo unde este vorba despre sport, este vorba despre competi\u0163ie \u015fi \u00eenving\u0103tori. Ne pute\u0163i oferi c\u00e2teva exemple?<\/em><\/p>\n\n\n\n<p>\u2013 Sunt foarte mul\u0163i elevi care au ob\u0163inut rezultate de-a lungul anilor, \u00een special la sporturile de echip\u0103, unde performan\u0163ele sunt foarte greu de realizat. \u00cen sporturile individuale este mai u\u015for, pentru c\u0103 acolo te lup\u0163i cu un singur adversar sau cu timpul, pe c\u00e2nd \u00een sporturile de echip\u0103, exist\u00e2nd interdependen\u0163a \u00eentre membri, dac\u0103 doi sau trei dintre ace\u015ftia nu func\u0163ioneaz\u0103 la poten\u0163ial maxim scade valoarea echipei. Pot aminti \u00een primul r\u00e2nd participarea la turneul final de volei la b\u0103ie\u0163i, ceea ce \u00eenseamn\u0103 clasificarea \u00een primele \u015fase echipe pe plan na\u0163ional, adic\u0103 o performan\u0163\u0103 foarte bun\u0103 pentru voleiul \u015fi sportul nem\u0163ean. \u015ei echipa de volei feminin a avut rezultate meritorii, ca s\u0103 nu mai vorbim despre fotbal \u2013 unde exist\u0103 exemple de elevi care joac\u0103 titulari, \u00eenc\u0103 de la v\u00e2rsta de 15 ani, la echipa de Liga a III-a Ceahl\u0103ul Piatra-Neam\u0163 \u015fi sunt \u00een preg\u0103tiri cu echipa de Liga a II-a. Apoi, avem juc\u0103tori care joac\u0103 \u015fi \u00een divizia A, dar care au \u00eenceput ABC-ul fotbalului ca juniori la Clubul Sportiv \u015ecolar Piatra-Neam\u0163. Ca exemple \u00eei dau pe Matei Ilie \u2013 juc\u0103tor la CFR Cluj \u015fi Giani Cre\u0163u, care s-a \u00eentors la echipa de Liga a II-a Ceahl\u0103ul Piatra-Neam\u0163. Handbalul are ca reprezentan\u0163i pe fra\u0163ii Dospinescu, pe Alex Buc\u0103taru, care au jucat \u015fi joac\u0103 \u00een Liga Na\u0163ional\u0103. S\u0103 nu uit\u0103m de canotaj, unde sportive care au trecut prin m\u00e2inile profesorilor no\u015ftri, au ajuns campioane sau vice-campioane olimpice. \u00cencerc\u0103m \u00een special s\u0103 fim o pepinier\u0103 pentru echipele reprezentative ale municipiului nostru \u015fi ale jude\u0163ului Neam\u0163.<\/p>\n\n\n<div class=\"wp-block-image\">\n<figure class=\"alignright size-full is-resized\"><a href=\"http:\/\/www.slineamt.ro\/apostolul\/wp-content\/uploads\/2024\/09\/13-ap275-foto4.jpg\"><img loading=\"lazy\" decoding=\"async\" width=\"491\" height=\"397\" src=\"http:\/\/www.slineamt.ro\/apostolul\/wp-content\/uploads\/2024\/09\/13-ap275-foto4.jpg\" alt=\"\" class=\"wp-image-26122\" style=\"width:360px;height:auto\" srcset=\"http:\/\/www.slineamt.ro\/apostolul\/wp-content\/uploads\/2024\/09\/13-ap275-foto4.jpg 491w, http:\/\/www.slineamt.ro\/apostolul\/wp-content\/uploads\/2024\/09\/13-ap275-foto4-300x243.jpg 300w, http:\/\/www.slineamt.ro\/apostolul\/wp-content\/uploads\/2024\/09\/13-ap275-foto4-260x210.jpg 260w, http:\/\/www.slineamt.ro\/apostolul\/wp-content\/uploads\/2024\/09\/13-ap275-foto4-160x129.jpg 160w\" sizes=\"auto, (max-width: 491px) 100vw, 491px\" \/><\/a><\/figure>\n<\/div>\n\n\n<p><em>\u2013 Dac\u0103 ar fi s\u0103 numi\u0163i profesorul anului din cancelaria dvs., pentru cine a\u0163i opta \u015fi de ce?<\/em><\/p>\n\n\n\n<p>\u2013 V\u0103 spun sincer, nu \u00eemi este foarte u\u015for s\u0103 r\u0103spund la aceast\u0103 \u00eentrebare. Sunt foarte mul\u0163i colegi care ar merita acest titlu. Din moment ce avem rezultate remarcabile, particip\u0103m la foarte multe competi\u0163ii, elevii termin\u0103 liceul \u015fi \u00een mare parte iau \u015fi diploma de bacalaureat, nu avem abandon \u015fcolar, \u00eenseamn\u0103 c\u0103 to\u0163i colegii \u00ee\u015fi fac treaba cu prisosin\u0163\u0103 \u015fi \u00eencearc\u0103 s\u0103 pun\u0103 um\u0103rul la dezvoltarea copilului \u00eentr-un cadru optim.<\/p>\n\n\n\n<p><em>\u2013 Fiecare dintre noi este sus\u0163inut \u00een munca de zi cu zi de anumite motiva\u0163ii. Care sunt motiva\u0163iile care v\u0103 ajut\u0103 pe dvs. s\u0103 desf\u0103\u015fura\u0163i o activitate de management eficient\u0103?<\/em><\/p>\n\n\n\n<p>\u2013 Principala mea motiva\u0163ie o reprezint\u0103 faptul c\u0103 \u00een fiecare zi v\u0103d terenul sintetic \u015fi s\u0103lile de antrenament pline de copii, ceea ce \u00eenseamn\u0103 c\u0103 avem un num\u0103r mare de copii \u015fcolariza\u0163i. Acest fapt \u00eemi d\u0103 t\u0103ria de a lupta \u015fi de a continua. Acest lucru \u00eemi spune c\u0103 suntem pe un trend bun. Noi nu avem spa\u0163ii \u00een care s\u0103 ne desf\u0103\u015fur\u0103m activitatea conform efectivelor noastre. Noi nu avem un teren al nostru&#8230; \u00cen concluzie, motiva\u0163ia mea apare din realitatea c\u0103 exist\u0103 un num\u0103r din ce \u00een ce mai mare de elevi \u00eenmatricula\u0163i la noi, practican\u0163i de diferite ramuri sportive, care efectiv \u00eemi dau seva pentru a merge mai departe.<\/p>\n\n\n\n<p><em>\u2013 Suntem \u00een fa\u0163a unui nou \u00eenceput&#8230; Cu ce proiecte \u015fi planuri porni\u0163i la drum \u00een anul \u015fcolar 2024-2025?<\/em><\/p>\n\n\n\n<p>\u2013 Am dou\u0103 proiecte de suflet. Primul este legat de finalizarea s\u0103lii de sport din curtea liceului nostru, care necesit\u0103 ni\u015fte pa\u015fi de urmat \u015fi o finan\u0163are foarte mare din partea Ministerului Educa\u0163iei. Am f\u0103cut demersurile cu sprijinul Inspectoratului \u015ecolar Jude\u0163ean Neam\u0163, am ob\u0163inut un nou certificat de urbanism iar acum trebuie s\u0103 ob\u0163inem din nou autoriza\u0163ie de construc\u0163ie. Este nevoie de foarte mul\u0163i bani, de aceea am f\u0103cut solicit\u0103ri c\u0103tre ISJ Neam\u0163 unde am g\u0103sit toat\u0103 \u00een\u0163elegerea la domnul Inspector General. Acum, trebuie s\u0103 vedem \u015fi fondurile de care dispune ministerul pentru c\u0103 noi suntem hot\u0103r\u00e2\u0163i, cu pa\u015fi mici, s\u0103 rezolv\u0103m aceast\u0103 situa\u0163ie.<\/p>\n\n\n<div class=\"wp-block-image\">\n<figure class=\"alignleft size-full is-resized\"><a href=\"http:\/\/www.slineamt.ro\/apostolul\/wp-content\/uploads\/2024\/09\/13-ap275-foto5.jpg\"><img loading=\"lazy\" decoding=\"async\" width=\"369\" height=\"491\" src=\"http:\/\/www.slineamt.ro\/apostolul\/wp-content\/uploads\/2024\/09\/13-ap275-foto5.jpg\" alt=\"\" class=\"wp-image-26123\" style=\"width:281px;height:auto\" srcset=\"http:\/\/www.slineamt.ro\/apostolul\/wp-content\/uploads\/2024\/09\/13-ap275-foto5.jpg 369w, http:\/\/www.slineamt.ro\/apostolul\/wp-content\/uploads\/2024\/09\/13-ap275-foto5-225x300.jpg 225w, http:\/\/www.slineamt.ro\/apostolul\/wp-content\/uploads\/2024\/09\/13-ap275-foto5-260x346.jpg 260w, http:\/\/www.slineamt.ro\/apostolul\/wp-content\/uploads\/2024\/09\/13-ap275-foto5-160x213.jpg 160w\" sizes=\"auto, (max-width: 369px) 100vw, 369px\" \/><\/a><\/figure>\n<\/div>\n\n\n<p>Al doilea proiect este legat de c\u0103utarea unei posibilit\u0103\u0163i pentru a realiza un teren de fotbal sintetic, \u00een vederea desf\u0103\u015fur\u0103rii activit\u0103\u0163ii \u00een condi\u0163ii optime. Pentru a \u00een\u0163elege c\u00e2t de presant\u0103 este \u015fi aceast\u0103 problem\u0103, a\u015f aminti c\u0103 la \u00eenceputul acestui an \u015fcolar noi avem \u00eenscrise \u00een competi\u0163ii, doar la fotbal, nou\u0103 echipe. \u015ease la nivel na\u0163ional \u015fi trei la nivel jude\u0163ean&#8230; ceea ce \u00eenseamn\u0103 c\u0103 s\u0103pt\u0103m\u00e2nal pleac\u0103 \u00een competi\u0163ii \u00een jur de 250 de elevi iar al\u0163i 300 sunt \u00een preg\u0103tiri. \u015ei noi nu avem un teren propriu, singurul pe care ne antren\u0103m, \u00eempreun\u0103 cu al\u0163i sportivi, dar care nu ne apar\u0163ine, este cel municipal.<\/p>\n\n\n\n<p><em>\u2013 La final, v-a\u015f ruga s\u0103 adresa\u0163i o urare colegilor din sistemul de educa\u0163ie, pentru anul \u015fcolar care tocmai a debutat.<\/em><\/p>\n\n\n\n<p>\u2013 Le doresc tuturor colegilor no\u015ftri s\u0103 aib\u0103 parte \u00een primul r\u00e2nd de s\u0103n\u0103tate, s\u0103 aib\u0103 r\u0103bdare cu to\u0163i cei care alc\u0103tuiesc acest sistem \u2013 elevi, p\u0103rin\u0163i, profesori \u2013 \u015fi s\u0103 \u00ee\u015fi p\u0103streze credin\u0163a c\u0103 va fi mai bine \u00een viitor.<\/p>\n\n\n\n<p><strong><em>A consemnat Gianina BURUIAN\u0102<\/em><\/strong><\/p>\n","protected":false},"excerpt":{"rendered":"<p>\u25cf Interviu cu dl Alexandru-R\u0103zvan Lupu \u2013 Director al Liceului cu Program Sportiv, Piatra-Neam\u0163 \u2013 Domnule director, conduce\u0163i o unitate de \u00eenv\u0103\u0163\u0103m\u00e2nt preuniversitar cu caracteristici total diferite fa\u0163\u0103 de restul liceelor din ora\u015ful nostru. Pentru cititorii revistei \u201eApostolul\u201d, v\u0103 rug\u0103m&hellip;<\/p>\n<p class=\"more-link-p\"><a class=\"more-link\" href=\"http:\/\/www.slineamt.ro\/apostolul\/scoala-nemteana-la-zi\/adeseori-copiii-gasesc-in-sportivi-un-model-de-viata\/\">Read more &rarr;<\/a><\/p>\n","protected":false},"author":1,"featured_media":0,"comment_status":"open","ping_status":"closed","sticky":false,"template":"","format":"standard","meta":{"footnotes":""},"categories":[10,485],"tags":[],"class_list":["post-26118","post","type-post","status-publish","format-standard","hentry","category-scoala-nemteana-la-zi","category-numarul-275"],"_links":{"self":[{"href":"http:\/\/www.slineamt.ro\/apostolul\/wp-json\/wp\/v2\/posts\/26118","targetHints":{"allow":["GET"]}}],"collection":[{"href":"http:\/\/www.slineamt.ro\/apostolul\/wp-json\/wp\/v2\/posts"}],"about":[{"href":"http:\/\/www.slineamt.ro\/apostolul\/wp-json\/wp\/v2\/types\/post"}],"author":[{"embeddable":true,"href":"http:\/\/www.slineamt.ro\/apostolul\/wp-json\/wp\/v2\/users\/1"}],"replies":[{"embeddable":true,"href":"http:\/\/www.slineamt.ro\/apostolul\/wp-json\/wp\/v2\/comments?post=26118"}],"version-history":[{"count":1,"href":"http:\/\/www.slineamt.ro\/apostolul\/wp-json\/wp\/v2\/posts\/26118\/revisions"}],"predecessor-version":[{"id":26124,"href":"http:\/\/www.slineamt.ro\/apostolul\/wp-json\/wp\/v2\/posts\/26118\/revisions\/26124"}],"wp:attachment":[{"href":"http:\/\/www.slineamt.ro\/apostolul\/wp-json\/wp\/v2\/media?parent=26118"}],"wp:term":[{"taxonomy":"category","embeddable":true,"href":"http:\/\/www.slineamt.ro\/apostolul\/wp-json\/wp\/v2\/categories?post=26118"},{"taxonomy":"post_tag","embeddable":true,"href":"http:\/\/www.slineamt.ro\/apostolul\/wp-json\/wp\/v2\/tags?post=26118"}],"curies":[{"name":"wp","href":"https:\/\/api.w.org\/{rel}","templated":true}]}}