{"id":26129,"date":"2024-09-17T08:54:48","date_gmt":"2024-09-17T08:54:48","guid":{"rendered":"http:\/\/www.slineamt.ro\/apostolul\/?p=26129"},"modified":"2024-09-17T08:54:48","modified_gmt":"2024-09-17T08:54:48","slug":"este-administratia-parcului-national-ceahlau-un-mesager-al-educatiei","status":"publish","type":"post","link":"http:\/\/www.slineamt.ro\/apostolul\/scoala-nemteana-la-zi\/este-administratia-parcului-national-ceahlau-un-mesager-al-educatiei\/","title":{"rendered":"Este Administra\u0163ia Parcului Na\u0163ional Ceahl\u0103u un mesager al educa\u0163iei?"},"content":{"rendered":"<div class=\"wp-block-image\">\n<figure class=\"alignleft size-full is-resized\"><a href=\"http:\/\/www.slineamt.ro\/apostolul\/wp-content\/uploads\/2024\/09\/11-ap275-foto1.jpg\"><img loading=\"lazy\" decoding=\"async\" width=\"547\" height=\"365\" src=\"http:\/\/www.slineamt.ro\/apostolul\/wp-content\/uploads\/2024\/09\/11-ap275-foto1.jpg\" alt=\"\" class=\"wp-image-26130\" style=\"width:406px;height:auto\" srcset=\"http:\/\/www.slineamt.ro\/apostolul\/wp-content\/uploads\/2024\/09\/11-ap275-foto1.jpg 547w, http:\/\/www.slineamt.ro\/apostolul\/wp-content\/uploads\/2024\/09\/11-ap275-foto1-300x200.jpg 300w, http:\/\/www.slineamt.ro\/apostolul\/wp-content\/uploads\/2024\/09\/11-ap275-foto1-260x173.jpg 260w, http:\/\/www.slineamt.ro\/apostolul\/wp-content\/uploads\/2024\/09\/11-ap275-foto1-160x107.jpg 160w\" sizes=\"auto, (max-width: 547px) 100vw, 547px\" \/><\/a><\/figure>\n<\/div>\n\n\n<p>\u25cf Interviu dl ing. <em>Adrian CATRINOIU<\/em> \u2013 reprezentant <em>Serviciul de Administrare al Parcului Na\u0163ional Ceahl\u0103u<\/em><\/p>\n\n\n\n<p>Nu \u00eent\u00e2mpl\u0103tor, la sf\u00e2r\u015fitul lunii iulie a acestui an, l-am \u00eent\u00e2lnit pe dl inginer <strong>Adrian Catrinoiu<\/strong> \u00een comuna Ceahl\u0103u, \u00eentr-o tab\u0103r\u0103 de var\u0103 pentru copii. Av\u00e2nd ca responsabilitate <strong>rela\u0163ia cu comunit\u0103\u0163ile locale \u015fi educa\u0163ia ecologic\u0103<\/strong>, fusese invitat de c\u0103tre organizatorii taberei \u2013 parteneri ai <strong>Serviciului de Administrare al Parcului Na\u0163ional Ceahl\u0103u<\/strong> pe care dumnealui \u00eel reprezint\u0103 \u2013 s\u0103 realizeze aici activit\u0103\u0163i educative: prezentarea unor informa\u0163ii de specialitate, jocuri tematice, un tur ghidat pe un traseu montan \u015f. a.<\/p>\n\n\n\n<p>Copiii au fost extrem de \u00eenc\u00e2nta\u0163i, iar p\u0103rin\u0163ii \u015fi cadrele didactice \u015fi-au exprimat interesul real cu privire la acest serviciu \u015fi la implicarea lui \u00een activit\u0103\u0163ile institu\u0163iilor \u015fcolare.<\/p>\n\n\n\n<p>\u00cencerc\u0103m s\u0103 r\u0103spundem acestui interes.<\/p>\n\n\n\n<p>Dup\u0103 c\u00e2teva s\u0103pt\u0103m\u00e2ni, l-am reg\u0103sit pe dl inginer <strong>Adrian Catrinoiu<\/strong> la <strong>Centrul de Vizitare Izvorul Muntelui<\/strong>, drept care a rezultat acest \u00eenterviu pentru cititorii revistei <strong><em>Apostolul<\/em><\/strong>.<\/p>\n\n\n\n<p><em>\u2013 De ce a fost creat\u0103 Administra\u0163ia Parcului Na\u0163ional Ceahl\u0103u \u015fi cu ce se ocup\u0103 \u00een prezent?<\/em><\/p>\n\n\n\n<p>\u2013 \u00cenfiin\u0163area <strong>Serviciului de Administrare al Parcului Na\u0163ional Ceahl\u0103u<\/strong> (S.A.P.N.C.) a venit ca r\u0103spuns la nevoia cresc\u00e2nd\u0103 de a proteja mediul \u00eenconjur\u0103tor, de a limita responsabil influen\u0163a antropic\u0103 \u015fi de a transpune \u00een mod concret ini\u0163iativele la nivelul U.E. de conservare a naturii. Prezen\u0163a \u00een Masivul Ceahl\u0103u a unor valori de patrimoniu na\u0163ional natural peisagistice, floristice \u015fi faunistice a dus la \u00eenfiin\u0163area \u00een anul 2000 a structurii de administrare a PNC sub coordonarea Consiliul Jude\u0163ean Neam\u0163, care a dorit s\u0103 se implice \u00een mod concret \u015fi responsabil \u00een protejarea, conservarea \u015fi promovarea unui simbol na\u0163ional \u2013 Muntele Ceahl\u0103u.<\/p>\n\n\n<div class=\"wp-block-image\">\n<figure class=\"alignright size-full is-resized\"><a href=\"http:\/\/www.slineamt.ro\/apostolul\/wp-content\/uploads\/2024\/09\/11-ap275-foto2.jpg\"><img loading=\"lazy\" decoding=\"async\" width=\"362\" height=\"454\" src=\"http:\/\/www.slineamt.ro\/apostolul\/wp-content\/uploads\/2024\/09\/11-ap275-foto2.jpg\" alt=\"\" class=\"wp-image-26131\" style=\"width:304px;height:auto\" srcset=\"http:\/\/www.slineamt.ro\/apostolul\/wp-content\/uploads\/2024\/09\/11-ap275-foto2.jpg 362w, http:\/\/www.slineamt.ro\/apostolul\/wp-content\/uploads\/2024\/09\/11-ap275-foto2-239x300.jpg 239w, http:\/\/www.slineamt.ro\/apostolul\/wp-content\/uploads\/2024\/09\/11-ap275-foto2-260x326.jpg 260w, http:\/\/www.slineamt.ro\/apostolul\/wp-content\/uploads\/2024\/09\/11-ap275-foto2-160x201.jpg 160w\" sizes=\"auto, (max-width: 362px) 100vw, 362px\" \/><\/a><\/figure>\n<\/div>\n\n\n<p>Astfel, obiectul de activitate al S.A.P.N.C este <strong>administrarea \u015fi conservarea<\/strong> patrimoniului natural constituit din habitate naturale, flor\u0103 \u015fi faun\u0103 s\u0103lbatic\u0103 ce intr\u0103 \u00een componen\u0163a <strong>Parcului Na\u0163ional Ceahl\u0103u<\/strong> \u015fi a altor <strong>arii naturale<\/strong> protejate din jude\u0163ul Neam\u0163, <strong>conservarea \u015fi protec\u0163ia biodiversit\u0103\u0163ii<\/strong> din ecosistemele naturale, <strong>p\u0103strarea tradi\u0163iilor \u015fi obiceiurilor locale<\/strong>, dezvoltarea <strong>ecoturismului<\/strong> \u015fi a altor activit\u0103\u0163i economice care s\u0103 nu afecteze siguran\u0163a \u015fi calitatea habitatelor \u015fi a ecosistemelor naturale.<\/p>\n\n\n\n<p><em>\u2013 Cum convinge\u0163i comunit\u0103\u0163ile s\u0103 accepte ideea de <strong>arie protejat\u0103<\/strong>? Exist\u0103 o strategie pe termen lung?<\/em><\/p>\n\n\n\n<p>\u2013 Acceptarea \u015fi implementarea m\u0103surilor legislative \u00een vigoare presupun un nivel minimal de educa\u0163ie, \u00een r\u00e2ndul cet\u0103\u0163enilor, privind schimb\u0103rile climatice \u015fi mediul. Prin urmare, educa\u0163ia \u015fi preg\u0103tirea adecvat\u0103 cu privire la mediu \u015fi clim\u0103 trebuie s\u0103 se desf\u0103\u015foare la diverse niveluri, \u00eencep\u00e2nd de la v\u00e2rste mici.<\/p>\n\n\n\n<p>La nivelul comunit\u0103\u0163ilor locale \u015fi nu numai, strategia de educa\u0163ie a C.J. Neam\u0163 \u015fi S.A.P.N.C s-a concretizat prin activit\u0103\u0163i pe paliere distincte, \u00een func\u0163ie de destinatarul mesajului educa\u0163ional. Astfel, modalit\u0103\u021bile de comunicare au vizat at\u00e2t <strong>mediul online, mass media<\/strong> c\u00e2t \u015fi <strong>\u00eent\u00e2lnirile directe cu elevi, studen\u0163i, vizitatori, reprezentan\u0163i ai institu\u0163iilor de stat \u015fi ai comunit\u0103\u0163ilor locale<\/strong>. \u00cen mediul online, strategia de comunicare s-a axat pe prezentarea \u015fi popularizarea activit\u0103\u021bilor S.A.P.N.C pe site-ul nostru (www.ceahlaupark.ro), conturile de social media, realizarea de filme de prezentare PNC prin proiecte opera\u0163ionale (POIM \u015fi POS) derulate prin C.J. Neam\u0163, filme \u00eenc\u0103rcate pe contul YouTube al P.N.C.<\/p>\n\n\n\n<p><em>\u2013 Cu to\u0163ii \u2013 cadre didactice, elevi, p\u0103rin\u0163i \u2013 suntem familiariza\u0163i cu Programul <strong>S\u0103pt\u0103m\u00e2na verde<\/strong>. Cum se desf\u0103\u015furau activit\u0103\u0163ile de educa\u0163ie ecologic\u0103\/preven\u0163ie \u00eenainte de apari\u0163ia acestuia?<\/em><\/p>\n\n\n\n<p>\u2013 \u00cenainte de apari\u0163ia HG nr. 59\/2023, care a condus la aprobarea acestui Program na\u0163ional, se derulau acelea\u015fi activit\u0103\u0163i de promovare \u015fi prezentare \u00een \u015fcolile adiacente Parcului Na\u0163ional Ceahl\u0103u precum \u015fi \u00een contextul vizit\u0103rii lui de c\u0103tre clasele de elevi (ghidaj, informare \u015fi educare), cu men\u0163iunea c\u0103 num\u0103rul de elevi cu care S.A.P.N.C. interac\u0163iona era, poate, mai mic.<\/p>\n\n\n\n<p><em>\u2013 Ce dinamic\u0103 au \u00een prezent (dup\u0103 apari\u0163ia HG 59\/2023) activit\u0103\u0163ile educative pe care le desf\u0103\u015fura\u0163i?<\/em><\/p>\n\n\n\n<p>\u2013 Programul na\u0163ional <strong><em>S\u0103pt\u0103m\u00e2na Verde<\/em><\/strong> este binevenit din punctul nostru de vedere. Concret, derularea lui a \u00eensemnat pentru S.A.P.N.C. cre\u015fterea num\u0103rului de \u015fcoli \u015fi de elevi care au accesat infrastructura de vizitare a Parcului Na\u0163ional Ceahl\u0103u, at\u00e2t a Centrului de Vizitare, c\u00e2t \u015fi a traseelor omologate, precum \u015fi oferta educa\u0163ional\u0103 a Parcului \u2013 informare \u015fi con\u015ftientizare, ateliere \u00een natur\u0103, vizionare de materiale educa\u0163ionale \u015fi interac\u0163iuni cu rangerii. Am constatat o extindere la nivel regional, \u015fi m\u0103 refer aici la jude\u0163ele de provenien\u0163\u0103 a elevilor, jude\u0163e, de regul\u0103, limitrofe jude\u0163ului Neam\u0163 (Harghita, Bac\u0103u, Ia\u015fi, Suceava) \u015fi nu numai (Buz\u0103u, Vaslui). Putem spune c\u0103 interesul pentru activitatea PNC \u00een r\u00e2ndul \u015fcolilor este unul crescut, fapt ce ne bucur\u0103.<\/p>\n\n\n\n<p><em>\u2013 Care este infrastructura de vizitare a Parcului Na\u0163ional Ceahl\u0103u? \u00cen ce mod Administra\u0163ia P.N.C. ofer\u0103 sprijin de specialitate turi\u015ftilor, elevilor, studen\u0163ilor?<\/em><\/p>\n\n\n\n<p>\u2013 Infrastructura de vizitare a Parcului Na\u0163ional Ceahl\u0103u cuprinde un Centru de Vizitare localizat \u00een Izvorul Muntelui, \u015fase puncte de informare, 70 de panouri informative, opt trasee turistice omologate, dou\u0103 trasee tematice, un loc de campare, precum \u015fi binecunoscutele <em>Sc\u0103ri de pe Toaca<\/em>, ce \u00eencep s\u0103 devin\u0103 un reper al Muntelui Ceahl\u0103u.<\/p>\n\n\n<div class=\"wp-block-image\">\n<figure class=\"alignleft size-full is-resized\"><a href=\"http:\/\/www.slineamt.ro\/apostolul\/wp-content\/uploads\/2024\/09\/11-ap275-foto3.jpg\"><img loading=\"lazy\" decoding=\"async\" width=\"558\" height=\"381\" src=\"http:\/\/www.slineamt.ro\/apostolul\/wp-content\/uploads\/2024\/09\/11-ap275-foto3.jpg\" alt=\"\" class=\"wp-image-26132\" style=\"width:435px;height:auto\" srcset=\"http:\/\/www.slineamt.ro\/apostolul\/wp-content\/uploads\/2024\/09\/11-ap275-foto3.jpg 558w, http:\/\/www.slineamt.ro\/apostolul\/wp-content\/uploads\/2024\/09\/11-ap275-foto3-300x205.jpg 300w, http:\/\/www.slineamt.ro\/apostolul\/wp-content\/uploads\/2024\/09\/11-ap275-foto3-260x178.jpg 260w, http:\/\/www.slineamt.ro\/apostolul\/wp-content\/uploads\/2024\/09\/11-ap275-foto3-160x109.jpg 160w\" sizes=\"auto, (max-width: 558px) 100vw, 558px\" \/><\/a><\/figure>\n<\/div>\n\n\n<p>\u00cen ceea ce prive\u015fte segmentul cel mai sensibil \u015fi permeabil la problemele de mediu, elevii \u015fi studen\u0163ii, venim \u00een sprijinul activit\u0103\u0163ii de prezentare \u00een cadrul \u015fcolilor at\u00e2t din jude\u021bul Neam\u0163, c\u00e2t \u015fi din alte jude\u0163e, tururi ghidate \u00een aria PNC, tabere tip <em>Junior Ranger<\/em>, precum \u015fi vizite la <em>Centrul de Vizitare<\/em>. Studen\u0163ilor li se ofer\u0103 accesul \u00een rezerva\u0163iile \u015ftiin\u0163ifice \u00een perioada practicii de cercetare.<\/p>\n\n\n\n<p><em>\u2013 Ce proiecte care pot veni \u00een sprijinul activit\u0103\u0163ii cadrelor didactice ave\u0163i \u00een derulare?<\/em><\/p>\n\n\n\n<p>\u2013 Pentru anul 2025 avem \u00een lucru Programul <strong><em>Rangerii Juniori<\/em><\/strong>, proiect derulat cu sprijinul Consiliului Jude\u0163ean Neam\u0163 \u015fi Ministerului Mediului. Lansarea acestui proiect na\u0163ional s-a facut \u00een august 2024 la Centrul de Vizitare al Parcului Na\u0163ional Ceahl\u0103u de c\u0103tre dl Ministru Mircea Fechet, eligibile pentru proiect fiind parcurile na\u0163ionale \u015fi naturale ca solicitan\u0163i, av\u00e2nd ca parteneri unit\u0103\u0163i de \u00eenv\u0103\u0163\u0103m\u00e2nt preuniversitar.<\/p>\n\n\n\n<p>Proiectul <strong><em>Rangerii Juniori<\/em><\/strong> este un program de educa\u0163ie nonformal\u0103 care \u00ee\u015fi propune s\u0103 formeze genera\u0163ii de copii implicate \u00een protec\u0163ia naturii \u015fi care s\u0103 \u00een\u0163eleag\u0103 nevoia cresc\u00e2nd\u0103 de protejare a mediului \u00eenconjur\u0103tor. Proiectul se desf\u0103\u015foar\u0103 \u00een dou\u0103 sesiuni, mai \u015fi septembrie, pe parcursul unui weekend prelungit, finan\u0163area integral\u0103 fiind asigurat\u0103 prin Fondul pentru Mediu.<\/p>\n\n\n\n<p>Alte proiecte \u00een derulare sunt <em>S\u0103pt\u0103m\u00e2na Verde<\/em>, programul Na\u0163ional <em>Let\u2019s Do It<\/em> \u015fi cele legate de <em>Ziua European\u0103 a Parcurilor<\/em> \u0219i <em>Luna P\u0103durii<\/em>, <em>Ziua P\u0103durii<\/em>, <em>Ziua Mediului<\/em>.<\/p>\n\n\n\n<p><em>\u2013 Considera\u0163i c\u0103 parteneriatul Administa\u0163ia Parcului Na\u0163ional Ceahl\u0103u \u2013 I.S.J. Neam\u0163 (institu\u0163iile \u015fcolare) vine \u00een sprijinul activit\u0103\u0163ii dumneavoastr\u0103? \u00cen ce m\u0103sur\u0103?<\/em><\/p>\n\n\n\n<p>\u2013 Categoric da. Crearea unui context favorabil actului educa\u0163ional, asocierea \u00eentre Administra\u0163ie \u015fi unit\u0103\u0163ile de \u00eenv\u0103\u0163\u0103m\u00e2nt pentru realizarea unui obiectiv comun \u2013 educarea \u015fi con\u0219tientizarea elevilor privind mediul \u00eenconjur\u0103tor \u2013 evident, vin \u00een sprijinul activit\u0103\u0163ilor noastre de educare prin facilitarea accesului, acordul cadrelor didactice, stabilirea orarului, programului, tipurilor de activit\u0103\u0163i \u015fi nu numai.<\/p>\n\n\n\n<p><strong><em>A consemnat prof. Ramona-Mihaela RO\u015eU<\/em><\/strong><\/p>\n","protected":false},"excerpt":{"rendered":"<p>\u25cf Interviu dl ing. Adrian CATRINOIU \u2013 reprezentant Serviciul de Administrare al Parcului Na\u0163ional Ceahl\u0103u Nu \u00eent\u00e2mpl\u0103tor, la sf\u00e2r\u015fitul lunii iulie a acestui an, l-am \u00eent\u00e2lnit pe dl inginer Adrian Catrinoiu \u00een comuna Ceahl\u0103u, \u00eentr-o tab\u0103r\u0103 de var\u0103 pentru copii.&hellip;<\/p>\n<p class=\"more-link-p\"><a class=\"more-link\" href=\"http:\/\/www.slineamt.ro\/apostolul\/scoala-nemteana-la-zi\/este-administratia-parcului-national-ceahlau-un-mesager-al-educatiei\/\">Read more &rarr;<\/a><\/p>\n","protected":false},"author":1,"featured_media":0,"comment_status":"open","ping_status":"closed","sticky":false,"template":"","format":"standard","meta":{"footnotes":""},"categories":[10,485],"tags":[],"class_list":["post-26129","post","type-post","status-publish","format-standard","hentry","category-scoala-nemteana-la-zi","category-numarul-275"],"_links":{"self":[{"href":"http:\/\/www.slineamt.ro\/apostolul\/wp-json\/wp\/v2\/posts\/26129","targetHints":{"allow":["GET"]}}],"collection":[{"href":"http:\/\/www.slineamt.ro\/apostolul\/wp-json\/wp\/v2\/posts"}],"about":[{"href":"http:\/\/www.slineamt.ro\/apostolul\/wp-json\/wp\/v2\/types\/post"}],"author":[{"embeddable":true,"href":"http:\/\/www.slineamt.ro\/apostolul\/wp-json\/wp\/v2\/users\/1"}],"replies":[{"embeddable":true,"href":"http:\/\/www.slineamt.ro\/apostolul\/wp-json\/wp\/v2\/comments?post=26129"}],"version-history":[{"count":1,"href":"http:\/\/www.slineamt.ro\/apostolul\/wp-json\/wp\/v2\/posts\/26129\/revisions"}],"predecessor-version":[{"id":26133,"href":"http:\/\/www.slineamt.ro\/apostolul\/wp-json\/wp\/v2\/posts\/26129\/revisions\/26133"}],"wp:attachment":[{"href":"http:\/\/www.slineamt.ro\/apostolul\/wp-json\/wp\/v2\/media?parent=26129"}],"wp:term":[{"taxonomy":"category","embeddable":true,"href":"http:\/\/www.slineamt.ro\/apostolul\/wp-json\/wp\/v2\/categories?post=26129"},{"taxonomy":"post_tag","embeddable":true,"href":"http:\/\/www.slineamt.ro\/apostolul\/wp-json\/wp\/v2\/tags?post=26129"}],"curies":[{"name":"wp","href":"https:\/\/api.w.org\/{rel}","templated":true}]}}